{"id":230938,"date":"2023-09-22T16:32:00","date_gmt":"2023-09-22T21:32:00","guid":{"rendered":"http:\/\/vertienteglobal.com\/?p=230938"},"modified":"2023-09-22T18:18:22","modified_gmt":"2023-09-22T23:18:22","slug":"el-impulso-al-sindicalismo-en-mexico-es-isaias-gonzalez-cuevas-mario-machuca-sanchez","status":"publish","type":"post","link":"http:\/\/vertienteglobal.com\/?p=230938","title":{"rendered":"El impulso al sindicalismo en M\u00e9xico, es Isa\u00edas Gonz\u00e1lez Cuevas: Mario Machuca S\u00e1nchez"},"content":{"rendered":"\n<div class=\"twitterbutton\" style=\"float: right; padding-left: 5px;\"><a href=\"http:\/\/twitter.com\/share\" class=\"twitter-share-button\" data-count=\"horizontal\" data-text=\"El impulso al sindicalismo en M\u00e9xico, es Isa\u00edas Gonz\u00e1lez Cuevas: Mario Machuc...\" data-via=\"https:\/\/twitter.com\/VertienteGloba1\" data-url=\"http:\/\/vertienteglobal.com\/?p=230938\" data-lang=\"es\" data-related=\"Informaci\u00f3n general:S\u00edguenos para que est\u00e9ss informado\"><\/a><\/div>\n<figure class=\"wp-block-image size-full\"><img loading=\"lazy\" decoding=\"async\" width=\"697\" height=\"361\" src=\"http:\/\/vertienteglobal.com\/wp-content\/uploads\/2023\/09\/FB_IMG_1695424601666.jpg\" alt=\"\" class=\"wp-image-230939\" srcset=\"http:\/\/vertienteglobal.com\/wp-content\/uploads\/2023\/09\/FB_IMG_1695424601666.jpg 697w, http:\/\/vertienteglobal.com\/wp-content\/uploads\/2023\/09\/FB_IMG_1695424601666-300x155.jpg 300w, http:\/\/vertienteglobal.com\/wp-content\/uploads\/2023\/09\/FB_IMG_1695424601666-150x78.jpg 150w\" sizes=\"auto, (max-width: 697px) 100vw, 697px\" \/><\/figure>\n\n\n\n<p>(Redacci\u00f3n)<\/p>\n\n\n\n<p>El Secretario General de CROC Canc\u00fan particip\u00f3 en la CXIV Convenci\u00f3n Nacional Ordinaria en la CDMX y reiter\u00f3 la uni\u00f3n y los objetivos claros del l\u00edder nacional<\/p>\n\n\n\n<p>Ciudad de M\u00e9xico, a 22 de septiembre del 2023.-Mario Machuca S\u00e1nchez, secretario General de la Confederaci\u00f3n Revolucionaria de Obreros y Campesinos (CROC) Canc\u00fan, particip\u00f3 en la CXIV Convenci\u00f3n Nacional Ordinaria en la Ciudad de M\u00e9xico, presidida por su l\u00edder, Isa\u00edas Gonz\u00e1lez Cuevas, en donde destac\u00f3 que s\u00ed bien los tiempos han cambiado, el objetivo en el sindicalismo, sigue siendo el mismo, trabajar por los derechos laborales y defender los contratos colectivos.<\/p>\n\n\n\n<p>En un discurso con un objetivo claro y preciso, el secretario General de la CROC Canc\u00fan, record\u00f3 que desde hace m\u00e1s de 114 a\u00f1os que inicio el sindicalismo en la Ciudad de M\u00e9xico, en Chapultepec, este ha venido cambiando, pero gracias al l\u00edder nacional, Isa\u00edas Gonz\u00e1lez, se ha tenido un progreso, una evoluci\u00f3n destinada al \u00e9xito.<\/p>\n\n\n\n<p>\u201cVeo muchos j\u00f3venes, muchas personas que se han ido integrando al equipo y es bueno decirle que hace 114 a\u00f1os que el sindicato nacional naci\u00f3 como una sociedad mutualista, la uni\u00f3n de c\u00f3mo te ayudo, c\u00f3mo me ayudas, c\u00f3mo nos ayudamos (\u2026) dice Henry Ford que llegar juntos, es solo el principio, mantenerse juntos es el progreso, trabajar juntos es el \u00e9xito y con Isa\u00edas Gonz\u00e1lez todos estamos destinados al \u00e9xito\u201d, expres\u00f3.<\/p>\n\n\n\n<p>Adem\u00e1s, record\u00f3 como el sindicalismo en el pa\u00eds, naci\u00f3 por el abuso econ\u00f3mico sobre los trabajadores y hoy no es diferente, son tiempos dif\u00edciles, por los que se tiene que seguir peleando contra el poder econ\u00f3mico, para lograr mejores salarios y mejores prestaciones.<\/p>\n\n\n\n<p>Mario Machuca, en su discurso, tambi\u00e9n acepto que, si bien los tiempos han cambiado, el objetivo sigue siendo el mismo, pero, aun as\u00ed, la CROC se ha ido adecuando a tiempos modernos, gracias al impulso de Isa\u00edas Gonz\u00e1lez Cuevas, quien ha brindado las herramientas para continuar, pero tambi\u00e9n es quien le ha dado la oportunidad y la fuerza moral a la mujer.<\/p>\n\n\n\n<p>\u201cHoy, hablar de salud sindicalmente hablando es hablar de Isa\u00edas Gonz\u00e1lez Cuevas, hablar de Isa\u00edas es hablar de cultural, recreaci\u00f3n y el deporte, dentro de nuestras delegaciones (\u2026) hablar de Isa\u00edas Gonzales es hablar del impulso que tienen las mujeres, \u00a1que vivan las mujeres!\u201d.<\/p>\n\n\n\n<p>Mario Machuca una vez m\u00e1s reitero el compromiso del l\u00edder nacional de salir y defender a la clase trabajadora, tal es as\u00ed que record\u00f3 c\u00f3mo se luch\u00f3 a\u00f1os atr\u00e1s, por dar la cara por los trabajadores de empresas como Cometa, Flecha Amarilla, el hotel Presidentes en 1988, por mencionar algunos.<\/p>\n\n\n\n<p>Tambi\u00e9n, dijo que estas reuniones, mesas de dialogo se deben al l\u00edder nacional de la CROC, sin duda alguna la figura del sindicalismo en M\u00e9xico, quien los ha adecuado a tiempos modernos y es el ejemplo claro de la lucha constante de la clase trabajadora.<\/p>\n\n\n\n<p>\u201cSon tiempos modernos y hablar de Isa\u00edas Gonz\u00e1lez es hablar de un sindicalismo nuevo en estos tiempos (\u2026) he sabido de algunos que se han ido y que pretenden meterse por ah\u00ed en algunos contratos colectivos de nosotros, por eso mi comentario es, lo supimos defender antes y lo vamos a defender hoy; \u00a1el que se mete con un contrato de Donceles 28, se mete con Isa\u00edas Gonz\u00e1lez Cuevas y el que se mete con Isa\u00edas Gonzales Cuevas, se mete con todos nosotros, aqu\u00ed hay unidad en torno a \u00e9l!, expres\u00f3 Mario Machuca.<\/p>\n\n\n\n<figure class=\"wp-block-image size-full\"><img loading=\"lazy\" decoding=\"async\" width=\"722\" height=\"407\" src=\"http:\/\/vertienteglobal.com\/wp-content\/uploads\/2023\/09\/IMG-20230922-WA0188.jpg\" alt=\"\" class=\"wp-image-230940\" srcset=\"http:\/\/vertienteglobal.com\/wp-content\/uploads\/2023\/09\/IMG-20230922-WA0188.jpg 722w, http:\/\/vertienteglobal.com\/wp-content\/uploads\/2023\/09\/IMG-20230922-WA0188-300x169.jpg 300w, http:\/\/vertienteglobal.com\/wp-content\/uploads\/2023\/09\/IMG-20230922-WA0188-150x85.jpg 150w\" sizes=\"auto, (max-width: 722px) 100vw, 722px\" \/><\/figure>\n\n\n\n<figure class=\"wp-block-image size-large\"><img loading=\"lazy\" decoding=\"async\" width=\"1024\" height=\"682\" src=\"http:\/\/vertienteglobal.com\/wp-content\/uploads\/2023\/09\/IMG-20230922-WA0187-1024x682.jpg\" alt=\"\" class=\"wp-image-230941\" srcset=\"http:\/\/vertienteglobal.com\/wp-content\/uploads\/2023\/09\/IMG-20230922-WA0187-1024x682.jpg 1024w, http:\/\/vertienteglobal.com\/wp-content\/uploads\/2023\/09\/IMG-20230922-WA0187-300x200.jpg 300w, http:\/\/vertienteglobal.com\/wp-content\/uploads\/2023\/09\/IMG-20230922-WA0187-150x100.jpg 150w, http:\/\/vertienteglobal.com\/wp-content\/uploads\/2023\/09\/IMG-20230922-WA0187-768x512.jpg 768w, http:\/\/vertienteglobal.com\/wp-content\/uploads\/2023\/09\/IMG-20230922-WA0187.jpg 1280w\" sizes=\"auto, (max-width: 1024px) 100vw, 1024px\" \/><\/figure>\n","protected":false},"excerpt":{"rendered":"<p>(Redacci\u00f3n) El Secretario General de CROC Canc\u00fan particip\u00f3 en la CXIV Convenci\u00f3n Nacional Ordinaria en la CDMX y reiter\u00f3 la uni\u00f3n y los objetivos claros del l\u00edder nacional Ciudad de M\u00e9xico, a 22 de septiembre del 2023.-Mario Machuca S\u00e1nchez, secretario General de la Confederaci\u00f3n Revolucionaria de Obreros y Campesinos (CROC) Canc\u00fan, particip\u00f3 en la CXIV [&hellip;]<\/p>\n","protected":false},"author":1,"featured_media":230939,"comment_status":"open","ping_status":"open","sticky":false,"template":"","format":"standard","meta":{"footnotes":""},"categories":[8,3],"tags":[],"class_list":["post-230938","post","type-post","status-publish","format-standard","has-post-thumbnail","hentry","category-pais","category-quintana-roo","entry","has-media"],"jetpack_featured_media_url":"http:\/\/vertienteglobal.com\/wp-content\/uploads\/2023\/09\/FB_IMG_1695424601666.jpg","_links":{"self":[{"href":"http:\/\/vertienteglobal.com\/index.php?rest_route=\/wp\/v2\/posts\/230938","targetHints":{"allow":["GET"]}}],"collection":[{"href":"http:\/\/vertienteglobal.com\/index.php?rest_route=\/wp\/v2\/posts"}],"about":[{"href":"http:\/\/vertienteglobal.com\/index.php?rest_route=\/wp\/v2\/types\/post"}],"author":[{"embeddable":true,"href":"http:\/\/vertienteglobal.com\/index.php?rest_route=\/wp\/v2\/users\/1"}],"replies":[{"embeddable":true,"href":"http:\/\/vertienteglobal.com\/index.php?rest_route=%2Fwp%2Fv2%2Fcomments&post=230938"}],"version-history":[{"count":0,"href":"http:\/\/vertienteglobal.com\/index.php?rest_route=\/wp\/v2\/posts\/230938\/revisions"}],"wp:featuredmedia":[{"embeddable":true,"href":"http:\/\/vertienteglobal.com\/index.php?rest_route=\/wp\/v2\/media\/230939"}],"wp:attachment":[{"href":"http:\/\/vertienteglobal.com\/index.php?rest_route=%2Fwp%2Fv2%2Fmedia&parent=230938"}],"wp:term":[{"taxonomy":"category","embeddable":true,"href":"http:\/\/vertienteglobal.com\/index.php?rest_route=%2Fwp%2Fv2%2Fcategories&post=230938"},{"taxonomy":"post_tag","embeddable":true,"href":"http:\/\/vertienteglobal.com\/index.php?rest_route=%2Fwp%2Fv2%2Ftags&post=230938"}],"curies":[{"name":"wp","href":"https:\/\/api.w.org\/{rel}","templated":true}]}}