{"id":230894,"date":"2023-09-22T11:19:00","date_gmt":"2023-09-22T16:19:00","guid":{"rendered":"http:\/\/vertienteglobal.com\/?p=230894"},"modified":"2023-09-22T17:45:42","modified_gmt":"2023-09-22T22:45:42","slug":"amlo-asegura-que-acatara-orden-del-ine-sobre-cortinillas-en-mananera","status":"publish","type":"post","link":"http:\/\/vertienteglobal.com\/?p=230894","title":{"rendered":"AMLO asegura que acatar\u00e1 orden del INE sobre cortinillas en ma\u00f1anera"},"content":{"rendered":"\n<div class=\"twitterbutton\" style=\"float: right; padding-left: 5px;\"><a href=\"http:\/\/twitter.com\/share\" class=\"twitter-share-button\" data-count=\"horizontal\" data-text=\"AMLO asegura que acatar\u00e1 orden del INE sobre cortinillas en ma\u00f1anera\" data-via=\"https:\/\/twitter.com\/VertienteGloba1\" data-url=\"http:\/\/vertienteglobal.com\/?p=230894\" data-lang=\"es\" data-related=\"Informaci\u00f3n general:S\u00edguenos para que est\u00e9ss informado\"><\/a><\/div>\n<figure class=\"wp-block-image size-full\"><img loading=\"lazy\" decoding=\"async\" width=\"1024\" height=\"683\" src=\"http:\/\/vertienteglobal.com\/wp-content\/uploads\/2023\/09\/215862.jpg\" alt=\"\" class=\"wp-image-230895\" srcset=\"http:\/\/vertienteglobal.com\/wp-content\/uploads\/2023\/09\/215862.jpg 1024w, http:\/\/vertienteglobal.com\/wp-content\/uploads\/2023\/09\/215862-300x200.jpg 300w, http:\/\/vertienteglobal.com\/wp-content\/uploads\/2023\/09\/215862-150x100.jpg 150w, http:\/\/vertienteglobal.com\/wp-content\/uploads\/2023\/09\/215862-768x512.jpg 768w\" sizes=\"auto, (max-width: 1024px) 100vw, 1024px\" \/><\/figure>\n\n\n\n<p>(Redacci\u00f3n)<\/p>\n\n\n\n<p>AMLO adelant\u00f3 que a\u00f1adir\u00e1 un mensaje adicional que se\u00f1alar\u00e1: \u00abSi est\u00e1n a favor de la corrupci\u00f3n, no vean la conferencia\u00bb<\/p>\n\n\n\n<p>Ciudad de M\u00e9xico 22 de septiembre del 2023.-El presidente de M\u00e9xico, Andr\u00e9s Manuel L\u00f3pez Obrador, anunci\u00f3 que acatar\u00e1 la orden emitida por el Instituto Nacional Electoral (INE) para incluir un mensaje antes de sus conferencias matutinas en el que se mencionen las prohibiciones establecidas en el art\u00edculo 134 de la Constituci\u00f3n para los servidores p\u00fablicos.<\/p>\n\n\n\n<p>Sin embargo, AMLO adelant\u00f3 que a\u00f1adir\u00e1 un mensaje adicional que se\u00f1alar\u00e1: \u00abSi est\u00e1n a favor de la corrupci\u00f3n, no vean la conferencia\u00bb.<\/p>\n\n\n\n<p>El anuncio se produjo durante una conferencia de prensa en la que el presidente AMLO abord\u00f3 el tema de la medida cautelar impuesta por el INE, que busca establecer l\u00edmites claros para los funcionarios p\u00fablicos en el marco de las transmisiones de las ma\u00f1aneras.<\/p>\n\n\n\n<p>El presidente expres\u00f3 su descontento con la medida, argumentando que ya no podr\u00e1 hablar sobre pol\u00edticos como Carlos Salinas de Gortari, Vicente Fox ni el concepto pol\u00edtico conocido como \u00abPRIAN\u00bb (una referencia a los partidos PRI y PAN). L\u00f3pez Obrador ha sido conocido por criticar a figuras pol\u00edticas de administraciones pasadas durante sus conferencias matutinas.<\/p>\n\n\n\n<p>En cuanto a las posibles sanciones que pudiera enfrentar por esta cuesti\u00f3n, el presidente L\u00f3pez Obrador afirm\u00f3: \u00abY la libertad pues, \u00bfd\u00f3nde queda?\u00bb, se\u00f1alando sus preocupaciones sobre la limitaci\u00f3n de su libertad de expresi\u00f3n en el contexto de esta orden del INE.(Fuente: El Universal\/Xeva)<\/p>\n","protected":false},"excerpt":{"rendered":"<p>(Redacci\u00f3n) AMLO adelant\u00f3 que a\u00f1adir\u00e1 un mensaje adicional que se\u00f1alar\u00e1: \u00abSi est\u00e1n a favor de la corrupci\u00f3n, no vean la conferencia\u00bb Ciudad de M\u00e9xico 22 de septiembre del 2023.-El presidente de M\u00e9xico, Andr\u00e9s Manuel L\u00f3pez Obrador, anunci\u00f3 que acatar\u00e1 la orden emitida por el Instituto Nacional Electoral (INE) para incluir un mensaje antes de sus [&hellip;]<\/p>\n","protected":false},"author":1,"featured_media":230895,"comment_status":"open","ping_status":"open","sticky":false,"template":"","format":"standard","meta":{"footnotes":""},"categories":[8],"tags":[],"class_list":["post-230894","post","type-post","status-publish","format-standard","has-post-thumbnail","hentry","category-pais","entry","has-media"],"jetpack_featured_media_url":"http:\/\/vertienteglobal.com\/wp-content\/uploads\/2023\/09\/215862.jpg","_links":{"self":[{"href":"http:\/\/vertienteglobal.com\/index.php?rest_route=\/wp\/v2\/posts\/230894","targetHints":{"allow":["GET"]}}],"collection":[{"href":"http:\/\/vertienteglobal.com\/index.php?rest_route=\/wp\/v2\/posts"}],"about":[{"href":"http:\/\/vertienteglobal.com\/index.php?rest_route=\/wp\/v2\/types\/post"}],"author":[{"embeddable":true,"href":"http:\/\/vertienteglobal.com\/index.php?rest_route=\/wp\/v2\/users\/1"}],"replies":[{"embeddable":true,"href":"http:\/\/vertienteglobal.com\/index.php?rest_route=%2Fwp%2Fv2%2Fcomments&post=230894"}],"version-history":[{"count":0,"href":"http:\/\/vertienteglobal.com\/index.php?rest_route=\/wp\/v2\/posts\/230894\/revisions"}],"wp:featuredmedia":[{"embeddable":true,"href":"http:\/\/vertienteglobal.com\/index.php?rest_route=\/wp\/v2\/media\/230895"}],"wp:attachment":[{"href":"http:\/\/vertienteglobal.com\/index.php?rest_route=%2Fwp%2Fv2%2Fmedia&parent=230894"}],"wp:term":[{"taxonomy":"category","embeddable":true,"href":"http:\/\/vertienteglobal.com\/index.php?rest_route=%2Fwp%2Fv2%2Fcategories&post=230894"},{"taxonomy":"post_tag","embeddable":true,"href":"http:\/\/vertienteglobal.com\/index.php?rest_route=%2Fwp%2Fv2%2Ftags&post=230894"}],"curies":[{"name":"wp","href":"https:\/\/api.w.org\/{rel}","templated":true}]}}