{"id":230867,"date":"2023-09-21T20:21:00","date_gmt":"2023-09-22T01:21:00","guid":{"rendered":"http:\/\/vertienteglobal.com\/?p=230867"},"modified":"2023-09-22T17:08:57","modified_gmt":"2023-09-22T22:08:57","slug":"el-dif-quintana-roo-fortalece-la-promocion-de-valores-y-la-prevencion-de-delitos-a-traves-de-la-feria-de-la-paz","status":"publish","type":"post","link":"http:\/\/vertienteglobal.com\/?p=230867","title":{"rendered":"El DIF Quintana Roo fortalece la promoci\u00f3n de valores y la prevenci\u00f3n de delitos a trav\u00e9s de la Feria de la Paz"},"content":{"rendered":"\n<div class=\"twitterbutton\" style=\"float: right; padding-left: 5px;\"><a href=\"http:\/\/twitter.com\/share\" class=\"twitter-share-button\" data-count=\"horizontal\" data-text=\"El DIF Quintana Roo fortalece la promoci\u00f3n de valores y la prevenci\u00f3n de delit...\" data-via=\"https:\/\/twitter.com\/VertienteGloba1\" data-url=\"http:\/\/vertienteglobal.com\/?p=230867\" data-lang=\"es\" data-related=\"Informaci\u00f3n general:S\u00edguenos para que est\u00e9ss informado\"><\/a><\/div>\n<figure class=\"wp-block-image size-large\"><img loading=\"lazy\" decoding=\"async\" width=\"1024\" height=\"568\" src=\"http:\/\/vertienteglobal.com\/wp-content\/uploads\/2023\/09\/FB_IMG_1695420357035-1024x568.jpg\" alt=\"\" class=\"wp-image-230868\" srcset=\"http:\/\/vertienteglobal.com\/wp-content\/uploads\/2023\/09\/FB_IMG_1695420357035-1024x568.jpg 1024w, http:\/\/vertienteglobal.com\/wp-content\/uploads\/2023\/09\/FB_IMG_1695420357035-300x166.jpg 300w, http:\/\/vertienteglobal.com\/wp-content\/uploads\/2023\/09\/FB_IMG_1695420357035-150x83.jpg 150w, http:\/\/vertienteglobal.com\/wp-content\/uploads\/2023\/09\/FB_IMG_1695420357035-768x426.jpg 768w, http:\/\/vertienteglobal.com\/wp-content\/uploads\/2023\/09\/FB_IMG_1695420357035.jpg 1080w\" sizes=\"auto, (max-width: 1024px) 100vw, 1024px\" \/><\/figure>\n\n\n\n<p>(Redacci\u00f3n)<\/p>\n\n\n\n<p>Entre las actividades llevadas a cabo, la Unidad M\u00e9dica M\u00f3vil brind\u00f3 atenci\u00f3n visual y apoyo con lentes a quienes lo necesitaban<\/p>\n\n\n\n<p>Canc\u00fan, Quintana Roo, 21 de septiembre del 2023.- El Sistema DIF Quintana Roo, que preside Ver\u00f3nica Lezama Espinosa, conmemor\u00f3 el D\u00eda Internacional de la Paz, participando de manera destacada en la Feria de la Paz, que tuvo lugar en Villas Otoch Para\u00edso de Canc\u00fan.<\/p>\n\n\n\n<p>En esta jornada, el Sistema DIF Estatal despleg\u00f3 una serie de actividades con el firme prop\u00f3sito de prevenir delitos y promover valores fundamentales en las familias, tal y como lo indica el Nuevo Acuerdo del Bienestar y Desarrollo de Quintana Roo que impulsa la gobernadora Mara Lezama.<\/p>\n\n\n\n<p>Entre las actividades llevadas a cabo, la Unidad M\u00e9dica M\u00f3vil brind\u00f3 atenci\u00f3n visual y apoyo con lentes a quienes lo necesitaban.<\/p>\n\n\n\n<p>La presidenta del Sistema DIF Quintana Roo, Ver\u00f3nica Lezama Espinosa, destac\u00f3 la relevancia de este evento al expresar: \u201cLa Feria de la Paz representa una oportunidad invaluable para reforzar valores en nuestra sociedad y brindar servicios de salud a quienes m\u00e1s lo requieren\u201d.<\/p>\n\n\n\n<p>Las diversas actividades estuvieron enfocadas en la prevenci\u00f3n y protecci\u00f3n de los derechos de ni\u00f1as, ni\u00f1os y adolescentes, entre ellas, se destacan \u201cLos monstruos de la emoci\u00f3n y los Derechos\u201d y \u201cLa loter\u00eda de los derechos\u201d, ambas destinadas a sensibilizar sobre los derechos fundamentales de los m\u00e1s j\u00f3venes.<\/p>\n\n\n\n<p>Adem\u00e1s, se abordaron tem\u00e1ticas cruciales como la prevenci\u00f3n del acoso escolar, el embarazo en ni\u00f1as y adolescentes, las adicciones y la explotaci\u00f3n sexual infantil y la trata de personas. En palabras de Ver\u00f3nica Lezama Espinosa, \u201cEs vital abordar estas problem\u00e1ticas desde la prevenci\u00f3n y el fortalecimiento de la familia\u201d.<\/p>\n\n\n\n<p>Con esto el Sistema DIF Quintana Roo refuerza su compromiso en la promoci\u00f3n de valores y la prevenci\u00f3n de delitos, demostrando as\u00ed el impulso que brinda al bienestar de la comunidad.<\/p>\n","protected":false},"excerpt":{"rendered":"<p>(Redacci\u00f3n) Entre las actividades llevadas a cabo, la Unidad M\u00e9dica M\u00f3vil brind\u00f3 atenci\u00f3n visual y apoyo con lentes a quienes lo necesitaban Canc\u00fan, Quintana Roo, 21 de septiembre del 2023.- El Sistema DIF Quintana Roo, que preside Ver\u00f3nica Lezama Espinosa, conmemor\u00f3 el D\u00eda Internacional de la Paz, participando de manera destacada en la Feria de [&hellip;]<\/p>\n","protected":false},"author":1,"featured_media":230868,"comment_status":"open","ping_status":"open","sticky":false,"template":"","format":"standard","meta":{"footnotes":""},"categories":[3],"tags":[],"class_list":["post-230867","post","type-post","status-publish","format-standard","has-post-thumbnail","hentry","category-quintana-roo","entry","has-media"],"jetpack_featured_media_url":"http:\/\/vertienteglobal.com\/wp-content\/uploads\/2023\/09\/FB_IMG_1695420357035.jpg","_links":{"self":[{"href":"http:\/\/vertienteglobal.com\/index.php?rest_route=\/wp\/v2\/posts\/230867","targetHints":{"allow":["GET"]}}],"collection":[{"href":"http:\/\/vertienteglobal.com\/index.php?rest_route=\/wp\/v2\/posts"}],"about":[{"href":"http:\/\/vertienteglobal.com\/index.php?rest_route=\/wp\/v2\/types\/post"}],"author":[{"embeddable":true,"href":"http:\/\/vertienteglobal.com\/index.php?rest_route=\/wp\/v2\/users\/1"}],"replies":[{"embeddable":true,"href":"http:\/\/vertienteglobal.com\/index.php?rest_route=%2Fwp%2Fv2%2Fcomments&post=230867"}],"version-history":[{"count":0,"href":"http:\/\/vertienteglobal.com\/index.php?rest_route=\/wp\/v2\/posts\/230867\/revisions"}],"wp:featuredmedia":[{"embeddable":true,"href":"http:\/\/vertienteglobal.com\/index.php?rest_route=\/wp\/v2\/media\/230868"}],"wp:attachment":[{"href":"http:\/\/vertienteglobal.com\/index.php?rest_route=%2Fwp%2Fv2%2Fmedia&parent=230867"}],"wp:term":[{"taxonomy":"category","embeddable":true,"href":"http:\/\/vertienteglobal.com\/index.php?rest_route=%2Fwp%2Fv2%2Fcategories&post=230867"},{"taxonomy":"post_tag","embeddable":true,"href":"http:\/\/vertienteglobal.com\/index.php?rest_route=%2Fwp%2Fv2%2Ftags&post=230867"}],"curies":[{"name":"wp","href":"https:\/\/api.w.org\/{rel}","templated":true}]}}