{"id":230824,"date":"2023-09-20T23:24:00","date_gmt":"2023-09-21T04:24:00","guid":{"rendered":"http:\/\/vertienteglobal.com\/?p=230824"},"modified":"2023-09-21T00:40:35","modified_gmt":"2023-09-21T05:40:35","slug":"estamos-juntos-porque-vamos-a-la-victoria-en-el-2024-claudia-sheinbaum-recibe-constancia-del-pt-como-coordinadora-nacional-de-los-comites-de-defensa-de-la-4t","status":"publish","type":"post","link":"http:\/\/vertienteglobal.com\/?p=230824","title":{"rendered":"\u00bbEstamos juntos porque vamos a la victoria en el 2024\u00bb: Claudia Sheinbaum recibe constancia del PT como Coordinadora Nacional de los Comit\u00e9s de Defensa de la 4T"},"content":{"rendered":"\n<div class=\"twitterbutton\" style=\"float: right; padding-left: 5px;\"><a href=\"http:\/\/twitter.com\/share\" class=\"twitter-share-button\" data-count=\"horizontal\" data-text=\"\u00bbEstamos juntos porque vamos a la victoria en el 2024\u00bb: Claudia Sheinbaum reci...\" data-via=\"https:\/\/twitter.com\/VertienteGloba1\" data-url=\"http:\/\/vertienteglobal.com\/?p=230824\" data-lang=\"es\" data-related=\"Informaci\u00f3n general:S\u00edguenos para que est\u00e9ss informado\"><\/a><\/div>\n<figure class=\"wp-block-image size-full\"><img loading=\"lazy\" decoding=\"async\" width=\"512\" height=\"341\" src=\"http:\/\/vertienteglobal.com\/wp-content\/uploads\/2023\/09\/hl-11514920655.jpeg\" alt=\"\" class=\"wp-image-230825\" srcset=\"http:\/\/vertienteglobal.com\/wp-content\/uploads\/2023\/09\/hl-11514920655.jpeg 512w, http:\/\/vertienteglobal.com\/wp-content\/uploads\/2023\/09\/hl-11514920655-300x200.jpeg 300w, http:\/\/vertienteglobal.com\/wp-content\/uploads\/2023\/09\/hl-11514920655-150x100.jpeg 150w\" sizes=\"auto, (max-width: 512px) 100vw, 512px\" \/><\/figure>\n\n\n\n<p>(Redacci\u00f3n)<\/p>\n\n\n\n<p>Morena, Partido del Trabajo y el Partido Verde Ecologista de M\u00e9xico refrendan alianza para la defensa y construcci\u00f3n del segundo piso de la Cuarta Transformaci\u00f3n<\/p>\n\n\n\n<p>\u00bbNo los voy a traicionar, nunca voy a traicionar a nuestro movimiento, ni al pueblo de M\u00e9xico\u00bb, asever\u00f3<\/p>\n\n\n\n<p>Ciudad de M\u00e9xico a 20 de septiembre de 2023.- Este jueves, Claudia Sheinbaum Pardo recibi\u00f3 de manos de Alberto Anaya Guti\u00e9rrez, dirigente nacional del Partido del Trabajo, el nombramiento oficial como Coordinadora Nacional de los Comit\u00e9s de Defensa de la Cuarta Transformaci\u00f3n, para que sea ella quien lidere los trabajos del siguiente paso de la 4T, pero adem\u00e1s como una muestra de la fortaleza que significa la alianza partidista de las tres fuerzas pol\u00edticas, Morena, PT y PVEM.<\/p>\n\n\n\n<p>\u00bbEsta Cuarta Transformaci\u00f3n de la vida p\u00fablica va a continuar en nuestro pa\u00eds, estamos juntos porque vamos a la victoria en 2024, a la victoria de la presidencia de la Rep\u00fablica, a la victoria de la mayor\u00eda calificada en el senado y la c\u00e1mara de diputados, vamos por las nueve gubernaturas, por las presidencias municipales, por las regidur\u00edas, vamos porque contin\u00fae el proyecto de Transformaci\u00f3n\u00bb, puntualiz\u00f3.<\/p>\n\n\n\n<p>Asever\u00f3 que, el trabajo en equipo de los tres partidos pol\u00edticos significa un movimiento social que debe movilizarse para seguir luchando en conjunto para conquistar conciencias y corazones.<\/p>\n\n\n\n<p>\u00bbEl proyecto de naci\u00f3n que representamos nosotros, es el proyecto de la esperanza, es el proyecto de la alegr\u00eda, es el proyecto de los derechos del pueblo de M\u00e9xico\u00bb, recalc\u00f3.<\/p>\n\n\n\n<p>Asever\u00f3 que, es vital trabajar en unidad para que en la siguiente etapa la 4T se convierta en una fuerza imparable, \u00bbestamos convocando a muchos hombres y mujeres de buena voluntad, a que sean parte de ese movimiento (\u2026) con una condici\u00f3n que est\u00e9n de acuerdo con los principios de la Cuarta Transformaci\u00f3n de la vida p\u00fablica de M\u00e9xico, no robar, no mentir y no traicionar al pueblo\u00bb.<\/p>\n\n\n\n<p>Destac\u00f3 que, lo anterior es vital para lograr que M\u00e9xico y su gente no vuelvan a ser v\u00edctimas de las pr\u00e1cticas del neoliberalismo que tanto da\u00f1o le hizo al pa\u00eds, \u00bbque nunca m\u00e1s regrese la corrupci\u00f3n, que nunca m\u00e1s regresen esos privilegios, que nunca m\u00e1s regresen gobiernos que sirvan a una \u00e9lite y que no sirvan al pueblo de M\u00e9xico\u00bb.<\/p>\n\n\n\n<p>En el recinto donde se escuchaban muestras de apoyo al grito de \u00a1Se ve, se siente, Claudia est\u00e1 presente! y \u00a1PT con Claudia! Anaya Guti\u00e9rrez, tras hacer la entrega del nombramiento a Sheinbaum Pardo, puntualiz\u00f3 la necesidad de continuar con la revoluci\u00f3n pac\u00edfica de la 4T la cual tiene como misi\u00f3n trabajar a favor de los m\u00e1s necesitados del pa\u00eds y la cual ahora ser\u00e1 liderada por una mujer de izquierda.<\/p>\n\n\n\n<p>\u00bbElla indudablemente le va a dar fortaleza a los cambios, los va a consolidar, los va a profundizar y va a permitir que el proceso revolucionario que empez\u00f3 Andr\u00e9s Manuel L\u00f3pez Obrador siga adelante (\u2026) Queremos nosotros que la Doctora Claudia Sheinbaum sea la continuadora de la obra del Andr\u00e9s Manuel L\u00f3pez Obrador.\u00bb<\/p>\n\n\n\n<p>Por su parte, Gerardo Fern\u00e1ndez Noro\u00f1a, coordinador de los voceros y v\u00ednculo con organizaciones sociales y civiles de la Defensa de la 4T, asegur\u00f3 que la oposici\u00f3n carece de oportunidades ante la uni\u00f3n de Morena, PT, PVEM y el pueblo de M\u00e9xico, as\u00ed como frente a las capacidades de Claudia Sheinbaum.<\/p>\n\n\n\n<p>\u00bbEs una mujer de izquierda, es una patriota, es una mujer que ama y est\u00e1 comprometida con el pueblo y es una mujer que estar\u00e1 a la altura de la responsabilidad que le encargaron el pueblo y la patria\u00bb, coment\u00f3.<\/p>\n\n\n\n<p>Asimismo, Mario Delgado, dirigente nacional de Morena, reconoci\u00f3 la labor del Partido del Trabajo a favor de la Transformaci\u00f3n al ser parte del proceso hist\u00f3rico que signific\u00f3 la realizaci\u00f3n de la encuesta en la que Claudia Sheinbaum fue electa Coordinadora Nacional de los Comit\u00e9s de Defensa de la 4T y en la que Gerardo Fern\u00e1ndez Noro\u00f1a se convirti\u00f3 en un ejemplo de liderazgo, unidad y amor al pueblo.<\/p>\n\n\n\n<p>\u00bbTenemos que celebrar y agradecer la destacada participaci\u00f3n de Noro\u00f1a, un guerrero de bronce en este proceso, porque actu\u00f3 siempre anteponiendo el proyecto, actu\u00f3 siempre con principios, se convirti\u00f3 en un gran promotor de la unidad\u00bb, reconoci\u00f3 al celebrar la alianza con el PT y el PVEM.<\/p>\n\n\n\n<p>En este mismo sentido, Karen Castrej\u00f3n, dirigente nacional del Partido Verde Ecologista de M\u00e9xico. resalt\u00f3 que la uni\u00f3n de los tres partidos es sin\u00f3nimo de una alianza ganadera, \u00bbnuestros partidos est\u00e1n llenos de corazones que van latiendo en un gran movimiento para poder continuar con la Cuarta Transformaci\u00f3n\u00bb.<\/p>\n\n\n\n<p>En el evento, la senadora Geovanna Ba\u00f1uelos, destac\u00f3 que, gracias a sus logros y trayectoria, Claudia Sheinbaum es un ejemplo para todas las mujeres, j\u00f3venes y ni\u00f1as del pa\u00eds, \u00bbel partido del trabajo es un partido feminista en los hechos, tenemos la fortuna de coincidir pol\u00edticamente con hombres y mujeres con los que siempre hemos perseguido juntos la igualdad (\u2026) Nuestra lucha que es la de la Cuarta Transformaci\u00f3n de la vida pol\u00edtica, p\u00fablica y social del pa\u00eds ahora tendr\u00e1 rostro de mujer, en 2024 M\u00e9xico har\u00e1 historia, despu\u00e9s de 213 a\u00f1os de vida independiente, por fin llegar\u00e1 una mujer a forjar el destino de nuestra naci\u00f3n\u00bb.<\/p>\n\n\n\n<figure class=\"wp-block-image size-full\"><img loading=\"lazy\" decoding=\"async\" width=\"512\" height=\"341\" src=\"http:\/\/vertienteglobal.com\/wp-content\/uploads\/2023\/09\/hl-11514920657.jpeg\" alt=\"\" class=\"wp-image-230826\" srcset=\"http:\/\/vertienteglobal.com\/wp-content\/uploads\/2023\/09\/hl-11514920657.jpeg 512w, http:\/\/vertienteglobal.com\/wp-content\/uploads\/2023\/09\/hl-11514920657-300x200.jpeg 300w, http:\/\/vertienteglobal.com\/wp-content\/uploads\/2023\/09\/hl-11514920657-150x100.jpeg 150w\" sizes=\"auto, (max-width: 512px) 100vw, 512px\" \/><\/figure>\n\n\n\n<figure class=\"wp-block-image size-full\"><img loading=\"lazy\" decoding=\"async\" width=\"512\" height=\"363\" src=\"http:\/\/vertienteglobal.com\/wp-content\/uploads\/2023\/09\/hl-11514920656.jpeg\" alt=\"\" class=\"wp-image-230827\" srcset=\"http:\/\/vertienteglobal.com\/wp-content\/uploads\/2023\/09\/hl-11514920656.jpeg 512w, http:\/\/vertienteglobal.com\/wp-content\/uploads\/2023\/09\/hl-11514920656-300x213.jpeg 300w, http:\/\/vertienteglobal.com\/wp-content\/uploads\/2023\/09\/hl-11514920656-150x106.jpeg 150w\" sizes=\"auto, (max-width: 512px) 100vw, 512px\" \/><\/figure>\n","protected":false},"excerpt":{"rendered":"<p>(Redacci\u00f3n) Morena, Partido del Trabajo y el Partido Verde Ecologista de M\u00e9xico refrendan alianza para la defensa y construcci\u00f3n del segundo piso de la Cuarta Transformaci\u00f3n \u00bbNo los voy a traicionar, nunca voy a traicionar a nuestro movimiento, ni al pueblo de M\u00e9xico\u00bb, asever\u00f3 Ciudad de M\u00e9xico a 20 de septiembre de 2023.- Este jueves, [&hellip;]<\/p>\n","protected":false},"author":1,"featured_media":230825,"comment_status":"open","ping_status":"open","sticky":false,"template":"","format":"standard","meta":{"footnotes":""},"categories":[8],"tags":[],"class_list":["post-230824","post","type-post","status-publish","format-standard","has-post-thumbnail","hentry","category-pais","entry","has-media"],"jetpack_featured_media_url":"http:\/\/vertienteglobal.com\/wp-content\/uploads\/2023\/09\/hl-11514920655.jpeg","_links":{"self":[{"href":"http:\/\/vertienteglobal.com\/index.php?rest_route=\/wp\/v2\/posts\/230824","targetHints":{"allow":["GET"]}}],"collection":[{"href":"http:\/\/vertienteglobal.com\/index.php?rest_route=\/wp\/v2\/posts"}],"about":[{"href":"http:\/\/vertienteglobal.com\/index.php?rest_route=\/wp\/v2\/types\/post"}],"author":[{"embeddable":true,"href":"http:\/\/vertienteglobal.com\/index.php?rest_route=\/wp\/v2\/users\/1"}],"replies":[{"embeddable":true,"href":"http:\/\/vertienteglobal.com\/index.php?rest_route=%2Fwp%2Fv2%2Fcomments&post=230824"}],"version-history":[{"count":0,"href":"http:\/\/vertienteglobal.com\/index.php?rest_route=\/wp\/v2\/posts\/230824\/revisions"}],"wp:featuredmedia":[{"embeddable":true,"href":"http:\/\/vertienteglobal.com\/index.php?rest_route=\/wp\/v2\/media\/230825"}],"wp:attachment":[{"href":"http:\/\/vertienteglobal.com\/index.php?rest_route=%2Fwp%2Fv2%2Fmedia&parent=230824"}],"wp:term":[{"taxonomy":"category","embeddable":true,"href":"http:\/\/vertienteglobal.com\/index.php?rest_route=%2Fwp%2Fv2%2Fcategories&post=230824"},{"taxonomy":"post_tag","embeddable":true,"href":"http:\/\/vertienteglobal.com\/index.php?rest_route=%2Fwp%2Fv2%2Ftags&post=230824"}],"curies":[{"name":"wp","href":"https:\/\/api.w.org\/{rel}","templated":true}]}}