{"id":230663,"date":"2023-09-19T08:40:00","date_gmt":"2023-09-19T13:40:00","guid":{"rendered":"http:\/\/vertienteglobal.com\/?p=230663"},"modified":"2023-09-19T10:42:28","modified_gmt":"2023-09-19T15:42:28","slug":"izan-bandera-a-media-asta-en-zocalo-de-cdmx-por-victimas-de-sismos","status":"publish","type":"post","link":"http:\/\/vertienteglobal.com\/?p=230663","title":{"rendered":"Izan bandera a media asta en Z\u00f3calo de CDMX por v\u00edctimas de sismos"},"content":{"rendered":"\n<div class=\"twitterbutton\" style=\"float: right; padding-left: 5px;\"><a href=\"http:\/\/twitter.com\/share\" class=\"twitter-share-button\" data-count=\"horizontal\" data-text=\"Izan bandera a media asta en Z\u00f3calo de CDMX por v\u00edctimas de sismos\" data-via=\"https:\/\/twitter.com\/VertienteGloba1\" data-url=\"http:\/\/vertienteglobal.com\/?p=230663\" data-lang=\"es\" data-related=\"Informaci\u00f3n general:S\u00edguenos para que est\u00e9ss informado\"><\/a><\/div>\n<figure class=\"wp-block-image size-full\"><img loading=\"lazy\" decoding=\"async\" width=\"1024\" height=\"683\" src=\"http:\/\/vertienteglobal.com\/wp-content\/uploads\/2023\/09\/215585.jpg\" alt=\"\" class=\"wp-image-230664\" srcset=\"http:\/\/vertienteglobal.com\/wp-content\/uploads\/2023\/09\/215585.jpg 1024w, http:\/\/vertienteglobal.com\/wp-content\/uploads\/2023\/09\/215585-300x200.jpg 300w, http:\/\/vertienteglobal.com\/wp-content\/uploads\/2023\/09\/215585-150x100.jpg 150w, http:\/\/vertienteglobal.com\/wp-content\/uploads\/2023\/09\/215585-768x512.jpg 768w\" sizes=\"auto, (max-width: 1024px) 100vw, 1024px\" \/><\/figure>\n\n\n\n<p>(Redacci\u00f3n)<\/p>\n\n\n\n<p>L\u00f3pez Obrador se sum\u00f3 a esta solemne conmemoraci\u00f3n en la Plaza de la Constituci\u00f3n<\/p>\n\n\n\n<p>Ciudad de M\u00e9xico 19 de septiembre del 2023.-Este 19 de septiembre de 2023, el presidente de M\u00e9xico, Andr\u00e9s Manuel L\u00f3pez Obrador, encabez\u00f3 una ceremonia de izamiento de la Bandera Nacional a media asta en el Z\u00f3calo de la Ciudad de M\u00e9xico, en honor y memoria de las v\u00edctimas de los sismos que sacudieron el pa\u00eds en dos tr\u00e1gicas ocasiones: el sismo de magnitud 8.1 de 1985 y el sismo de magnitud 7.1 de 2017.<\/p>\n\n\n\n<p>Acompa\u00f1ado por destacados funcionarios de su gabinete y el jefe de Gobierno de la Ciudad de M\u00e9xico, Mart\u00ed Batres, el presidente L\u00f3pez Obrador se sum\u00f3 a esta solemne conmemoraci\u00f3n en la Plaza de la Constituci\u00f3n.<\/p>\n\n\n\n<p>La ceremonia tuvo inicio a las 7:15 horas, cuando el mandatario sali\u00f3 de Palacio Nacional junto con los funcionarios, y presenci\u00f3 el izamiento de la Bandera como un gesto de duelo en memoria de las centenares de v\u00edctimas y damnificados que sufrieron en aquellos tr\u00e1gicos d\u00edas.<\/p>\n\n\n\n<p>Durante el acto, la banda de m\u00fasica y el coro de la Secretar\u00eda de la Defensa Nacional (Sedena) interpretaron el \u00abCanto a la Bandera\u00bb. Al finalizar la interpretaci\u00f3n, la banda de guerra del Ej\u00e9rcito realiz\u00f3 el toque militar del silencio, un gesto simb\u00f3lico de respeto y homenaje a todas las personas que perdieron la vida en los sismos.(Fuente: Exc\u00e9lsior\/Xeva)<\/p>\n","protected":false},"excerpt":{"rendered":"<p>(Redacci\u00f3n) L\u00f3pez Obrador se sum\u00f3 a esta solemne conmemoraci\u00f3n en la Plaza de la Constituci\u00f3n Ciudad de M\u00e9xico 19 de septiembre del 2023.-Este 19 de septiembre de 2023, el presidente de M\u00e9xico, Andr\u00e9s Manuel L\u00f3pez Obrador, encabez\u00f3 una ceremonia de izamiento de la Bandera Nacional a media asta en el Z\u00f3calo de la Ciudad de [&hellip;]<\/p>\n","protected":false},"author":1,"featured_media":230664,"comment_status":"open","ping_status":"open","sticky":false,"template":"","format":"standard","meta":{"footnotes":""},"categories":[8],"tags":[],"class_list":["post-230663","post","type-post","status-publish","format-standard","has-post-thumbnail","hentry","category-pais","entry","has-media"],"jetpack_featured_media_url":"http:\/\/vertienteglobal.com\/wp-content\/uploads\/2023\/09\/215585.jpg","_links":{"self":[{"href":"http:\/\/vertienteglobal.com\/index.php?rest_route=\/wp\/v2\/posts\/230663","targetHints":{"allow":["GET"]}}],"collection":[{"href":"http:\/\/vertienteglobal.com\/index.php?rest_route=\/wp\/v2\/posts"}],"about":[{"href":"http:\/\/vertienteglobal.com\/index.php?rest_route=\/wp\/v2\/types\/post"}],"author":[{"embeddable":true,"href":"http:\/\/vertienteglobal.com\/index.php?rest_route=\/wp\/v2\/users\/1"}],"replies":[{"embeddable":true,"href":"http:\/\/vertienteglobal.com\/index.php?rest_route=%2Fwp%2Fv2%2Fcomments&post=230663"}],"version-history":[{"count":0,"href":"http:\/\/vertienteglobal.com\/index.php?rest_route=\/wp\/v2\/posts\/230663\/revisions"}],"wp:featuredmedia":[{"embeddable":true,"href":"http:\/\/vertienteglobal.com\/index.php?rest_route=\/wp\/v2\/media\/230664"}],"wp:attachment":[{"href":"http:\/\/vertienteglobal.com\/index.php?rest_route=%2Fwp%2Fv2%2Fmedia&parent=230663"}],"wp:term":[{"taxonomy":"category","embeddable":true,"href":"http:\/\/vertienteglobal.com\/index.php?rest_route=%2Fwp%2Fv2%2Fcategories&post=230663"},{"taxonomy":"post_tag","embeddable":true,"href":"http:\/\/vertienteglobal.com\/index.php?rest_route=%2Fwp%2Fv2%2Ftags&post=230663"}],"curies":[{"name":"wp","href":"https:\/\/api.w.org\/{rel}","templated":true}]}}