{"id":230631,"date":"2023-09-18T21:24:00","date_gmt":"2023-09-19T02:24:00","guid":{"rendered":"http:\/\/vertienteglobal.com\/?p=230631"},"modified":"2023-09-19T00:29:11","modified_gmt":"2023-09-19T05:29:11","slug":"devuelven-proyectos-el-esplendor-a-la-capital-del-estado-y-zona-maya-anahi-gonzalez","status":"publish","type":"post","link":"http:\/\/vertienteglobal.com\/?p=230631","title":{"rendered":"Devuelven proyectos el esplendor a la capital del estado y zona maya: Anah\u00ed Gonz\u00e1lez"},"content":{"rendered":"\n<div class=\"twitterbutton\" style=\"float: right; padding-left: 5px;\"><a href=\"http:\/\/twitter.com\/share\" class=\"twitter-share-button\" data-count=\"horizontal\" data-text=\"Devuelven proyectos el esplendor a la capital del estado y zona maya: Anah\u00ed Gon...\" data-via=\"https:\/\/twitter.com\/VertienteGloba1\" data-url=\"http:\/\/vertienteglobal.com\/?p=230631\" data-lang=\"es\" data-related=\"Informaci\u00f3n general:S\u00edguenos para que est\u00e9ss informado\"><\/a><\/div>\n<figure class=\"wp-block-image size-large\"><img loading=\"lazy\" decoding=\"async\" width=\"1024\" height=\"682\" src=\"http:\/\/vertienteglobal.com\/wp-content\/uploads\/2023\/09\/FB_IMG_1695101236758-1024x682.jpg\" alt=\"\" class=\"wp-image-230632\" srcset=\"http:\/\/vertienteglobal.com\/wp-content\/uploads\/2023\/09\/FB_IMG_1695101236758-1024x682.jpg 1024w, http:\/\/vertienteglobal.com\/wp-content\/uploads\/2023\/09\/FB_IMG_1695101236758-300x200.jpg 300w, http:\/\/vertienteglobal.com\/wp-content\/uploads\/2023\/09\/FB_IMG_1695101236758-150x100.jpg 150w, http:\/\/vertienteglobal.com\/wp-content\/uploads\/2023\/09\/FB_IMG_1695101236758-768x511.jpg 768w, http:\/\/vertienteglobal.com\/wp-content\/uploads\/2023\/09\/FB_IMG_1695101236758.jpg 1080w\" sizes=\"auto, (max-width: 1024px) 100vw, 1024px\" \/><\/figure>\n\n\n\n<p>(Redacci\u00f3n)<\/p>\n\n\n\n<p>El anuncio de la creaci\u00f3n del Tianguis Comercial Yum Kaax contribuye a la sinergia que se crear\u00e1 en la zona con el boom en desarrollo inmobiliario y el turismo rural, destac\u00f3 la diputada<\/p>\n\n\n\n<p>La fundadora de MORENA resalt\u00f3 el espl\u00e9ndido trabajo que el Gobierno de Quintana Roo realiza de la mano de la Federaci\u00f3n para regresar el protagonismo a esa zona rezagada en a\u00f1os anteriores<\/p>\n\n\n\n<p>Ciudad de M\u00e9xico, 18 de septiembre del 2023.- El auge econ\u00f3mico que tuvo la capital del estado de Quintana Roo hace tres d\u00e9cadas regresar\u00e1 con el enorme impulso que los gobiernos federal y estatal dan a la zona, con una inversi\u00f3n hist\u00f3rica y proyectos de gran envergadura que van muy de la mano con el turismo rural y comunitario.<\/p>\n\n\n\n<p>As\u00ed lo destac\u00f3 la diputada federal Anah\u00ed Gonz\u00e1lez, al ser cuestionada respecto al anuncio que hizo este d\u00eda la Gobernadora Mara Lezama, en la conferencia Ma\u00f1anera, sobre la creaci\u00f3n del proyecto denominado \u201cTianguis Comercial Yum Kaax\u201d, que estar\u00e1 listo en el mes de diciembre en la ciudad de Chetumal.<\/p>\n\n\n\n<p>Coincidi\u00f3 en que esta iniciativa har\u00e1 que regrese el protagonismo a esta zona del Caribe Mexicano, despu\u00e9s de haber estado rezagada por gobiernos anteriores, lo que adem\u00e1s abre un abanico de posibilidades para la poblaci\u00f3n que vive en localidades aleda\u00f1as y que tendr\u00e1n la oportunidad de ofertar sus productos agr\u00edcolas y artesan\u00edas.<\/p>\n\n\n\n<p>La legisladora originaria de Canc\u00fan record\u00f3 que este a\u00f1o en su calidad de Secretaria A de la Comisi\u00f3n de Turismo present\u00f3 una iniciativa que busca promover nuevos destinos en los \u00e1mbitos rural y artesanal, a fin de ampliar el concepto de destino tur\u00edstico a todas las regiones y comunidades del campo en el pa\u00eds, para alcanzar el progreso equilibrado de la oferta tur\u00edstica de M\u00e9xico.<\/p>\n\n\n\n<p>En ese sentido, se\u00f1al\u00f3 que la actual administraci\u00f3n estatal que encabeza Mara Lezama ha entendido a la perfecci\u00f3n la apertura tur\u00edstica y de desarrollo que brindar\u00e1 el Tren Maya a todas estas zonas con tanto potencial \u201cy ahora con el Tianguis Comercial Yum Kaan, as\u00ed como el proyecto ecotur\u00edstico denominado Maya Kaan, ser\u00e1n beneficiados principalmente los habitantes de comunidades apartadas\u201d, apunt\u00f3.<\/p>\n\n\n\n<p>Como impulsora de esa importante propuesta que se alinea al Programa Sectorial de Turismo 2020-2024 y se suma al esp\u00edritu del Gobierno del Presidente Andr\u00e9s Manuel L\u00f3pez Obrador, que redimensiona el derecho social, \u00e9tico y econ\u00f3mico, Anah\u00ed Gonz\u00e1lez se compromete a continuar desde el Congreso de la Uni\u00f3n impulsando iniciativas que son motores de la econom\u00eda.<\/p>\n\n\n\n<p>\u201cAl encontrarnos previos a la aprobaci\u00f3n del proyecto de egresos para el ejercicio fiscal 2024 seguir\u00e9 apoyando a la Federaci\u00f3n y a Quintana Roo, a fin de incentivar el potencial tur\u00edstico de las comunidades rurales para el progreso y bienestar de sus habitantes\u201d, concluy\u00f3.<\/p>\n","protected":false},"excerpt":{"rendered":"<p>(Redacci\u00f3n) El anuncio de la creaci\u00f3n del Tianguis Comercial Yum Kaax contribuye a la sinergia que se crear\u00e1 en la zona con el boom en desarrollo inmobiliario y el turismo rural, destac\u00f3 la diputada La fundadora de MORENA resalt\u00f3 el espl\u00e9ndido trabajo que el Gobierno de Quintana Roo realiza de la mano de la Federaci\u00f3n [&hellip;]<\/p>\n","protected":false},"author":1,"featured_media":230632,"comment_status":"open","ping_status":"open","sticky":false,"template":"","format":"standard","meta":{"footnotes":""},"categories":[8,3],"tags":[],"class_list":["post-230631","post","type-post","status-publish","format-standard","has-post-thumbnail","hentry","category-pais","category-quintana-roo","entry","has-media"],"jetpack_featured_media_url":"http:\/\/vertienteglobal.com\/wp-content\/uploads\/2023\/09\/FB_IMG_1695101236758.jpg","_links":{"self":[{"href":"http:\/\/vertienteglobal.com\/index.php?rest_route=\/wp\/v2\/posts\/230631","targetHints":{"allow":["GET"]}}],"collection":[{"href":"http:\/\/vertienteglobal.com\/index.php?rest_route=\/wp\/v2\/posts"}],"about":[{"href":"http:\/\/vertienteglobal.com\/index.php?rest_route=\/wp\/v2\/types\/post"}],"author":[{"embeddable":true,"href":"http:\/\/vertienteglobal.com\/index.php?rest_route=\/wp\/v2\/users\/1"}],"replies":[{"embeddable":true,"href":"http:\/\/vertienteglobal.com\/index.php?rest_route=%2Fwp%2Fv2%2Fcomments&post=230631"}],"version-history":[{"count":0,"href":"http:\/\/vertienteglobal.com\/index.php?rest_route=\/wp\/v2\/posts\/230631\/revisions"}],"wp:featuredmedia":[{"embeddable":true,"href":"http:\/\/vertienteglobal.com\/index.php?rest_route=\/wp\/v2\/media\/230632"}],"wp:attachment":[{"href":"http:\/\/vertienteglobal.com\/index.php?rest_route=%2Fwp%2Fv2%2Fmedia&parent=230631"}],"wp:term":[{"taxonomy":"category","embeddable":true,"href":"http:\/\/vertienteglobal.com\/index.php?rest_route=%2Fwp%2Fv2%2Fcategories&post=230631"},{"taxonomy":"post_tag","embeddable":true,"href":"http:\/\/vertienteglobal.com\/index.php?rest_route=%2Fwp%2Fv2%2Ftags&post=230631"}],"curies":[{"name":"wp","href":"https:\/\/api.w.org\/{rel}","templated":true}]}}