{"id":230580,"date":"2023-09-18T13:50:00","date_gmt":"2023-09-18T18:50:00","guid":{"rendered":"http:\/\/vertienteglobal.com\/?p=230580"},"modified":"2023-09-18T20:44:38","modified_gmt":"2023-09-19T01:44:38","slug":"xcaret-y-hotel-xcaret-arte-fueron-galardonados-en-los-world-travel-awards-2023","status":"publish","type":"post","link":"http:\/\/vertienteglobal.com\/?p=230580","title":{"rendered":"Xcaret y Hotel Xcaret Arte fueron galardonados en los World Travel Awards 2023"},"content":{"rendered":"\n<div class=\"twitterbutton\" style=\"float: right; padding-left: 5px;\"><a href=\"http:\/\/twitter.com\/share\" class=\"twitter-share-button\" data-count=\"horizontal\" data-text=\"Xcaret y Hotel Xcaret Arte fueron galardonados en los World Travel Awards 2023\" data-via=\"https:\/\/twitter.com\/VertienteGloba1\" data-url=\"http:\/\/vertienteglobal.com\/?p=230580\" data-lang=\"es\" data-related=\"Informaci\u00f3n general:S\u00edguenos para que est\u00e9ss informado\"><\/a><\/div>\n<figure class=\"wp-block-image size-large\"><img loading=\"lazy\" decoding=\"async\" width=\"1024\" height=\"595\" src=\"http:\/\/vertienteglobal.com\/wp-content\/uploads\/2023\/09\/FB_IMG_1695067924253-1024x595.jpg\" alt=\"\" class=\"wp-image-230581\" srcset=\"http:\/\/vertienteglobal.com\/wp-content\/uploads\/2023\/09\/FB_IMG_1695067924253-1024x595.jpg 1024w, http:\/\/vertienteglobal.com\/wp-content\/uploads\/2023\/09\/FB_IMG_1695067924253-300x174.jpg 300w, http:\/\/vertienteglobal.com\/wp-content\/uploads\/2023\/09\/FB_IMG_1695067924253-150x87.jpg 150w, http:\/\/vertienteglobal.com\/wp-content\/uploads\/2023\/09\/FB_IMG_1695067924253-768x447.jpg 768w, http:\/\/vertienteglobal.com\/wp-content\/uploads\/2023\/09\/FB_IMG_1695067924253.jpg 1080w\" sizes=\"auto, (max-width: 1024px) 100vw, 1024px\" \/><\/figure>\n\n\n\n<p>(Redacci\u00f3n)<\/p>\n\n\n\n<p>Recibe en promedio un mill\u00f3n de personas al a\u00f1o, y se ha convertido en el \u00edcono de los parques naturales en M\u00e9xico y el mundo<\/p>\n\n\n\n<p>Xcaret, Quintana Roo, 18 de septiembre de 2023. Xcaret fue reconocido por segundo a\u00f1o consecutivo como \u201cOperador tur\u00edstico de aventura l\u00edder en M\u00e9xico\u201d, mientras que Hotel Xcaret Arte conquist\u00f3 el premio \u201cHotel L\u00edder de M\u00e9xico\u201d en los World Travel Awards 2023. Estos galardones conocidos como \u201clos \u00d3scars\u201d del turismo, reconocen, recompensan y celebran la excelencia en todos los sectores clave de las industrias de viajes y hoteler\u00eda.<\/p>\n\n\n\n<p>Parque Xcaret es una celebraci\u00f3n al presente y a la vasta historia de M\u00e9xico, a la vez de un homenaje a sus tradiciones y cultura, lo que le ha permitido mantenerse como l\u00edder de la industria en el pa\u00eds y como el mayor proveedor de experiencias de la Riviera Maya.<\/p>\n\n\n\n<p>Recibe en promedio un mill\u00f3n de personas al a\u00f1o, y se ha convertido en el \u00edcono de los parques naturales en M\u00e9xico y el mundo.<\/p>\n\n\n\n<p>Este parque, el primero en formar parte del proyecto de destino Xcaret, ha sido reconocido a lo largo de los a\u00f1os gracias a las actividades \u00fanicas que ofrece en medio de la selva, invitando a sus visitantes a vivir e interiorizar la cultura mexicana en un ambiente natural, sostenible y responsable con su entorno, adem\u00e1s de ser la \u00fanica empresa en el mundo con un R\u00e9cord Mundial Guiness por el cuidado de una especie en peligro de extinci\u00f3n: la Guacamaya Roja.<\/p>\n\n\n\n<p>Por su parte, desde su fundaci\u00f3n hace casi tres, Hotel Xcaret Arte se ha caracterizado por ser un hotel constantemente reconocido y premiado en la industria, al promover un estilo de vida sostenible a trav\u00e9s de una innovadora experiencia hotelera mediante el concepto All-Fun Inclusive\u00ae.<\/p>\n\n\n\n<p>Hotel Xcaret Arte invita a sus hu\u00e9spedes a sentir y hacer una introspecci\u00f3n consigo mismos a trav\u00e9s de su arquitectura ecointegradora, gastronom\u00eda y el enaltecimiento de diferentes disciplinas y expresiones art\u00edsticas a trav\u00e9s de su Programa de Fomento a las Artes.<\/p>\n\n\n\n<p>\u201cSer reconocidos por World Travel Awards nos motiva a refrendar nuestro compromiso con la excelencia en todo sentido, siempre buscando compartir nuestro gran amor por M\u00e9xico. La excelencia con nuestros colaboradores, que son ellos quienes nos permiten crecer la experiencia que brindamos a nuestros clientes d\u00eda a d\u00eda. La excelencia con nuestros visitantes, para hacerlos sentir como en casa a trav\u00e9s de nuestro modelo All Fun Inclusive. Y la excelencia con nuestras comunidades vecinas, que nos comparten sus tradiciones y productos artesanales con gran orgullo\u201d, se\u00f1al\u00f3 Lizeth \u00c1lvarez, Direcci\u00f3n Ejecutiva Comercial de Grupo Xcaret.<\/p>\n\n\n\n<figure class=\"wp-block-image size-large\"><img loading=\"lazy\" decoding=\"async\" width=\"1024\" height=\"767\" src=\"http:\/\/vertienteglobal.com\/wp-content\/uploads\/2023\/09\/FB_IMG_1695067926592-1024x767.jpg\" alt=\"\" class=\"wp-image-230582\" srcset=\"http:\/\/vertienteglobal.com\/wp-content\/uploads\/2023\/09\/FB_IMG_1695067926592-1024x767.jpg 1024w, http:\/\/vertienteglobal.com\/wp-content\/uploads\/2023\/09\/FB_IMG_1695067926592-300x225.jpg 300w, http:\/\/vertienteglobal.com\/wp-content\/uploads\/2023\/09\/FB_IMG_1695067926592-150x112.jpg 150w, http:\/\/vertienteglobal.com\/wp-content\/uploads\/2023\/09\/FB_IMG_1695067926592-768x575.jpg 768w, http:\/\/vertienteglobal.com\/wp-content\/uploads\/2023\/09\/FB_IMG_1695067926592.jpg 1080w\" sizes=\"auto, (max-width: 1024px) 100vw, 1024px\" \/><\/figure>\n\n\n\n<figure class=\"wp-block-image size-full\"><img loading=\"lazy\" decoding=\"async\" width=\"768\" height=\"478\" src=\"http:\/\/vertienteglobal.com\/wp-content\/uploads\/2023\/09\/FB_IMG_1695067929362.jpg\" alt=\"\" class=\"wp-image-230583\" srcset=\"http:\/\/vertienteglobal.com\/wp-content\/uploads\/2023\/09\/FB_IMG_1695067929362.jpg 768w, http:\/\/vertienteglobal.com\/wp-content\/uploads\/2023\/09\/FB_IMG_1695067929362-300x187.jpg 300w, http:\/\/vertienteglobal.com\/wp-content\/uploads\/2023\/09\/FB_IMG_1695067929362-150x93.jpg 150w\" sizes=\"auto, (max-width: 768px) 100vw, 768px\" \/><\/figure>\n\n\n\n<figure class=\"wp-block-image size-large\"><img loading=\"lazy\" decoding=\"async\" width=\"1024\" height=\"683\" src=\"http:\/\/vertienteglobal.com\/wp-content\/uploads\/2023\/09\/WORLD-TRAVEL-AWARDS-4-1024x683.jpeg\" alt=\"\" class=\"wp-image-230584\" srcset=\"http:\/\/vertienteglobal.com\/wp-content\/uploads\/2023\/09\/WORLD-TRAVEL-AWARDS-4-1024x683.jpeg 1024w, http:\/\/vertienteglobal.com\/wp-content\/uploads\/2023\/09\/WORLD-TRAVEL-AWARDS-4-300x200.jpeg 300w, http:\/\/vertienteglobal.com\/wp-content\/uploads\/2023\/09\/WORLD-TRAVEL-AWARDS-4-150x100.jpeg 150w, http:\/\/vertienteglobal.com\/wp-content\/uploads\/2023\/09\/WORLD-TRAVEL-AWARDS-4-768x512.jpeg 768w, http:\/\/vertienteglobal.com\/wp-content\/uploads\/2023\/09\/WORLD-TRAVEL-AWARDS-4-1536x1024.jpeg 1536w, http:\/\/vertienteglobal.com\/wp-content\/uploads\/2023\/09\/WORLD-TRAVEL-AWARDS-4-2048x1366.jpeg 2048w\" sizes=\"auto, (max-width: 1024px) 100vw, 1024px\" \/><\/figure>\n\n\n\n<figure class=\"wp-block-image size-large\"><img loading=\"lazy\" decoding=\"async\" width=\"1024\" height=\"683\" src=\"http:\/\/vertienteglobal.com\/wp-content\/uploads\/2023\/09\/WORLD-TRAVEL-AWARDS-5-1024x683.jpeg\" alt=\"\" class=\"wp-image-230585\" srcset=\"http:\/\/vertienteglobal.com\/wp-content\/uploads\/2023\/09\/WORLD-TRAVEL-AWARDS-5-1024x683.jpeg 1024w, http:\/\/vertienteglobal.com\/wp-content\/uploads\/2023\/09\/WORLD-TRAVEL-AWARDS-5-300x200.jpeg 300w, http:\/\/vertienteglobal.com\/wp-content\/uploads\/2023\/09\/WORLD-TRAVEL-AWARDS-5-150x100.jpeg 150w, http:\/\/vertienteglobal.com\/wp-content\/uploads\/2023\/09\/WORLD-TRAVEL-AWARDS-5-768x512.jpeg 768w, http:\/\/vertienteglobal.com\/wp-content\/uploads\/2023\/09\/WORLD-TRAVEL-AWARDS-5-1536x1024.jpeg 1536w, http:\/\/vertienteglobal.com\/wp-content\/uploads\/2023\/09\/WORLD-TRAVEL-AWARDS-5-2048x1366.jpeg 2048w\" sizes=\"auto, (max-width: 1024px) 100vw, 1024px\" \/><\/figure>\n","protected":false},"excerpt":{"rendered":"<p>(Redacci\u00f3n) Recibe en promedio un mill\u00f3n de personas al a\u00f1o, y se ha convertido en el \u00edcono de los parques naturales en M\u00e9xico y el mundo Xcaret, Quintana Roo, 18 de septiembre de 2023. Xcaret fue reconocido por segundo a\u00f1o consecutivo como \u201cOperador tur\u00edstico de aventura l\u00edder en M\u00e9xico\u201d, mientras que Hotel Xcaret Arte conquist\u00f3 [&hellip;]<\/p>\n","protected":false},"author":1,"featured_media":230581,"comment_status":"open","ping_status":"open","sticky":false,"template":"","format":"standard","meta":{"footnotes":""},"categories":[3],"tags":[],"class_list":["post-230580","post","type-post","status-publish","format-standard","has-post-thumbnail","hentry","category-quintana-roo","entry","has-media"],"jetpack_featured_media_url":"http:\/\/vertienteglobal.com\/wp-content\/uploads\/2023\/09\/FB_IMG_1695067924253.jpg","_links":{"self":[{"href":"http:\/\/vertienteglobal.com\/index.php?rest_route=\/wp\/v2\/posts\/230580","targetHints":{"allow":["GET"]}}],"collection":[{"href":"http:\/\/vertienteglobal.com\/index.php?rest_route=\/wp\/v2\/posts"}],"about":[{"href":"http:\/\/vertienteglobal.com\/index.php?rest_route=\/wp\/v2\/types\/post"}],"author":[{"embeddable":true,"href":"http:\/\/vertienteglobal.com\/index.php?rest_route=\/wp\/v2\/users\/1"}],"replies":[{"embeddable":true,"href":"http:\/\/vertienteglobal.com\/index.php?rest_route=%2Fwp%2Fv2%2Fcomments&post=230580"}],"version-history":[{"count":0,"href":"http:\/\/vertienteglobal.com\/index.php?rest_route=\/wp\/v2\/posts\/230580\/revisions"}],"wp:featuredmedia":[{"embeddable":true,"href":"http:\/\/vertienteglobal.com\/index.php?rest_route=\/wp\/v2\/media\/230581"}],"wp:attachment":[{"href":"http:\/\/vertienteglobal.com\/index.php?rest_route=%2Fwp%2Fv2%2Fmedia&parent=230580"}],"wp:term":[{"taxonomy":"category","embeddable":true,"href":"http:\/\/vertienteglobal.com\/index.php?rest_route=%2Fwp%2Fv2%2Fcategories&post=230580"},{"taxonomy":"post_tag","embeddable":true,"href":"http:\/\/vertienteglobal.com\/index.php?rest_route=%2Fwp%2Fv2%2Ftags&post=230580"}],"curies":[{"name":"wp","href":"https:\/\/api.w.org\/{rel}","templated":true}]}}