{"id":230468,"date":"2023-09-16T10:51:00","date_gmt":"2023-09-16T15:51:00","guid":{"rendered":"http:\/\/vertienteglobal.com\/?p=230468"},"modified":"2023-09-16T14:04:54","modified_gmt":"2023-09-16T19:04:54","slug":"lanza-cojudeq-convocatoria-para-el-premio-estatal-del-deporte-2023","status":"publish","type":"post","link":"http:\/\/vertienteglobal.com\/?p=230468","title":{"rendered":"Lanza COJUDEQ convocatoria para el Premio Estatal del Deporte 2023"},"content":{"rendered":"\n<div class=\"twitterbutton\" style=\"float: right; padding-left: 5px;\"><a href=\"http:\/\/twitter.com\/share\" class=\"twitter-share-button\" data-count=\"horizontal\" data-text=\"Lanza COJUDEQ convocatoria para el Premio Estatal del Deporte 2023\" data-via=\"https:\/\/twitter.com\/VertienteGloba1\" data-url=\"http:\/\/vertienteglobal.com\/?p=230468\" data-lang=\"es\" data-related=\"Informaci\u00f3n general:S\u00edguenos para que est\u00e9ss informado\"><\/a><\/div>\n<figure class=\"wp-block-image size-large\"><img loading=\"lazy\" decoding=\"async\" width=\"1024\" height=\"1024\" src=\"http:\/\/vertienteglobal.com\/wp-content\/uploads\/2023\/09\/Cojudeq-01-1024x1024.jpg\" alt=\"\" class=\"wp-image-230469\" srcset=\"http:\/\/vertienteglobal.com\/wp-content\/uploads\/2023\/09\/Cojudeq-01-1024x1024.jpg 1024w, http:\/\/vertienteglobal.com\/wp-content\/uploads\/2023\/09\/Cojudeq-01-300x300.jpg 300w, http:\/\/vertienteglobal.com\/wp-content\/uploads\/2023\/09\/Cojudeq-01-150x150.jpg 150w, http:\/\/vertienteglobal.com\/wp-content\/uploads\/2023\/09\/Cojudeq-01-768x768.jpg 768w, http:\/\/vertienteglobal.com\/wp-content\/uploads\/2023\/09\/Cojudeq-01-1536x1536.jpg 1536w, http:\/\/vertienteglobal.com\/wp-content\/uploads\/2023\/09\/Cojudeq-01.jpg 1600w\" sizes=\"auto, (max-width: 1024px) 100vw, 1024px\" \/><\/figure>\n\n\n\n<p>(Redacci\u00f3n)<\/p>\n\n\n\n<p>Se elegir\u00e1n en tres modalidades que son deportista, entrenador y fomento, protecci\u00f3n o impulso a la pr\u00e1ctica de los deportes<\/p>\n\n\n\n<p>Chetumal, Quintana Roo 16 de septiembre del 2023.- La Comisi\u00f3n para la Juventud y el Deporte de Quintana Roo (COJUDEQ) lanz\u00f3 la convocatoria para la elecci\u00f3n del \u201cPremio Estatal del Deporte 2023\u201d, en las modalidades \u201cDeportista\u201d, \u201cEntrenador\u201d y \u201cFomento, protecci\u00f3n o impulso a la practica de los deportes\u201d, que se elegir\u00e1n el pr\u00f3ximo 20 de octubre y posteriormente ser\u00e1n reconocidos el 20 de noviembre en una ceremonia que encabezar\u00e1 la gobernadora Mara Lezama Espinosa.<\/p>\n\n\n\n<p>\u201cEn esta fiesta deportiva nadie se puede quedar atr\u00e1s, por eso los invitamos a que revisen y descarguen la convocatoria a trav\u00e9s de la p\u00e1gina https:\/\/qroo.gob.mx\/cojudeq\/convocatorias\/, estamos buscando a lo mejor del deporte en nuestro estado del 2023\u201d, resalt\u00f3 el Eric Arcila Arjona, presidente de la COJUDEQ.<\/p>\n\n\n\n<p>A\u00f1adi\u00f3: Seguimos trabajando #ANivelDeCancha y en esta ocasi\u00f3n queremos reconocer el esfuerzo y los logros de nuestras y nuestros atletas de Quintana Roo, tal como lo estipula el Nuevo Acuerdo por el Bienestar y Desarrollo, que prioriza apoyar e impulsar al talento deportivo de la entidad.<\/p>\n\n\n\n<p>Eric Arcila record\u00f3 que las modalidades contempladas son tanto para deporte convencional como para adaptado, adem\u00e1s de que se podr\u00e1 reconocer hasta cinco galardonados y se tiene previsto un premio que consiste en una bolsa econ\u00f3mica de 110 mil pesos, adem\u00e1s de que se los otorgar\u00e1 una medalla conmemorativa.<\/p>\n\n\n\n<p>Tambi\u00e9n se inform\u00f3 que las y los candidatos al premio deber\u00e1n entregar su documentaci\u00f3n completa de manera f\u00edsica y digital (en memoria USB) en las oficinas de la COJUDEQ, ubicadas en Calzada Veracruz n\u00famero 59 en la colonia Barrio Bravo, Chetumal, en un horario de 9:00 a 17:00 horas o a trav\u00e9s del correo institucional becas.cojudeq@qroo.gob.mx.<\/p>\n\n\n\n<p>La fecha l\u00edmite para la presentaci\u00f3n de las candidaturas es el 15 de octubre de 2023 y es importante resaltar que para la elecci\u00f3n del o los premiados se analizar\u00e1 la relevancia y trayectoria de los resultados obtenidos durante el periodo del 11 de octubre del 2022 al 15 de octubre de 2023 a nivel estatal, nacional e internacional.<\/p>\n\n\n\n<p>Finalmente, se inform\u00f3 que la elecci\u00f3n del ganador o ganadores se realizar\u00e1 el 20 de octubre, contando con la participaci\u00f3n de un jurado integrado por 10 personas de prestigio en el \u00e1mbito deportivo; mientras que la entrega del premio se realizar\u00e1 en el marco de las festividades del Aniversario de la Revoluci\u00f3n Mexicana en noviembre pr\u00f3ximo.<\/p>\n\n\n\n<figure class=\"wp-block-image size-full\"><img loading=\"lazy\" decoding=\"async\" width=\"585\" height=\"390\" src=\"http:\/\/vertienteglobal.com\/wp-content\/uploads\/2023\/09\/Cojudeq-04-585x390-1.jpg\" alt=\"\" class=\"wp-image-230470\" srcset=\"http:\/\/vertienteglobal.com\/wp-content\/uploads\/2023\/09\/Cojudeq-04-585x390-1.jpg 585w, http:\/\/vertienteglobal.com\/wp-content\/uploads\/2023\/09\/Cojudeq-04-585x390-1-300x200.jpg 300w, http:\/\/vertienteglobal.com\/wp-content\/uploads\/2023\/09\/Cojudeq-04-585x390-1-150x100.jpg 150w\" sizes=\"auto, (max-width: 585px) 100vw, 585px\" \/><\/figure>\n\n\n\n<figure class=\"wp-block-image size-full\"><img loading=\"lazy\" decoding=\"async\" width=\"585\" height=\"407\" src=\"http:\/\/vertienteglobal.com\/wp-content\/uploads\/2023\/09\/Cojudeq-03-585x407-1.jpg\" alt=\"\" class=\"wp-image-230471\" srcset=\"http:\/\/vertienteglobal.com\/wp-content\/uploads\/2023\/09\/Cojudeq-03-585x407-1.jpg 585w, http:\/\/vertienteglobal.com\/wp-content\/uploads\/2023\/09\/Cojudeq-03-585x407-1-300x209.jpg 300w, http:\/\/vertienteglobal.com\/wp-content\/uploads\/2023\/09\/Cojudeq-03-585x407-1-150x104.jpg 150w\" sizes=\"auto, (max-width: 585px) 100vw, 585px\" \/><\/figure>\n\n\n\n<figure class=\"wp-block-image size-full\"><img loading=\"lazy\" decoding=\"async\" width=\"585\" height=\"344\" src=\"http:\/\/vertienteglobal.com\/wp-content\/uploads\/2023\/09\/Cojudeq-02-585x344-1.jpg\" alt=\"\" class=\"wp-image-230472\" srcset=\"http:\/\/vertienteglobal.com\/wp-content\/uploads\/2023\/09\/Cojudeq-02-585x344-1.jpg 585w, http:\/\/vertienteglobal.com\/wp-content\/uploads\/2023\/09\/Cojudeq-02-585x344-1-300x176.jpg 300w, http:\/\/vertienteglobal.com\/wp-content\/uploads\/2023\/09\/Cojudeq-02-585x344-1-150x88.jpg 150w\" sizes=\"auto, (max-width: 585px) 100vw, 585px\" \/><\/figure>\n","protected":false},"excerpt":{"rendered":"<p>(Redacci\u00f3n) Se elegir\u00e1n en tres modalidades que son deportista, entrenador y fomento, protecci\u00f3n o impulso a la pr\u00e1ctica de los deportes Chetumal, Quintana Roo 16 de septiembre del 2023.- La Comisi\u00f3n para la Juventud y el Deporte de Quintana Roo (COJUDEQ) lanz\u00f3 la convocatoria para la elecci\u00f3n del \u201cPremio Estatal del Deporte 2023\u201d, en las [&hellip;]<\/p>\n","protected":false},"author":1,"featured_media":230472,"comment_status":"open","ping_status":"open","sticky":false,"template":"","format":"standard","meta":{"footnotes":""},"categories":[11,3],"tags":[],"class_list":["post-230468","post","type-post","status-publish","format-standard","has-post-thumbnail","hentry","category-deportes","category-quintana-roo","entry","has-media"],"jetpack_featured_media_url":"http:\/\/vertienteglobal.com\/wp-content\/uploads\/2023\/09\/Cojudeq-02-585x344-1.jpg","_links":{"self":[{"href":"http:\/\/vertienteglobal.com\/index.php?rest_route=\/wp\/v2\/posts\/230468","targetHints":{"allow":["GET"]}}],"collection":[{"href":"http:\/\/vertienteglobal.com\/index.php?rest_route=\/wp\/v2\/posts"}],"about":[{"href":"http:\/\/vertienteglobal.com\/index.php?rest_route=\/wp\/v2\/types\/post"}],"author":[{"embeddable":true,"href":"http:\/\/vertienteglobal.com\/index.php?rest_route=\/wp\/v2\/users\/1"}],"replies":[{"embeddable":true,"href":"http:\/\/vertienteglobal.com\/index.php?rest_route=%2Fwp%2Fv2%2Fcomments&post=230468"}],"version-history":[{"count":0,"href":"http:\/\/vertienteglobal.com\/index.php?rest_route=\/wp\/v2\/posts\/230468\/revisions"}],"wp:featuredmedia":[{"embeddable":true,"href":"http:\/\/vertienteglobal.com\/index.php?rest_route=\/wp\/v2\/media\/230472"}],"wp:attachment":[{"href":"http:\/\/vertienteglobal.com\/index.php?rest_route=%2Fwp%2Fv2%2Fmedia&parent=230468"}],"wp:term":[{"taxonomy":"category","embeddable":true,"href":"http:\/\/vertienteglobal.com\/index.php?rest_route=%2Fwp%2Fv2%2Fcategories&post=230468"},{"taxonomy":"post_tag","embeddable":true,"href":"http:\/\/vertienteglobal.com\/index.php?rest_route=%2Fwp%2Fv2%2Ftags&post=230468"}],"curies":[{"name":"wp","href":"https:\/\/api.w.org\/{rel}","templated":true}]}}