{"id":230229,"date":"2023-09-12T23:52:00","date_gmt":"2023-09-13T04:52:00","guid":{"rendered":"http:\/\/vertienteglobal.com\/?p=230229"},"modified":"2023-09-13T01:16:26","modified_gmt":"2023-09-13T06:16:26","slug":"presentan-el-iphone-15-en-el-marco-del-apple-event-2023","status":"publish","type":"post","link":"http:\/\/vertienteglobal.com\/?p=230229","title":{"rendered":"Presentan el iPhone 15 en el marco del Apple Event 2023"},"content":{"rendered":"\n<div class=\"twitterbutton\" style=\"float: right; padding-left: 5px;\"><a href=\"http:\/\/twitter.com\/share\" class=\"twitter-share-button\" data-count=\"horizontal\" data-text=\"Presentan el iPhone 15 en el marco del Apple Event 2023\" data-via=\"https:\/\/twitter.com\/VertienteGloba1\" data-url=\"http:\/\/vertienteglobal.com\/?p=230229\" data-lang=\"es\" data-related=\"Informaci\u00f3n general:S\u00edguenos para que est\u00e9ss informado\"><\/a><\/div>\n<figure class=\"wp-block-image size-full\"><img loading=\"lazy\" decoding=\"async\" width=\"1024\" height=\"683\" src=\"http:\/\/vertienteglobal.com\/wp-content\/uploads\/2023\/09\/215078.jpg\" alt=\"\" class=\"wp-image-230230\" srcset=\"http:\/\/vertienteglobal.com\/wp-content\/uploads\/2023\/09\/215078.jpg 1024w, http:\/\/vertienteglobal.com\/wp-content\/uploads\/2023\/09\/215078-300x200.jpg 300w, http:\/\/vertienteglobal.com\/wp-content\/uploads\/2023\/09\/215078-150x100.jpg 150w, http:\/\/vertienteglobal.com\/wp-content\/uploads\/2023\/09\/215078-768x512.jpg 768w\" sizes=\"auto, (max-width: 1024px) 100vw, 1024px\" \/><\/figure>\n\n\n\n<p>(Redacci\u00f3n)<\/p>\n\n\n\n<p>El iPhone 15 Pro estar\u00e1 equipado con el nuevo chip A17 Pro, que le dar\u00e1 el 20% m\u00e1s de velocidad<\/p>\n\n\n\n<p>Ciudad de M\u00e9xico 12 de septiembre del 2023.-Este martes se llev\u00f3 a cabo uno de los eventos tecnol\u00f3gicos m\u00e1s importantes, que es el Apple Event 2023, en el que como cada a\u00f1o, la empresa nos muestra los gadgets en los que estuvo trabajando en los \u00faltimos meses.<\/p>\n\n\n\n<p>Ante ello hay un producto en espec\u00edfico que tiene emocionados a muchos y es el nuevo iPhone 15, mismo que detallan que tendr\u00e1 los bordes m\u00e1s finos, caracter\u00edstica que contendr\u00e1n los iPhone Pro, y que adem\u00e1s est\u00e1n hechos de titanio y son los m\u00e1s ligeros de toda la l\u00ednea de dispositivos m\u00f3viles.<\/p>\n\n\n\n<p>De acuerdo con la compa\u00f1\u00eda el iPhone 15 usar\u00e1 un conector USB-C, cable que ya usaban otros dispositivos y contar\u00e1 con una bater\u00eda que puede durar todo el d\u00eda, adem\u00e1s de que tendr\u00e1 un zoom \u00f3ptico de 5x a 120 mm y una c\u00e1mara de 48 megap\u00edxeles, misma en la que ya no ser\u00e1 necesario elegir el modo retrato, ya que se detectar\u00e1 autom\u00e1ticamente y se podr\u00e1 hacer el desenfoque de fondo despu\u00e9s.<\/p>\n\n\n\n<p>El iPhone 15 Pro estar\u00e1 equipado con el nuevo chip A17 Pro, que le dar\u00e1 el 20% m\u00e1s de velocidad.<\/p>\n\n\n\n<p>Y de acuerdo con los rumores previos se\u00f1alan la preventa ser\u00e1 el d\u00eda viernes 15 de septiembre en la p\u00e1gina de Apple y llegar\u00e1n a tiendas el 22 de septiembre en M\u00e9xico y sus precios rondar\u00e1n entre los siguientes:<\/p>\n\n\n\n<p>iPhone 15: Desde 1.009 euros \/ 20,999 pesos<br>iPhone 15 Plus: Desde 1.159 \/ 23,999 pesos<br>iPhone 15 Pro: Desde 1.319 \/ 25,999 pesos<br>iPhone 15 Pro Max: Desde 1.469 \/ 28,999 pesos. (Fuente: Excelsior\/Xeva)<\/p>\n","protected":false},"excerpt":{"rendered":"<p>(Redacci\u00f3n) El iPhone 15 Pro estar\u00e1 equipado con el nuevo chip A17 Pro, que le dar\u00e1 el 20% m\u00e1s de velocidad Ciudad de M\u00e9xico 12 de septiembre del 2023.-Este martes se llev\u00f3 a cabo uno de los eventos tecnol\u00f3gicos m\u00e1s importantes, que es el Apple Event 2023, en el que como cada a\u00f1o, la empresa [&hellip;]<\/p>\n","protected":false},"author":1,"featured_media":230230,"comment_status":"open","ping_status":"open","sticky":false,"template":"","format":"standard","meta":{"footnotes":""},"categories":[8],"tags":[],"class_list":["post-230229","post","type-post","status-publish","format-standard","has-post-thumbnail","hentry","category-pais","entry","has-media"],"jetpack_featured_media_url":"http:\/\/vertienteglobal.com\/wp-content\/uploads\/2023\/09\/215078.jpg","_links":{"self":[{"href":"http:\/\/vertienteglobal.com\/index.php?rest_route=\/wp\/v2\/posts\/230229","targetHints":{"allow":["GET"]}}],"collection":[{"href":"http:\/\/vertienteglobal.com\/index.php?rest_route=\/wp\/v2\/posts"}],"about":[{"href":"http:\/\/vertienteglobal.com\/index.php?rest_route=\/wp\/v2\/types\/post"}],"author":[{"embeddable":true,"href":"http:\/\/vertienteglobal.com\/index.php?rest_route=\/wp\/v2\/users\/1"}],"replies":[{"embeddable":true,"href":"http:\/\/vertienteglobal.com\/index.php?rest_route=%2Fwp%2Fv2%2Fcomments&post=230229"}],"version-history":[{"count":0,"href":"http:\/\/vertienteglobal.com\/index.php?rest_route=\/wp\/v2\/posts\/230229\/revisions"}],"wp:featuredmedia":[{"embeddable":true,"href":"http:\/\/vertienteglobal.com\/index.php?rest_route=\/wp\/v2\/media\/230230"}],"wp:attachment":[{"href":"http:\/\/vertienteglobal.com\/index.php?rest_route=%2Fwp%2Fv2%2Fmedia&parent=230229"}],"wp:term":[{"taxonomy":"category","embeddable":true,"href":"http:\/\/vertienteglobal.com\/index.php?rest_route=%2Fwp%2Fv2%2Fcategories&post=230229"},{"taxonomy":"post_tag","embeddable":true,"href":"http:\/\/vertienteglobal.com\/index.php?rest_route=%2Fwp%2Fv2%2Ftags&post=230229"}],"curies":[{"name":"wp","href":"https:\/\/api.w.org\/{rel}","templated":true}]}}