{"id":230024,"date":"2023-09-08T14:51:00","date_gmt":"2023-09-08T19:51:00","guid":{"rendered":"http:\/\/vertienteglobal.com\/?p=230024"},"modified":"2023-09-10T10:22:51","modified_gmt":"2023-09-10T15:22:51","slug":"la-fundacion-de-parques-y-museos-convoca-a-artistas-plasticos-de-cozumel-a-participar-en-la-exposicion-colectiva-dia-de-muertos-un-legado-espiritual","status":"publish","type":"post","link":"http:\/\/vertienteglobal.com\/?p=230024","title":{"rendered":"La Fundaci\u00f3n de Parques y Museos convoca a artistas pl\u00e1sticos de Cozumel a participar en la exposici\u00f3n colectiva \u201cD\u00eda de Muertos: un Legado Espiritual\u201d"},"content":{"rendered":"\n<div class=\"twitterbutton\" style=\"float: right; padding-left: 5px;\"><a href=\"http:\/\/twitter.com\/share\" class=\"twitter-share-button\" data-count=\"horizontal\" data-text=\"La Fundaci\u00f3n de Parques y Museos convoca a artistas pl\u00e1sticos de Cozumel a par...\" data-via=\"https:\/\/twitter.com\/VertienteGloba1\" data-url=\"http:\/\/vertienteglobal.com\/?p=230024\" data-lang=\"es\" data-related=\"Informaci\u00f3n general:S\u00edguenos para que est\u00e9ss informado\"><\/a><\/div>\n<figure class=\"wp-block-image size-large\"><img loading=\"lazy\" decoding=\"async\" width=\"1024\" height=\"682\" src=\"http:\/\/vertienteglobal.com\/wp-content\/uploads\/2023\/09\/fpm-1024x682.jpg\" alt=\"\" class=\"wp-image-230025\" srcset=\"http:\/\/vertienteglobal.com\/wp-content\/uploads\/2023\/09\/fpm-1024x682.jpg 1024w, http:\/\/vertienteglobal.com\/wp-content\/uploads\/2023\/09\/fpm-300x200.jpg 300w, http:\/\/vertienteglobal.com\/wp-content\/uploads\/2023\/09\/fpm-150x100.jpg 150w, http:\/\/vertienteglobal.com\/wp-content\/uploads\/2023\/09\/fpm-768x512.jpg 768w, http:\/\/vertienteglobal.com\/wp-content\/uploads\/2023\/09\/fpm-1536x1023.jpg 1536w, http:\/\/vertienteglobal.com\/wp-content\/uploads\/2023\/09\/fpm.jpg 1600w\" sizes=\"auto, (max-width: 1024px) 100vw, 1024px\" \/><\/figure>\n\n\n\n<p>(Redacci\u00f3n)<\/p>\n\n\n\n<p>-Se aceptar\u00e1n esculturas, pinturas, dibujos y fotograf\u00edas<\/p>\n\n\n\n<p>Cozumel, Quintana Roo 08 de septiembre del 2023- Con el objeto de rescatar, promover y difundir las costumbres y tradiciones mexicanas, la Fundaci\u00f3n de Parques y Museos de Cozumel (FPMC) convoca a artistas pl\u00e1sticos que radiquen en la isla a participar en la novena exposici\u00f3n colectiva \u201cD\u00eda de Muertos: un Legado Espiritual\u201d, que se inaugurar\u00e1 el jueves 26 de octubre, en el Museo de la Isla.<\/p>\n\n\n\n<p>Mediante el Nuevo Acuerdo por el Bienestar y Desarrollo de Quintana Roo, la gobernadora Mara Lezama Espinosa, promueve las tradiciones mexicanas y la participaci\u00f3n de los artistas en la divulgaci\u00f3n de las costumbres nacionales, resalt\u00f3 Isela Carrillo Cupul, directora del centro museogr\u00e1fico.<\/p>\n\n\n\n<p>Inform\u00f3 se aceptan obras de arte en formato de exposici\u00f3n y se recibir\u00e1n esculturas, pinturas, dibujos y fotograf\u00edas, con la tem\u00e1tica del D\u00eda de Muertos, celebraci\u00f3n que es catalogada por la UNESCO como Patrimonio Cultural Inmaterial de la Humanidad.<\/p>\n\n\n\n<p>Isela Carrillo especific\u00f3 que la modalidad de trabajo es individual y s\u00f3lo se expondr\u00e1 una obra por artista, cuyo tama\u00f1o ideal no debe exceder los 70 cent\u00edmetros de largo y ancho. Cada pieza debe ser acompa\u00f1ada por una ficha con el t\u00edtulo, t\u00e9cnica utilizada y nombre del autor, tambi\u00e9n se aceptar\u00e1 que se le fije un precio en caso de querer vender la obra.<\/p>\n\n\n\n<p>Mencion\u00f3 que las piezas art\u00edsticas ser\u00e1n recibidas en el Museo de la Isla, del 16 al 20 de octubre, de lunes a viernes de ocho y media de la ma\u00f1ana a cuatro de la tarde. El traslado de cada pieza corre a cuenta del expositor.<\/p>\n\n\n\n<figure class=\"wp-block-image size-full\"><img loading=\"lazy\" decoding=\"async\" width=\"585\" height=\"733\" src=\"http:\/\/vertienteglobal.com\/wp-content\/uploads\/2023\/09\/fpm2-585x733-1.jpg\" alt=\"\" class=\"wp-image-230026\" srcset=\"http:\/\/vertienteglobal.com\/wp-content\/uploads\/2023\/09\/fpm2-585x733-1.jpg 585w, http:\/\/vertienteglobal.com\/wp-content\/uploads\/2023\/09\/fpm2-585x733-1-239x300.jpg 239w, http:\/\/vertienteglobal.com\/wp-content\/uploads\/2023\/09\/fpm2-585x733-1-120x150.jpg 120w\" sizes=\"auto, (max-width: 585px) 100vw, 585px\" \/><\/figure>\n","protected":false},"excerpt":{"rendered":"<p>(Redacci\u00f3n) -Se aceptar\u00e1n esculturas, pinturas, dibujos y fotograf\u00edas Cozumel, Quintana Roo 08 de septiembre del 2023- Con el objeto de rescatar, promover y difundir las costumbres y tradiciones mexicanas, la Fundaci\u00f3n de Parques y Museos de Cozumel (FPMC) convoca a artistas pl\u00e1sticos que radiquen en la isla a participar en la novena exposici\u00f3n colectiva \u201cD\u00eda [&hellip;]<\/p>\n","protected":false},"author":1,"featured_media":230025,"comment_status":"open","ping_status":"open","sticky":false,"template":"","format":"standard","meta":{"footnotes":""},"categories":[3],"tags":[],"class_list":["post-230024","post","type-post","status-publish","format-standard","has-post-thumbnail","hentry","category-quintana-roo","entry","has-media"],"jetpack_featured_media_url":"http:\/\/vertienteglobal.com\/wp-content\/uploads\/2023\/09\/fpm.jpg","_links":{"self":[{"href":"http:\/\/vertienteglobal.com\/index.php?rest_route=\/wp\/v2\/posts\/230024","targetHints":{"allow":["GET"]}}],"collection":[{"href":"http:\/\/vertienteglobal.com\/index.php?rest_route=\/wp\/v2\/posts"}],"about":[{"href":"http:\/\/vertienteglobal.com\/index.php?rest_route=\/wp\/v2\/types\/post"}],"author":[{"embeddable":true,"href":"http:\/\/vertienteglobal.com\/index.php?rest_route=\/wp\/v2\/users\/1"}],"replies":[{"embeddable":true,"href":"http:\/\/vertienteglobal.com\/index.php?rest_route=%2Fwp%2Fv2%2Fcomments&post=230024"}],"version-history":[{"count":0,"href":"http:\/\/vertienteglobal.com\/index.php?rest_route=\/wp\/v2\/posts\/230024\/revisions"}],"wp:featuredmedia":[{"embeddable":true,"href":"http:\/\/vertienteglobal.com\/index.php?rest_route=\/wp\/v2\/media\/230025"}],"wp:attachment":[{"href":"http:\/\/vertienteglobal.com\/index.php?rest_route=%2Fwp%2Fv2%2Fmedia&parent=230024"}],"wp:term":[{"taxonomy":"category","embeddable":true,"href":"http:\/\/vertienteglobal.com\/index.php?rest_route=%2Fwp%2Fv2%2Fcategories&post=230024"},{"taxonomy":"post_tag","embeddable":true,"href":"http:\/\/vertienteglobal.com\/index.php?rest_route=%2Fwp%2Fv2%2Ftags&post=230024"}],"curies":[{"name":"wp","href":"https:\/\/api.w.org\/{rel}","templated":true}]}}