{"id":229992,"date":"2023-09-08T21:32:00","date_gmt":"2023-09-09T02:32:00","guid":{"rendered":"http:\/\/vertienteglobal.com\/?p=229992"},"modified":"2023-09-09T11:35:46","modified_gmt":"2023-09-09T16:35:46","slug":"pide-anahi-liberar-a-la-ninez-y-adolescencia-de-entornos-digitales-daninos","status":"publish","type":"post","link":"http:\/\/vertienteglobal.com\/?p=229992","title":{"rendered":"Pide Anah\u00ed liberar a la ni\u00f1ez y adolescencia de entornos digitales da\u00f1inos"},"content":{"rendered":"\n<div class=\"twitterbutton\" style=\"float: right; padding-left: 5px;\"><a href=\"http:\/\/twitter.com\/share\" class=\"twitter-share-button\" data-count=\"horizontal\" data-text=\"Pide Anah\u00ed liberar a la ni\u00f1ez y adolescencia de entornos digitales da\u00f1inos\" data-via=\"https:\/\/twitter.com\/VertienteGloba1\" data-url=\"http:\/\/vertienteglobal.com\/?p=229992\" data-lang=\"es\" data-related=\"Informaci\u00f3n general:S\u00edguenos para que est\u00e9ss informado\"><\/a><\/div>\n<figure class=\"wp-block-image size-full\"><img loading=\"lazy\" decoding=\"async\" width=\"683\" height=\"357\" src=\"http:\/\/vertienteglobal.com\/wp-content\/uploads\/2023\/09\/FB_IMG_16942764595142.jpg\" alt=\"\" class=\"wp-image-229993\" srcset=\"http:\/\/vertienteglobal.com\/wp-content\/uploads\/2023\/09\/FB_IMG_16942764595142.jpg 683w, http:\/\/vertienteglobal.com\/wp-content\/uploads\/2023\/09\/FB_IMG_16942764595142-300x157.jpg 300w, http:\/\/vertienteglobal.com\/wp-content\/uploads\/2023\/09\/FB_IMG_16942764595142-150x78.jpg 150w\" sizes=\"auto, (max-width: 683px) 100vw, 683px\" \/><\/figure>\n\n\n\n<p>(Redacci\u00f3n)<\/p>\n\n\n\n<p>Afirm\u00f3 que concretamente se refiere al caso de contenido sexual, im\u00e1genes sobre cuerpos sin vida o desmembrados, videos sobre linchamientos, asesinato de animales en redes sociales, hechos amenazantes, racistas o llenos de odio, y retos peligrosos<\/p>\n\n\n\n<p>Ciudad de M\u00e9xico, a 8 de septiembre del 2023.-Por la protecci\u00f3n de las infancias en el entorno digital, la Diputada federal Anah\u00ed Gonz\u00e1lez present\u00f3 un exhorto que tiene a bien instar al titular del Instituto Federal de Telecomunicaciones para que, en coordinaci\u00f3n con la Secretar\u00eda de Gobernaci\u00f3n, se realicen acciones a fin de evitar que las audiencias infantiles puedan acceder a contenido nocivo para su sano desarrollo.<\/p>\n\n\n\n<p>En su exposici\u00f3n de motivos, la integrante del Grupo Parlamentario de MORENA, precis\u00f3 que concretamente se refiere al caso de contenido sexual, im\u00e1genes sobre cuerpos sin vida o desmembrados, videos sobre linchamientos, asesinato de animales en redes sociales, hechos amenazantes, racistas o llenos de odio, y retos peligrosos.<\/p>\n\n\n\n<p>\u201cEl mundo digital se encuentra cada vez m\u00e1s al alcance de los menores de edad, por lo que, retomando los datos del Fondo de las Naciones Unidas para la Infancia Unicef, en M\u00e9xico el 50% de las ni\u00f1as y ni\u00f1os entre 6 y 11 a\u00f1os son usuarios de internet, en el caso de los adolescentes de 12 a 17 a\u00f1os, entre el 80 y 94% usan internet o una computadora\u201d, explic\u00f3.<\/p>\n\n\n\n<p>En ese sentido, la integrante de la Comisi\u00f3n de Bienestar hizo referencia al \u00abEstudio sobre violencia digital contra la ni\u00f1ez, dirigido a madres, padres y cuidadores de ni\u00f1as, ni\u00f1os y adolescentes de 5 a 15 a\u00f1os de edad,\u00bb realizado en 2022, que documenta que el 29.74 por ciento de las infancias y adolescentes pasa alrededor de dos horas en internet y redes sociales, aunque aumenta al mismo ritmo del tiempo que navegan en la red.<\/p>\n\n\n\n<p>A\u00f1adi\u00f3 que si bien el f\u00e1cil acceso a las redes sociales genera un aumento exponencial de usuarios, fundado y motivado en el derecho humano de acceso a la informaci\u00f3n, el conocimiento y la educaci\u00f3n, es igualmente cierto que, tambi\u00e9n, el cibercrimen se aprovecha de las lagunas del sistema para atacar a usuarios menores de edad cuando se internan en esos espacios de interacci\u00f3n digital y virtual.<\/p>\n\n\n\n<p>La Legisladora quintanarroense, originaria de Canc\u00fan, proporciona importantes datos de las organizaciones ChildFund M\u00e9xico y Early Institute las cuales refieren que la violencia sexual digital contra ni\u00f1as, ni\u00f1os y adolescentes va en aumento.<\/p>\n\n\n\n<p>De hecho, resalt\u00f3 que, de acuerdo a los resultados de una encuesta aplicada a poco m\u00e1s de dos mil 800 menores, el 11 por ciento de los usuarios en redes sociales ha recibido contenidos de car\u00e1cter sexual sin consentimiento previo; en el caso de las mujeres, este tipo de acciones aument\u00f3 a 15 por ciento, mientras que en los hombres fue de siete por ciento.<\/p>\n\n\n\n<p>Se\u00f1al\u00f3 que otro dato relevante lo aporta el Consejo de Derechos Humanos de la ONU, el cual establece que en 2020 el 70 por ciento del material de abuso sexual infantil que se distribu\u00eda por internet, se gener\u00f3 en el pa\u00eds.<\/p>\n\n\n\n<p>\u201cAun cuando la mayor\u00eda de la violencia virtual documenta las agresiones de tipo sexual, es importante poner atenci\u00f3n en que cada vez es m\u00e1s com\u00fan que los menores tambi\u00e9n se encuentren expuestos a observar im\u00e1genes de extrema violencia en las redes\u201d, subray\u00f3.<\/p>\n\n\n\n<p>Ante este panorama, Anah\u00ed extern\u00f3 de manera en\u00e9rgica que urge tomar acciones al respecto toda vez que es deber del Estado Mexicano salvaguardarlos del entorno de violencia y evitar que dicha informaci\u00f3n mal intencionada llegue a los j\u00f3venes y ni\u00f1os, asumiendo la obligaci\u00f3n de proteger su desarrollo humano, c\u00edvico y cultural.<\/p>\n\n\n\n<figure class=\"wp-block-image size-full\"><img loading=\"lazy\" decoding=\"async\" width=\"683\" height=\"1024\" src=\"http:\/\/vertienteglobal.com\/wp-content\/uploads\/2023\/09\/FB_IMG_1694276755760.jpg\" alt=\"\" class=\"wp-image-229994\" srcset=\"http:\/\/vertienteglobal.com\/wp-content\/uploads\/2023\/09\/FB_IMG_1694276755760.jpg 683w, http:\/\/vertienteglobal.com\/wp-content\/uploads\/2023\/09\/FB_IMG_1694276755760-200x300.jpg 200w, http:\/\/vertienteglobal.com\/wp-content\/uploads\/2023\/09\/FB_IMG_1694276755760-100x150.jpg 100w\" sizes=\"auto, (max-width: 683px) 100vw, 683px\" \/><\/figure>\n","protected":false},"excerpt":{"rendered":"<p>(Redacci\u00f3n) Afirm\u00f3 que concretamente se refiere al caso de contenido sexual, im\u00e1genes sobre cuerpos sin vida o desmembrados, videos sobre linchamientos, asesinato de animales en redes sociales, hechos amenazantes, racistas o llenos de odio, y retos peligrosos Ciudad de M\u00e9xico, a 8 de septiembre del 2023.-Por la protecci\u00f3n de las infancias en el entorno digital, [&hellip;]<\/p>\n","protected":false},"author":1,"featured_media":229993,"comment_status":"open","ping_status":"open","sticky":false,"template":"","format":"standard","meta":{"footnotes":""},"categories":[8,3],"tags":[],"class_list":["post-229992","post","type-post","status-publish","format-standard","has-post-thumbnail","hentry","category-pais","category-quintana-roo","entry","has-media"],"jetpack_featured_media_url":"http:\/\/vertienteglobal.com\/wp-content\/uploads\/2023\/09\/FB_IMG_16942764595142.jpg","_links":{"self":[{"href":"http:\/\/vertienteglobal.com\/index.php?rest_route=\/wp\/v2\/posts\/229992","targetHints":{"allow":["GET"]}}],"collection":[{"href":"http:\/\/vertienteglobal.com\/index.php?rest_route=\/wp\/v2\/posts"}],"about":[{"href":"http:\/\/vertienteglobal.com\/index.php?rest_route=\/wp\/v2\/types\/post"}],"author":[{"embeddable":true,"href":"http:\/\/vertienteglobal.com\/index.php?rest_route=\/wp\/v2\/users\/1"}],"replies":[{"embeddable":true,"href":"http:\/\/vertienteglobal.com\/index.php?rest_route=%2Fwp%2Fv2%2Fcomments&post=229992"}],"version-history":[{"count":0,"href":"http:\/\/vertienteglobal.com\/index.php?rest_route=\/wp\/v2\/posts\/229992\/revisions"}],"wp:featuredmedia":[{"embeddable":true,"href":"http:\/\/vertienteglobal.com\/index.php?rest_route=\/wp\/v2\/media\/229993"}],"wp:attachment":[{"href":"http:\/\/vertienteglobal.com\/index.php?rest_route=%2Fwp%2Fv2%2Fmedia&parent=229992"}],"wp:term":[{"taxonomy":"category","embeddable":true,"href":"http:\/\/vertienteglobal.com\/index.php?rest_route=%2Fwp%2Fv2%2Fcategories&post=229992"},{"taxonomy":"post_tag","embeddable":true,"href":"http:\/\/vertienteglobal.com\/index.php?rest_route=%2Fwp%2Fv2%2Ftags&post=229992"}],"curies":[{"name":"wp","href":"https:\/\/api.w.org\/{rel}","templated":true}]}}