{"id":229809,"date":"2023-09-06T09:24:00","date_gmt":"2023-09-06T14:24:00","guid":{"rendered":"http:\/\/vertienteglobal.com\/?p=229809"},"modified":"2023-09-06T10:44:02","modified_gmt":"2023-09-06T15:44:02","slug":"unam-publica-lista-de-los-17-aspirantes-que-cumplen-con-requisitos-para-buscar-la-rectoria","status":"publish","type":"post","link":"http:\/\/vertienteglobal.com\/?p=229809","title":{"rendered":"UNAM publica lista de los 17 aspirantes que cumplen con requisitos para buscar la Rector\u00eda"},"content":{"rendered":"\n<div class=\"twitterbutton\" style=\"float: right; padding-left: 5px;\"><a href=\"http:\/\/twitter.com\/share\" class=\"twitter-share-button\" data-count=\"horizontal\" data-text=\"UNAM publica lista de los 17 aspirantes que cumplen con requisitos para buscar l...\" data-via=\"https:\/\/twitter.com\/VertienteGloba1\" data-url=\"http:\/\/vertienteglobal.com\/?p=229809\" data-lang=\"es\" data-related=\"Informaci\u00f3n general:S\u00edguenos para que est\u00e9ss informado\"><\/a><\/div>\n<figure class=\"wp-block-image size-full\"><img loading=\"lazy\" decoding=\"async\" width=\"1024\" height=\"683\" src=\"http:\/\/vertienteglobal.com\/wp-content\/uploads\/2023\/09\/214626.jpg\" alt=\"\" class=\"wp-image-229810\" srcset=\"http:\/\/vertienteglobal.com\/wp-content\/uploads\/2023\/09\/214626.jpg 1024w, http:\/\/vertienteglobal.com\/wp-content\/uploads\/2023\/09\/214626-300x200.jpg 300w, http:\/\/vertienteglobal.com\/wp-content\/uploads\/2023\/09\/214626-150x100.jpg 150w, http:\/\/vertienteglobal.com\/wp-content\/uploads\/2023\/09\/214626-768x512.jpg 768w\" sizes=\"auto, (max-width: 1024px) 100vw, 1024px\" \/><\/figure>\n\n\n\n<p>(Redacci\u00f3n)<\/p>\n\n\n\n<p>La UNAM ha puesto a disposici\u00f3n de la comunidad universitaria los documentos presentados por estos candidatos en su sitio web oficial<\/p>\n\n\n\n<p>Ciudad de M\u00e9xico 06 de septiembre 2023.-La Junta de Gobierno de la Universidad Nacional Aut\u00f3noma de M\u00e9xico (UNAM) emiti\u00f3 un comunicado oficial en el que revela los nombres de las personas que han presentado sus documentos y cumplen con los requisitos para postularse como aspirantes a la Rector\u00eda de esta prestigiosa instituci\u00f3n educativa.<\/p>\n\n\n\n<p>Y es que de acuerdo con la convocatoria emitida el 21 de agosto del presente a\u00f1o, la UNAM ha hecho p\u00fablico este mi\u00e9rcoles la lista de candidatos que competir\u00e1n por el cargo de Rector. Los nombres de los aspirantes son los siguientes:<\/p>\n\n\n\n<p>Dra. Laura Susana Acosta Torres.<br>Dr. Sergio Manuel Alcocer Mart\u00ednez de Castro.<br>Dr. Luis Agust\u00edn \u00c1lvarez Icaza Longoria.<br>Dr. Ra\u00fal Juan Contreras Bustamante.<br>Mtro. Jorge Alfredo Cu\u00e9llar Ordaz.<br>Dra. Patricia Dolores D\u00e1vila Aranda.<br>Dr. Germ\u00e1n Fajardo Dolci.<br>Dr. H\u00e9ctor Hiram Hern\u00e1ndez Bringas.<br>Dr. William Henry Lee Alard\u00edn.<br>Dr. Leonardo Lomel\u00ed Vanegas.<br>Dra. Mar\u00eda Esperanza Mart\u00ednez Romero.<br>Dr. Daniel Trejo Medina.<br>Dr. Imanol Ordorika Sacrist\u00e1n.<br>Dra. Guadalupe Valencia Garc\u00eda.<br>Dr. Ambrosio Francisco Javier Velasco G\u00f3mez.<br>Dra. Luz del Carmen Alicia Vilchis Esquivel.<br>Dr. Domingo Alberto Vital D\u00edaz.<\/p>\n\n\n\n<p>La UNAM ha puesto a disposici\u00f3n de la comunidad universitaria los documentos presentados por estos candidatos en su sitio web oficial, subrayando que el contenido de los mismos es responsabilidad exclusiva de quienes los entregaron.(Fuente: LD\/Xeva)<\/p>\n","protected":false},"excerpt":{"rendered":"<p>(Redacci\u00f3n) La UNAM ha puesto a disposici\u00f3n de la comunidad universitaria los documentos presentados por estos candidatos en su sitio web oficial Ciudad de M\u00e9xico 06 de septiembre 2023.-La Junta de Gobierno de la Universidad Nacional Aut\u00f3noma de M\u00e9xico (UNAM) emiti\u00f3 un comunicado oficial en el que revela los nombres de las personas que han [&hellip;]<\/p>\n","protected":false},"author":1,"featured_media":229810,"comment_status":"open","ping_status":"open","sticky":false,"template":"","format":"standard","meta":{"footnotes":""},"categories":[9,8],"tags":[],"class_list":["post-229809","post","type-post","status-publish","format-standard","has-post-thumbnail","hentry","category-educacion","category-pais","entry","has-media"],"jetpack_featured_media_url":"http:\/\/vertienteglobal.com\/wp-content\/uploads\/2023\/09\/214626.jpg","_links":{"self":[{"href":"http:\/\/vertienteglobal.com\/index.php?rest_route=\/wp\/v2\/posts\/229809","targetHints":{"allow":["GET"]}}],"collection":[{"href":"http:\/\/vertienteglobal.com\/index.php?rest_route=\/wp\/v2\/posts"}],"about":[{"href":"http:\/\/vertienteglobal.com\/index.php?rest_route=\/wp\/v2\/types\/post"}],"author":[{"embeddable":true,"href":"http:\/\/vertienteglobal.com\/index.php?rest_route=\/wp\/v2\/users\/1"}],"replies":[{"embeddable":true,"href":"http:\/\/vertienteglobal.com\/index.php?rest_route=%2Fwp%2Fv2%2Fcomments&post=229809"}],"version-history":[{"count":0,"href":"http:\/\/vertienteglobal.com\/index.php?rest_route=\/wp\/v2\/posts\/229809\/revisions"}],"wp:featuredmedia":[{"embeddable":true,"href":"http:\/\/vertienteglobal.com\/index.php?rest_route=\/wp\/v2\/media\/229810"}],"wp:attachment":[{"href":"http:\/\/vertienteglobal.com\/index.php?rest_route=%2Fwp%2Fv2%2Fmedia&parent=229809"}],"wp:term":[{"taxonomy":"category","embeddable":true,"href":"http:\/\/vertienteglobal.com\/index.php?rest_route=%2Fwp%2Fv2%2Fcategories&post=229809"},{"taxonomy":"post_tag","embeddable":true,"href":"http:\/\/vertienteglobal.com\/index.php?rest_route=%2Fwp%2Fv2%2Ftags&post=229809"}],"curies":[{"name":"wp","href":"https:\/\/api.w.org\/{rel}","templated":true}]}}