{"id":229693,"date":"2023-09-04T16:51:00","date_gmt":"2023-09-04T21:51:00","guid":{"rendered":"http:\/\/vertienteglobal.com\/?p=229693"},"modified":"2023-09-05T17:23:21","modified_gmt":"2023-09-05T22:23:21","slug":"se-instala-la-comision-estatal-de-funcionarios-fiscales-encabezada-por-el-titular-de-la-sefiplan","status":"publish","type":"post","link":"http:\/\/vertienteglobal.com\/?p=229693","title":{"rendered":"Se instala la Comisi\u00f3n Estatal de Funcionarios Fiscales encabezada por el titular de la SEFIPLAN"},"content":{"rendered":"\n<div class=\"twitterbutton\" style=\"float: right; padding-left: 5px;\"><a href=\"http:\/\/twitter.com\/share\" class=\"twitter-share-button\" data-count=\"horizontal\" data-text=\"Se instala la Comisi\u00f3n Estatal de Funcionarios Fiscales encabezada por el titul...\" data-via=\"https:\/\/twitter.com\/VertienteGloba1\" data-url=\"http:\/\/vertienteglobal.com\/?p=229693\" data-lang=\"es\" data-related=\"Informaci\u00f3n general:S\u00edguenos para que est\u00e9ss informado\"><\/a><\/div>\n<figure class=\"wp-block-image size-large\"><img loading=\"lazy\" decoding=\"async\" width=\"1024\" height=\"480\" src=\"http:\/\/vertienteglobal.com\/wp-content\/uploads\/2023\/09\/FB_IMG_1693952044754-1024x480.jpg\" alt=\"\" class=\"wp-image-229687\" srcset=\"http:\/\/vertienteglobal.com\/wp-content\/uploads\/2023\/09\/FB_IMG_1693952044754-1024x480.jpg 1024w, http:\/\/vertienteglobal.com\/wp-content\/uploads\/2023\/09\/FB_IMG_1693952044754-300x141.jpg 300w, http:\/\/vertienteglobal.com\/wp-content\/uploads\/2023\/09\/FB_IMG_1693952044754-150x70.jpg 150w, http:\/\/vertienteglobal.com\/wp-content\/uploads\/2023\/09\/FB_IMG_1693952044754-768x360.jpg 768w, http:\/\/vertienteglobal.com\/wp-content\/uploads\/2023\/09\/FB_IMG_1693952044754.jpg 1080w\" sizes=\"auto, (max-width: 1024px) 100vw, 1024px\" \/><\/figure>\n\n\n\n<p>(Redacci\u00f3n)<\/p>\n\n\n\n<p>Permitir\u00e1 analizar las facultades de los tres \u00f3rdenes de gobierno en materia tributaria<\/p>\n\n\n\n<p>Tulum, Quintana Roo 04 de septiembre 2023.-En el marco de la reuni\u00f3n del Sistema Estatal de Coordinaci\u00f3n Fiscal, se llev\u00f3 a cabo en Tulum la instalaci\u00f3n de la Comisi\u00f3n Estatal de Funcionarios Fiscales, la cual preside el secretario de Finanzas y Planeaci\u00f3n, Eugenio Segura V\u00e1zquez.<\/p>\n\n\n\n<p>La Comisi\u00f3n Estatal de Funcionarios Fiscales podr\u00e1 coordinar acciones entre el Gobierno del Estado y los municipios para procurar los recursos econ\u00f3micos suficientes a fin de llevar servicios p\u00fablicos y obras sociales a las comunidades como se establece en el Nuevo Acuerdo por el Bienestar y el Desarrollo de Quintana Roo que impulsa la gobernadora Mara Lezama Espinosa.<\/p>\n\n\n\n<p>Esta Comisi\u00f3n est\u00e1 integrada por el titular de la SEFIPLAN y tres representantes de los 11 municipios del estado, representados de la siguiente manera: Zona Norte-Benito Ju\u00e1rez; Zona Centro Tulum; y Zona Sur, Oth\u00f3n P. Blanco, quienes durar\u00e1n en la encomienda dos a\u00f1os, conforme a lo dispuesto en la Ley Estatal de Coordinaci\u00f3n Fiscal.<\/p>\n\n\n\n<p>Durante la reuni\u00f3n, se llev\u00f3 a cabo la aprobaci\u00f3n de disposiciones reglamentarias relacionadas con la organizaci\u00f3n y funcionamiento del Sistema Estatal de Coordinaci\u00f3n Fiscal.<\/p>\n\n\n\n<p>Entre las facultades de la Comisi\u00f3n destacan: Analizar la concurrencia de facultades tributarias de los tres \u00f3rdenes de gobierno y violaciones al sistema nacional de coordinaci\u00f3n fiscal; la vigilancia y distribuci\u00f3n, as\u00ed como la posible creaci\u00f3n de diferentes fondos de participaciones; de aportaciones federales y estatales que la entidad efect\u00fae a los municipios, as\u00ed como los incentivos derivados de la colaboraci\u00f3n fiscal.<\/p>\n\n\n\n<p>Tambi\u00e9n se abordaron temas relacionados con al Fondo de Estabilizaci\u00f3n de los Ingresos de las Entidades Federativas (FEIEF); los resultados de Quintana Roo en la evaluaci\u00f3n del sistema de alertas y mejoras en las calificaciones soberanas; la importancia de la participaci\u00f3n ciudadana y gesti\u00f3n por resultados en los ayuntamientos, fomentando el gobierno cercano a la gente y acortando la brecha de desigualdad entre la poblaci\u00f3n, procurando el bienestar de las familias m\u00e1s vulnerables.<\/p>\n\n\n\n<p>Por otra parte, en la v\u00edspera de los trabajos, se analiz\u00f3 el proceso presupuestario con miras al Paquete Econ\u00f3mico 2024, y se compartieron experiencias exitosas para un mejor manejo de la Hacienda P\u00fablica.<\/p>\n\n\n\n<p>En el evento se cont\u00f3 con la participaci\u00f3n del presidente municipal de Tulum, Diego Casta\u00f1\u00f3n Trejo, y de los 11 tesoreros municipales, as\u00ed como diversos servidores p\u00fablicos estatales y municipales, cuya funci\u00f3n est\u00e1 relacionada con la Hacienda P\u00fablica.<\/p>\n","protected":false},"excerpt":{"rendered":"<p>(Redacci\u00f3n) Permitir\u00e1 analizar las facultades de los tres \u00f3rdenes de gobierno en materia tributaria Tulum, Quintana Roo 04 de septiembre 2023.-En el marco de la reuni\u00f3n del Sistema Estatal de Coordinaci\u00f3n Fiscal, se llev\u00f3 a cabo en Tulum la instalaci\u00f3n de la Comisi\u00f3n Estatal de Funcionarios Fiscales, la cual preside el secretario de Finanzas y [&hellip;]<\/p>\n","protected":false},"author":1,"featured_media":229687,"comment_status":"open","ping_status":"open","sticky":false,"template":"","format":"standard","meta":{"footnotes":""},"categories":[3],"tags":[],"class_list":["post-229693","post","type-post","status-publish","format-standard","has-post-thumbnail","hentry","category-quintana-roo","entry","has-media"],"jetpack_featured_media_url":"http:\/\/vertienteglobal.com\/wp-content\/uploads\/2023\/09\/FB_IMG_1693952044754.jpg","_links":{"self":[{"href":"http:\/\/vertienteglobal.com\/index.php?rest_route=\/wp\/v2\/posts\/229693","targetHints":{"allow":["GET"]}}],"collection":[{"href":"http:\/\/vertienteglobal.com\/index.php?rest_route=\/wp\/v2\/posts"}],"about":[{"href":"http:\/\/vertienteglobal.com\/index.php?rest_route=\/wp\/v2\/types\/post"}],"author":[{"embeddable":true,"href":"http:\/\/vertienteglobal.com\/index.php?rest_route=\/wp\/v2\/users\/1"}],"replies":[{"embeddable":true,"href":"http:\/\/vertienteglobal.com\/index.php?rest_route=%2Fwp%2Fv2%2Fcomments&post=229693"}],"version-history":[{"count":0,"href":"http:\/\/vertienteglobal.com\/index.php?rest_route=\/wp\/v2\/posts\/229693\/revisions"}],"wp:featuredmedia":[{"embeddable":true,"href":"http:\/\/vertienteglobal.com\/index.php?rest_route=\/wp\/v2\/media\/229687"}],"wp:attachment":[{"href":"http:\/\/vertienteglobal.com\/index.php?rest_route=%2Fwp%2Fv2%2Fmedia&parent=229693"}],"wp:term":[{"taxonomy":"category","embeddable":true,"href":"http:\/\/vertienteglobal.com\/index.php?rest_route=%2Fwp%2Fv2%2Fcategories&post=229693"},{"taxonomy":"post_tag","embeddable":true,"href":"http:\/\/vertienteglobal.com\/index.php?rest_route=%2Fwp%2Fv2%2Ftags&post=229693"}],"curies":[{"name":"wp","href":"https:\/\/api.w.org\/{rel}","templated":true}]}}