{"id":229690,"date":"2023-09-04T15:41:00","date_gmt":"2023-09-04T20:41:00","guid":{"rendered":"http:\/\/vertienteglobal.com\/?p=229690"},"modified":"2023-09-05T17:20:44","modified_gmt":"2023-09-05T22:20:44","slug":"trabajar-24-7-es-una-realidad-sanen","status":"publish","type":"post","link":"http:\/\/vertienteglobal.com\/?p=229690","title":{"rendered":"Trabajar 24\/7 es una realidad: Sanen"},"content":{"rendered":"\n<div class=\"twitterbutton\" style=\"float: right; padding-left: 5px;\"><a href=\"http:\/\/twitter.com\/share\" class=\"twitter-share-button\" data-count=\"horizontal\" data-text=\"Trabajar 24\/7 es una realidad: Sanen\" data-via=\"https:\/\/twitter.com\/VertienteGloba1\" data-url=\"http:\/\/vertienteglobal.com\/?p=229690\" data-lang=\"es\" data-related=\"Informaci\u00f3n general:S\u00edguenos para que est\u00e9ss informado\"><\/a><\/div>\n<figure class=\"wp-block-image size-full\"><img loading=\"lazy\" decoding=\"async\" width=\"960\" height=\"720\" src=\"http:\/\/vertienteglobal.com\/wp-content\/uploads\/2023\/09\/FB_IMG_1693952231760.jpg\" alt=\"\" class=\"wp-image-229691\" srcset=\"http:\/\/vertienteglobal.com\/wp-content\/uploads\/2023\/09\/FB_IMG_1693952231760.jpg 960w, http:\/\/vertienteglobal.com\/wp-content\/uploads\/2023\/09\/FB_IMG_1693952231760-300x225.jpg 300w, http:\/\/vertienteglobal.com\/wp-content\/uploads\/2023\/09\/FB_IMG_1693952231760-150x113.jpg 150w, http:\/\/vertienteglobal.com\/wp-content\/uploads\/2023\/09\/FB_IMG_1693952231760-768x576.jpg 768w\" sizes=\"auto, (max-width: 960px) 100vw, 960px\" \/><\/figure>\n\n\n\n<p>(Redacci\u00f3n)<\/p>\n\n\n\n<p>San\u00e9n Cervantes enfatiz\u00f3 la decisi\u00f3n de las candidaturas para el 2024 ser\u00e1n decididas por medio de una encuesta que realizar\u00e1 su partido, el Movimiento de Regeneraci\u00f3n Nacional (Morena) y ser\u00e1 la gente quien dir\u00e1 a qu\u00e9 persona quieren para continuar con la Cuarta Transformaci\u00f3n<\/p>\n\n\n\n<p>Canc\u00fan, Quintana Roo, a 04 de septiembre del 2023.- Aunque algunas personas se han acercado al regidor Jorge San\u00e9n Cervantes, para decirle que aspire a buscar la presidencia municipal de Benito Ju\u00e1rez, \u00e9ste dijo que est\u00e1 enfocado al trabajo del Ayuntamiento y quiz\u00e1 por eso es que la gente le hace dicha proposici\u00f3n.<\/p>\n\n\n\n<p>Entrevistado por un medio de comunicaci\u00f3n digital, San\u00e9n Cervantes enfatiz\u00f3 la decisi\u00f3n de las candidaturas para el 2024 ser\u00e1n decididas por medio de una encuesta que realizar\u00e1 su partido, el Movimiento de Regeneraci\u00f3n Nacional (Morena) y ser\u00e1 la gente quien dir\u00e1 a qu\u00e9 persona quieren para continuar con la Cuarta Transformaci\u00f3n.<\/p>\n\n\n\n<p>En cuanto a su trabajo en el Cabildo, coment\u00f3 que est\u00e1 en espera de que se apruebe la Direcci\u00f3n de Derechos Humanos, que estar\u00e1 en su Comisi\u00f3n, \u00abes importante para evitar que se vulneren los Derechos Humanos\u00bb.<\/p>\n\n\n\n<p>Mencion\u00f3 que durante su gesti\u00f3n tambi\u00e9n crearon la direcci\u00f3n de atenci\u00f3n a las personas con discapacidad, que dirige uno de ellos, ya que todos los d\u00edas estas personas enfrentan retos que la mayor\u00eda de los ciudadanos no ve. Aunque reconoci\u00f3 que no es f\u00e1cil acortar las brechas de desigualdad en Canc\u00fan, as\u00ed que ahora salen a la calle a preguntarle a la gente qu\u00e9 es lo que necesitan como comunidad; puso como ejemplo la creaci\u00f3n del Instituto Municipal contra las Adicciones.<\/p>\n\n\n\n<p>San\u00e9n Cervantes confi\u00f3 en que los que vengan le dar\u00e1n continuidad a todo lo que hasta ahora se ya avanzado en Derechos Humanos y justicia social. Y en cuanto a la oportunidad de integrarse al gabinete estatal, revel\u00f3 que no le gusta estar de puesto en puesto, pero ser\u00e1 el partido o la Gobernadora quien determine d\u00f3nde puede servir mejor a los quintanarroenses.<\/p>\n\n\n\n<p>\u00abTengo 18 a\u00f1os de trabajar en una u otra trinchera, pero siempre a favor de los necesitados. El 24\/7 es una realidad, atendemos las demandas que nos solicitan, siempre hay alguien para atender las necesidades del pueblo; porque tienes la investidura 24 horas.<\/p>\n\n\n\n<p>Termin\u00f3 la entrevista enfatizando que las personas buenas son bienvenidos al partido Morena, pero l\u00f3gicamente las que tienen negro historial pol\u00edtico, pues no es tan f\u00e1cil.<\/p>\n","protected":false},"excerpt":{"rendered":"<p>(Redacci\u00f3n) San\u00e9n Cervantes enfatiz\u00f3 la decisi\u00f3n de las candidaturas para el 2024 ser\u00e1n decididas por medio de una encuesta que realizar\u00e1 su partido, el Movimiento de Regeneraci\u00f3n Nacional (Morena) y ser\u00e1 la gente quien dir\u00e1 a qu\u00e9 persona quieren para continuar con la Cuarta Transformaci\u00f3n Canc\u00fan, Quintana Roo, a 04 de septiembre del 2023.- Aunque [&hellip;]<\/p>\n","protected":false},"author":1,"featured_media":229691,"comment_status":"open","ping_status":"open","sticky":false,"template":"","format":"standard","meta":{"footnotes":""},"categories":[3],"tags":[],"class_list":["post-229690","post","type-post","status-publish","format-standard","has-post-thumbnail","hentry","category-quintana-roo","entry","has-media"],"jetpack_featured_media_url":"http:\/\/vertienteglobal.com\/wp-content\/uploads\/2023\/09\/FB_IMG_1693952231760.jpg","_links":{"self":[{"href":"http:\/\/vertienteglobal.com\/index.php?rest_route=\/wp\/v2\/posts\/229690","targetHints":{"allow":["GET"]}}],"collection":[{"href":"http:\/\/vertienteglobal.com\/index.php?rest_route=\/wp\/v2\/posts"}],"about":[{"href":"http:\/\/vertienteglobal.com\/index.php?rest_route=\/wp\/v2\/types\/post"}],"author":[{"embeddable":true,"href":"http:\/\/vertienteglobal.com\/index.php?rest_route=\/wp\/v2\/users\/1"}],"replies":[{"embeddable":true,"href":"http:\/\/vertienteglobal.com\/index.php?rest_route=%2Fwp%2Fv2%2Fcomments&post=229690"}],"version-history":[{"count":0,"href":"http:\/\/vertienteglobal.com\/index.php?rest_route=\/wp\/v2\/posts\/229690\/revisions"}],"wp:featuredmedia":[{"embeddable":true,"href":"http:\/\/vertienteglobal.com\/index.php?rest_route=\/wp\/v2\/media\/229691"}],"wp:attachment":[{"href":"http:\/\/vertienteglobal.com\/index.php?rest_route=%2Fwp%2Fv2%2Fmedia&parent=229690"}],"wp:term":[{"taxonomy":"category","embeddable":true,"href":"http:\/\/vertienteglobal.com\/index.php?rest_route=%2Fwp%2Fv2%2Fcategories&post=229690"},{"taxonomy":"post_tag","embeddable":true,"href":"http:\/\/vertienteglobal.com\/index.php?rest_route=%2Fwp%2Fv2%2Ftags&post=229690"}],"curies":[{"name":"wp","href":"https:\/\/api.w.org\/{rel}","templated":true}]}}