{"id":229659,"date":"2023-09-03T17:24:00","date_gmt":"2023-09-03T22:24:00","guid":{"rendered":"http:\/\/vertienteglobal.com\/?p=229659"},"modified":"2023-09-05T16:09:07","modified_gmt":"2023-09-05T21:09:07","slug":"inicia-sesa-jornada-de-vacunacion-en-chetumal","status":"publish","type":"post","link":"http:\/\/vertienteglobal.com\/?p=229659","title":{"rendered":"Inicia SESA jornada de vacunaci\u00f3n en Chetumal"},"content":{"rendered":"\n<div class=\"twitterbutton\" style=\"float: right; padding-left: 5px;\"><a href=\"http:\/\/twitter.com\/share\" class=\"twitter-share-button\" data-count=\"horizontal\" data-text=\"Inicia SESA jornada de vacunaci\u00f3n en Chetumal\" data-via=\"https:\/\/twitter.com\/VertienteGloba1\" data-url=\"http:\/\/vertienteglobal.com\/?p=229659\" data-lang=\"es\" data-related=\"Informaci\u00f3n general:S\u00edguenos para que est\u00e9ss informado\"><\/a><\/div>\n<figure class=\"wp-block-image size-large\"><img loading=\"lazy\" decoding=\"async\" width=\"1024\" height=\"678\" src=\"http:\/\/vertienteglobal.com\/wp-content\/uploads\/2023\/09\/FB_IMG_1693947968431-1024x678.jpg\" alt=\"\" class=\"wp-image-229660\" srcset=\"http:\/\/vertienteglobal.com\/wp-content\/uploads\/2023\/09\/FB_IMG_1693947968431-1024x678.jpg 1024w, http:\/\/vertienteglobal.com\/wp-content\/uploads\/2023\/09\/FB_IMG_1693947968431-300x199.jpg 300w, http:\/\/vertienteglobal.com\/wp-content\/uploads\/2023\/09\/FB_IMG_1693947968431-150x99.jpg 150w, http:\/\/vertienteglobal.com\/wp-content\/uploads\/2023\/09\/FB_IMG_1693947968431-768x508.jpg 768w, http:\/\/vertienteglobal.com\/wp-content\/uploads\/2023\/09\/FB_IMG_1693947968431.jpg 1080w\" sizes=\"auto, (max-width: 1024px) 100vw, 1024px\" \/><\/figure>\n\n\n\n<p>(Redacci\u00f3n)<\/p>\n\n\n\n<p>Se efectuar\u00e1 en horario de 8 de la ma\u00f1ana a 2 de la tarde, en el Centro Estatal de Vacunolog\u00eda, ubicado en la capital del estado<\/p>\n\n\n\n<p>Chetumal, Quintana Roo 03 de septiembre 2923.\u2013 Bajo el lema: \u201cPor tu bienestar y el de tu familia \u00a1Vac\u00fanense!\u201d, del 4 al 8 de septiembre la Secretar\u00eda de Salud de Quintana Roo realizar\u00e1, en la capital del estado, una intensa jornada de vacunaci\u00f3n dirigida a ni\u00f1os, ni\u00f1as, adolescentes, adultos mayores y embarazadas.<\/p>\n\n\n\n<p>El secretario de Salud Flavio Carlos Rosado detall\u00f3 que esta jornada de salud se efectuar\u00e1, en horario de 8 de la ma\u00f1ana a 2 de la tarde, en el Centro Estatal de Vacunolog\u00eda, ubicado en la Avenida Maxuxac, entre 4 de Marzo y Miguel Alem\u00e1n en Chetumal.<\/p>\n\n\n\n<p>Pidi\u00f3 a la poblaci\u00f3n a estar pendiente de los avisos oficiales respecto a la jornada de vacunaci\u00f3n para otros municipios.<\/p>\n\n\n\n<p>Explic\u00f3 que durante esta campa\u00f1a de vacunaci\u00f3n se estar\u00e1n aplicando dosis de SRP (sarampi\u00f3n, rub\u00e9ola y parotiditis), Neumo 13V, Rotavirus, TDPA y la Hexavalente (protege a las y los menores contra difteria, tosferina, t\u00e9tanos, Haemophilus influenzae, hepatitis B y poliomielitis).<\/p>\n\n\n\n<p>La vacuna Neumococo 13valente, contra el neumococo, se estar\u00e1 aplicando en los adultos mayores con 60 a\u00f1os de edad en adelante.<\/p>\n\n\n\n<p>En embarazadas, a partir de la semana 20 de gestaci\u00f3n, se aplicar\u00e1 la vacuna TDAP (ayuda a proteger contra el t\u00e9tanos y la difteria, adem\u00e1s de la tosferina)<\/p>\n\n\n\n<p>Se recomienda acudir con la cartilla de vacunaci\u00f3n, a fin de que el personal de salud pueda revisar este documento y verificar cual dosis y tipo de vacuna falta.<\/p>\n\n\n\n<p>El objetivo es proteger a la poblaci\u00f3n contra las enfermedades prevenibles por vacunaci\u00f3n mediante la aplicaci\u00f3n de vacunas seguras y efectivas.<\/p>\n","protected":false},"excerpt":{"rendered":"<p>(Redacci\u00f3n) Se efectuar\u00e1 en horario de 8 de la ma\u00f1ana a 2 de la tarde, en el Centro Estatal de Vacunolog\u00eda, ubicado en la capital del estado Chetumal, Quintana Roo 03 de septiembre 2923.\u2013 Bajo el lema: \u201cPor tu bienestar y el de tu familia \u00a1Vac\u00fanense!\u201d, del 4 al 8 de septiembre la Secretar\u00eda de [&hellip;]<\/p>\n","protected":false},"author":1,"featured_media":229660,"comment_status":"open","ping_status":"open","sticky":false,"template":"","format":"standard","meta":{"footnotes":""},"categories":[3],"tags":[],"class_list":["post-229659","post","type-post","status-publish","format-standard","has-post-thumbnail","hentry","category-quintana-roo","entry","has-media"],"jetpack_featured_media_url":"http:\/\/vertienteglobal.com\/wp-content\/uploads\/2023\/09\/FB_IMG_1693947968431.jpg","_links":{"self":[{"href":"http:\/\/vertienteglobal.com\/index.php?rest_route=\/wp\/v2\/posts\/229659","targetHints":{"allow":["GET"]}}],"collection":[{"href":"http:\/\/vertienteglobal.com\/index.php?rest_route=\/wp\/v2\/posts"}],"about":[{"href":"http:\/\/vertienteglobal.com\/index.php?rest_route=\/wp\/v2\/types\/post"}],"author":[{"embeddable":true,"href":"http:\/\/vertienteglobal.com\/index.php?rest_route=\/wp\/v2\/users\/1"}],"replies":[{"embeddable":true,"href":"http:\/\/vertienteglobal.com\/index.php?rest_route=%2Fwp%2Fv2%2Fcomments&post=229659"}],"version-history":[{"count":0,"href":"http:\/\/vertienteglobal.com\/index.php?rest_route=\/wp\/v2\/posts\/229659\/revisions"}],"wp:featuredmedia":[{"embeddable":true,"href":"http:\/\/vertienteglobal.com\/index.php?rest_route=\/wp\/v2\/media\/229660"}],"wp:attachment":[{"href":"http:\/\/vertienteglobal.com\/index.php?rest_route=%2Fwp%2Fv2%2Fmedia&parent=229659"}],"wp:term":[{"taxonomy":"category","embeddable":true,"href":"http:\/\/vertienteglobal.com\/index.php?rest_route=%2Fwp%2Fv2%2Fcategories&post=229659"},{"taxonomy":"post_tag","embeddable":true,"href":"http:\/\/vertienteglobal.com\/index.php?rest_route=%2Fwp%2Fv2%2Ftags&post=229659"}],"curies":[{"name":"wp","href":"https:\/\/api.w.org\/{rel}","templated":true}]}}