{"id":229636,"date":"2023-09-04T09:24:00","date_gmt":"2023-09-04T14:24:00","guid":{"rendered":"http:\/\/vertienteglobal.com\/?p=229636"},"modified":"2023-09-05T09:53:28","modified_gmt":"2023-09-05T14:53:28","slug":"amlo-anuncia-que-fonatur-entregara-a-la-sedena-operacion-del-tren-maya","status":"publish","type":"post","link":"http:\/\/vertienteglobal.com\/?p=229636","title":{"rendered":"AMLO anuncia que Fonatur entregar\u00e1 a la Sedena operaci\u00f3n del Tren Maya"},"content":{"rendered":"\n<div class=\"twitterbutton\" style=\"float: right; padding-left: 5px;\"><a href=\"http:\/\/twitter.com\/share\" class=\"twitter-share-button\" data-count=\"horizontal\" data-text=\"AMLO anuncia que Fonatur entregar\u00e1 a la Sedena operaci\u00f3n del Tren Maya\" data-via=\"https:\/\/twitter.com\/VertienteGloba1\" data-url=\"http:\/\/vertienteglobal.com\/?p=229636\" data-lang=\"es\" data-related=\"Informaci\u00f3n general:S\u00edguenos para que est\u00e9ss informado\"><\/a><\/div>\n<figure class=\"wp-block-image size-full\"><img loading=\"lazy\" decoding=\"async\" width=\"980\" height=\"689\" src=\"http:\/\/vertienteglobal.com\/wp-content\/uploads\/2023\/09\/20230905_095251.jpg\" alt=\"\" class=\"wp-image-229638\" srcset=\"http:\/\/vertienteglobal.com\/wp-content\/uploads\/2023\/09\/20230905_095251.jpg 980w, http:\/\/vertienteglobal.com\/wp-content\/uploads\/2023\/09\/20230905_095251-300x211.jpg 300w, http:\/\/vertienteglobal.com\/wp-content\/uploads\/2023\/09\/20230905_095251-150x105.jpg 150w, http:\/\/vertienteglobal.com\/wp-content\/uploads\/2023\/09\/20230905_095251-768x540.jpg 768w\" sizes=\"auto, (max-width: 980px) 100vw, 980px\" \/><\/figure>\n\n\n\n<p>(Redacci\u00f3n)<\/p>\n\n\n\n<p>L\u00f3pez Obrador dijo que informar\u00e1 sobre el Tramo 3 del Tren Maya que va de Campeche a Yucat\u00e1n y que la empresa Tren Maya deber\u00e1 asumir todas las operaciones del proyecto a m\u00e1s tardar el 31 de diciembre pr\u00f3ximo<\/p>\n\n\n\n<p>Ciudad de M\u00e9xico, a 04 de septiembre del 2023.-En la conferencia matutina de este lunes, el presidente Andr\u00e9s Manuel L\u00f3pez Obrador, inform\u00f3 que el Fondo Nacional de Fomento al Turismo (Fonatur) entregar\u00e1 a la Secretar\u00eda de la Defensa Nacional (Sedena) la operaci\u00f3n del Tren Maya.<\/p>\n\n\n\n<p>\u201cVamos a dar a conocer la entrega del Tren Maya la empresa que se ha constituido a cargo de la Sedena va a recibir el Tren Maya de parte de Fonatur, que ha estado a cargo de la direcci\u00f3n de la obra\u201d, asever\u00f3 el tabasque\u00f1o desde el Palacio Nacional.<\/p>\n\n\n\n<p>Asimismo, L\u00f3pez Obrador dijo que informar\u00e1 sobre el Tramo 3 del Tren Maya que va de Campeche a Yucat\u00e1n y que la empresa Tren Maya deber\u00e1 asumir todas las operaciones del proyecto a m\u00e1s tardar el 31 de diciembre pr\u00f3ximo(Fuente:Milenio\/Xeva)<\/p>\n","protected":false},"excerpt":{"rendered":"<p>(Redacci\u00f3n) L\u00f3pez Obrador dijo que informar\u00e1 sobre el Tramo 3 del Tren Maya que va de Campeche a Yucat\u00e1n y que la empresa Tren Maya deber\u00e1 asumir todas las operaciones del proyecto a m\u00e1s tardar el 31 de diciembre pr\u00f3ximo Ciudad de M\u00e9xico, a 04 de septiembre del 2023.-En la conferencia matutina de este lunes, [&hellip;]<\/p>\n","protected":false},"author":1,"featured_media":229638,"comment_status":"open","ping_status":"open","sticky":false,"template":"","format":"standard","meta":{"footnotes":""},"categories":[8],"tags":[],"class_list":["post-229636","post","type-post","status-publish","format-standard","has-post-thumbnail","hentry","category-pais","entry","has-media"],"jetpack_featured_media_url":"http:\/\/vertienteglobal.com\/wp-content\/uploads\/2023\/09\/20230905_095251.jpg","_links":{"self":[{"href":"http:\/\/vertienteglobal.com\/index.php?rest_route=\/wp\/v2\/posts\/229636","targetHints":{"allow":["GET"]}}],"collection":[{"href":"http:\/\/vertienteglobal.com\/index.php?rest_route=\/wp\/v2\/posts"}],"about":[{"href":"http:\/\/vertienteglobal.com\/index.php?rest_route=\/wp\/v2\/types\/post"}],"author":[{"embeddable":true,"href":"http:\/\/vertienteglobal.com\/index.php?rest_route=\/wp\/v2\/users\/1"}],"replies":[{"embeddable":true,"href":"http:\/\/vertienteglobal.com\/index.php?rest_route=%2Fwp%2Fv2%2Fcomments&post=229636"}],"version-history":[{"count":0,"href":"http:\/\/vertienteglobal.com\/index.php?rest_route=\/wp\/v2\/posts\/229636\/revisions"}],"wp:featuredmedia":[{"embeddable":true,"href":"http:\/\/vertienteglobal.com\/index.php?rest_route=\/wp\/v2\/media\/229638"}],"wp:attachment":[{"href":"http:\/\/vertienteglobal.com\/index.php?rest_route=%2Fwp%2Fv2%2Fmedia&parent=229636"}],"wp:term":[{"taxonomy":"category","embeddable":true,"href":"http:\/\/vertienteglobal.com\/index.php?rest_route=%2Fwp%2Fv2%2Fcategories&post=229636"},{"taxonomy":"post_tag","embeddable":true,"href":"http:\/\/vertienteglobal.com\/index.php?rest_route=%2Fwp%2Fv2%2Ftags&post=229636"}],"curies":[{"name":"wp","href":"https:\/\/api.w.org\/{rel}","templated":true}]}}