{"id":229627,"date":"2023-09-03T16:58:00","date_gmt":"2023-09-03T21:58:00","guid":{"rendered":"http:\/\/vertienteglobal.com\/?p=229627"},"modified":"2023-09-05T09:42:03","modified_gmt":"2023-09-05T14:42:03","slug":"primeras-pruebas-del-tren-maya-duraran-alrededor-de-dos-meses-hasta-su-inauguracion-amlo","status":"publish","type":"post","link":"http:\/\/vertienteglobal.com\/?p=229627","title":{"rendered":"Primeras pruebas del Tren Maya durar\u00e1n alrededor de dos meses, hasta su inauguraci\u00f3n: AMLO"},"content":{"rendered":"\n<div class=\"twitterbutton\" style=\"float: right; padding-left: 5px;\"><a href=\"http:\/\/twitter.com\/share\" class=\"twitter-share-button\" data-count=\"horizontal\" data-text=\"Primeras pruebas del Tren Maya durar\u00e1n alrededor de dos meses, hasta su inaugur...\" data-via=\"https:\/\/twitter.com\/VertienteGloba1\" data-url=\"http:\/\/vertienteglobal.com\/?p=229627\" data-lang=\"es\" data-related=\"Informaci\u00f3n general:S\u00edguenos para que est\u00e9ss informado\"><\/a><\/div>\n<figure class=\"wp-block-image size-full\"><img loading=\"lazy\" decoding=\"async\" width=\"1024\" height=\"683\" src=\"http:\/\/vertienteglobal.com\/wp-content\/uploads\/2023\/09\/214412.jpg\" alt=\"\" class=\"wp-image-229628\" srcset=\"http:\/\/vertienteglobal.com\/wp-content\/uploads\/2023\/09\/214412.jpg 1024w, http:\/\/vertienteglobal.com\/wp-content\/uploads\/2023\/09\/214412-300x200.jpg 300w, http:\/\/vertienteglobal.com\/wp-content\/uploads\/2023\/09\/214412-150x100.jpg 150w, http:\/\/vertienteglobal.com\/wp-content\/uploads\/2023\/09\/214412-768x512.jpg 768w\" sizes=\"auto, (max-width: 1024px) 100vw, 1024px\" \/><\/figure>\n\n\n\n<p>(Redacci\u00f3n)<\/p>\n\n\n\n<p>Manifest\u00f3 que el recorrido que realiz\u00f3 el s\u00e1bado fue muy bueno y que le gust\u00f3 el funcionamiento del tren<\/p>\n\n\n\n<p>Canc\u00fan Quintana Roo, a 03 septiembre del 2023El -presidente mexicano Andr\u00e9s Manuel L\u00f3pez Obrador, dio a conocer que las pruebas del Tren Maya durar\u00e1n alrededor de dos meses, previo a su inauguraci\u00f3n prevista para el mes de diciembre del presente a\u00f1o.<\/p>\n\n\n\n<p>Fue en la inauguraci\u00f3n del bulevar Luis Donaldo Colosio y el Distribuidor Aeropuerto, en donde el tabasque\u00f1o dio a conocer dicha noticia, adem\u00e1s manifest\u00f3 que el recorrido que realiz\u00f3 el s\u00e1bado fue muy bueno y que le gust\u00f3 el funcionamiento del tren.<\/p>\n\n\n\n<p>Tras dicho viaje en el Tren Maya, L\u00f3pez Obrador detall\u00f3 que el convoy en el que viaj\u00f3 se detuvo en varias ocasiones para la realizaci\u00f3n de revisiones t\u00e9cnicas y recalc\u00f3 que son se trata de un periodo de pruebas, por lo que asegur\u00f3 que se realizar\u00e1n recorridos de pruebas en el tren una vez por mes antes de la inauguraci\u00f3n en diciembre.<\/p>\n\n\n\n<p>\u201cEn un mes me voy a volver a embarcar en el tren ahora de Canc\u00fan a M\u00e9rida, M\u00e9rida, Campeche, vamos a llegar a Campeche. En dos meses me vuelvo a subir: Canc\u00fan, M\u00e9rida, Campeche, Esc\u00e1rcega, Palenque y en diciembre estamos inaugurando\u201d, asegur\u00f3.(Fuente: L\u00f3pez D\u00f3riga\/Xeva)<\/p>\n","protected":false},"excerpt":{"rendered":"<p>(Redacci\u00f3n) Manifest\u00f3 que el recorrido que realiz\u00f3 el s\u00e1bado fue muy bueno y que le gust\u00f3 el funcionamiento del tren Canc\u00fan Quintana Roo, a 03 septiembre del 2023El -presidente mexicano Andr\u00e9s Manuel L\u00f3pez Obrador, dio a conocer que las pruebas del Tren Maya durar\u00e1n alrededor de dos meses, previo a su inauguraci\u00f3n prevista para el [&hellip;]<\/p>\n","protected":false},"author":1,"featured_media":229628,"comment_status":"open","ping_status":"open","sticky":false,"template":"","format":"standard","meta":{"footnotes":""},"categories":[8,3],"tags":[],"class_list":["post-229627","post","type-post","status-publish","format-standard","has-post-thumbnail","hentry","category-pais","category-quintana-roo","entry","has-media"],"jetpack_featured_media_url":"http:\/\/vertienteglobal.com\/wp-content\/uploads\/2023\/09\/214412.jpg","_links":{"self":[{"href":"http:\/\/vertienteglobal.com\/index.php?rest_route=\/wp\/v2\/posts\/229627","targetHints":{"allow":["GET"]}}],"collection":[{"href":"http:\/\/vertienteglobal.com\/index.php?rest_route=\/wp\/v2\/posts"}],"about":[{"href":"http:\/\/vertienteglobal.com\/index.php?rest_route=\/wp\/v2\/types\/post"}],"author":[{"embeddable":true,"href":"http:\/\/vertienteglobal.com\/index.php?rest_route=\/wp\/v2\/users\/1"}],"replies":[{"embeddable":true,"href":"http:\/\/vertienteglobal.com\/index.php?rest_route=%2Fwp%2Fv2%2Fcomments&post=229627"}],"version-history":[{"count":0,"href":"http:\/\/vertienteglobal.com\/index.php?rest_route=\/wp\/v2\/posts\/229627\/revisions"}],"wp:featuredmedia":[{"embeddable":true,"href":"http:\/\/vertienteglobal.com\/index.php?rest_route=\/wp\/v2\/media\/229628"}],"wp:attachment":[{"href":"http:\/\/vertienteglobal.com\/index.php?rest_route=%2Fwp%2Fv2%2Fmedia&parent=229627"}],"wp:term":[{"taxonomy":"category","embeddable":true,"href":"http:\/\/vertienteglobal.com\/index.php?rest_route=%2Fwp%2Fv2%2Fcategories&post=229627"},{"taxonomy":"post_tag","embeddable":true,"href":"http:\/\/vertienteglobal.com\/index.php?rest_route=%2Fwp%2Fv2%2Ftags&post=229627"}],"curies":[{"name":"wp","href":"https:\/\/api.w.org\/{rel}","templated":true}]}}