{"id":229504,"date":"2023-09-01T11:52:00","date_gmt":"2023-09-01T16:52:00","guid":{"rendered":"http:\/\/vertienteglobal.com\/?p=229504"},"modified":"2023-09-01T20:44:37","modified_gmt":"2023-09-02T01:44:37","slug":"equipo-quintanarroense-de-voleibol-subcampeon-en-el-encuentro-nacional-deportivo-indigena","status":"publish","type":"post","link":"http:\/\/vertienteglobal.com\/?p=229504","title":{"rendered":"Equipo quintanarroense de voleibol subcampe\u00f3n en el Encuentro Nacional Deportivo Ind\u00edgena"},"content":{"rendered":"\n<div class=\"twitterbutton\" style=\"float: right; padding-left: 5px;\"><a href=\"http:\/\/twitter.com\/share\" class=\"twitter-share-button\" data-count=\"horizontal\" data-text=\"Equipo quintanarroense de voleibol subcampe\u00f3n en el Encuentro Nacional Deportiv...\" data-via=\"https:\/\/twitter.com\/VertienteGloba1\" data-url=\"http:\/\/vertienteglobal.com\/?p=229504\" data-lang=\"es\" data-related=\"Informaci\u00f3n general:S\u00edguenos para que est\u00e9ss informado\"><\/a><\/div>\n<figure class=\"wp-block-image size-large\"><img loading=\"lazy\" decoding=\"async\" width=\"1024\" height=\"768\" src=\"http:\/\/vertienteglobal.com\/wp-content\/uploads\/2023\/09\/WhatsApp-Image-2023-09-01-at-14.59.57-1024x768.jpeg\" alt=\"\" class=\"wp-image-229505\" srcset=\"http:\/\/vertienteglobal.com\/wp-content\/uploads\/2023\/09\/WhatsApp-Image-2023-09-01-at-14.59.57-1024x768.jpeg 1024w, http:\/\/vertienteglobal.com\/wp-content\/uploads\/2023\/09\/WhatsApp-Image-2023-09-01-at-14.59.57-300x225.jpeg 300w, http:\/\/vertienteglobal.com\/wp-content\/uploads\/2023\/09\/WhatsApp-Image-2023-09-01-at-14.59.57-150x113.jpeg 150w, http:\/\/vertienteglobal.com\/wp-content\/uploads\/2023\/09\/WhatsApp-Image-2023-09-01-at-14.59.57-768x576.jpeg 768w, http:\/\/vertienteglobal.com\/wp-content\/uploads\/2023\/09\/WhatsApp-Image-2023-09-01-at-14.59.57.jpeg 1280w\" sizes=\"auto, (max-width: 1024px) 100vw, 1024px\" \/><\/figure>\n\n\n\n<p>(Redacci\u00f3n)<\/p>\n\n\n\n<p>El representativo femenil de la entidad conquist\u00f3 un metal de plata, tras disputar la final de la justa a Veracruz<\/p>\n\n\n\n<p>Morelia, Michoac\u00e1n, 01 de septiembre del 2023.-La selecci\u00f3n de voleibol femenil de Quintana Roo tuvo una destacada participaci\u00f3n en el Encuentro Nacional Deportivo Ind\u00edgena 2023, que se disput\u00f3 en Morelia, Michoac\u00e1n, esto luego de finalizar como subcampe\u00f3n de esta justa y con ello entregarle al estado una presea de plata.<\/p>\n\n\n\n<p>El equipo quintanarroense hizo el viaje a suelo michoacano, donde logr\u00f3 un gran resultado a nivel nacional, contando con el apoyo y respaldo de la Comisi\u00f3n para la Juventud y el Deporte de Quintana Roo (COJUDEQ), priorizando el desarrollo de las y los atletas, esto en el marco del Nuevo Acuerdo por el Bienestar y Desarrollo, que promueve la gobernadora Mara Lezama Espinosa.<\/p>\n\n\n\n<p>\u201cQuintana Roo es un estado con mucho talento deportivo, que siempre se encuentra compitiendo por los primeros lugares y eso es sin duda al gran trabajo de las y los deportistas, a quienes reconocemos su entrega y felicitamos por poner en alto a nuestro estado, gracias por emocionarnos y muchas felicidades por esta medalla de plata a nivel nacional\u201d, coment\u00f3 Eric Arcila Arjona, presidente de la COJUDEQ.<\/p>\n\n\n\n<p>El cuadro estatal, que estuvo dirigido por el profesor Jorge Enrique Pacheco S\u00e1nchez, se instal\u00f3 en la final torneo, donde demostr\u00f3 gran estilo de juego ganando el primer parcial dejando el marcador 25-10, pero posteriormente, no pudieron mantener la ventaja y cayeron en dos sets de 19-25 y 11-15, con esto las de Quintana Roo se quedaron con el subcampeonato y la medalla de plata.<\/p>\n\n\n\n<p>Hay que resaltar que el equipo quintanarroense estuvo conformado por Alexandra Gonz\u00e1lez Contreras, Arleth Sol\u00eds Garc\u00eda, Ver\u00f3nica Kauil V\u00e1zquez, Ivana Massa C\u00f3rdoba, Sirenya Ju\u00e1rez Alcocer, Sophia Aceves G\u00f3mez y Emily del Moral Palomino.<\/p>\n\n\n\n<p>En su camino por la medalla de plata, Quintana Roo realiz\u00f3 un torneo muy destacado; en la fase de semifinales, superaron a Sonora en dos sets de 25-20 y 25-10; y previamente, vencieron a los estados de Morelos, Guanajuato y Chiapas, finalizando como l\u00edder del Grupo A en calidad de invicto.<\/p>\n","protected":false},"excerpt":{"rendered":"<p>(Redacci\u00f3n) El representativo femenil de la entidad conquist\u00f3 un metal de plata, tras disputar la final de la justa a Veracruz Morelia, Michoac\u00e1n, 01 de septiembre del 2023.-La selecci\u00f3n de voleibol femenil de Quintana Roo tuvo una destacada participaci\u00f3n en el Encuentro Nacional Deportivo Ind\u00edgena 2023, que se disput\u00f3 en Morelia, Michoac\u00e1n, esto luego de [&hellip;]<\/p>\n","protected":false},"author":1,"featured_media":229505,"comment_status":"open","ping_status":"open","sticky":false,"template":"","format":"standard","meta":{"footnotes":""},"categories":[11,3],"tags":[],"class_list":["post-229504","post","type-post","status-publish","format-standard","has-post-thumbnail","hentry","category-deportes","category-quintana-roo","entry","has-media"],"jetpack_featured_media_url":"http:\/\/vertienteglobal.com\/wp-content\/uploads\/2023\/09\/WhatsApp-Image-2023-09-01-at-14.59.57.jpeg","_links":{"self":[{"href":"http:\/\/vertienteglobal.com\/index.php?rest_route=\/wp\/v2\/posts\/229504","targetHints":{"allow":["GET"]}}],"collection":[{"href":"http:\/\/vertienteglobal.com\/index.php?rest_route=\/wp\/v2\/posts"}],"about":[{"href":"http:\/\/vertienteglobal.com\/index.php?rest_route=\/wp\/v2\/types\/post"}],"author":[{"embeddable":true,"href":"http:\/\/vertienteglobal.com\/index.php?rest_route=\/wp\/v2\/users\/1"}],"replies":[{"embeddable":true,"href":"http:\/\/vertienteglobal.com\/index.php?rest_route=%2Fwp%2Fv2%2Fcomments&post=229504"}],"version-history":[{"count":0,"href":"http:\/\/vertienteglobal.com\/index.php?rest_route=\/wp\/v2\/posts\/229504\/revisions"}],"wp:featuredmedia":[{"embeddable":true,"href":"http:\/\/vertienteglobal.com\/index.php?rest_route=\/wp\/v2\/media\/229505"}],"wp:attachment":[{"href":"http:\/\/vertienteglobal.com\/index.php?rest_route=%2Fwp%2Fv2%2Fmedia&parent=229504"}],"wp:term":[{"taxonomy":"category","embeddable":true,"href":"http:\/\/vertienteglobal.com\/index.php?rest_route=%2Fwp%2Fv2%2Fcategories&post=229504"},{"taxonomy":"post_tag","embeddable":true,"href":"http:\/\/vertienteglobal.com\/index.php?rest_route=%2Fwp%2Fv2%2Ftags&post=229504"}],"curies":[{"name":"wp","href":"https:\/\/api.w.org\/{rel}","templated":true}]}}