{"id":229469,"date":"2023-09-01T14:24:00","date_gmt":"2023-09-01T19:24:00","guid":{"rendered":"http:\/\/vertienteglobal.com\/?p=229469"},"modified":"2023-09-01T19:15:14","modified_gmt":"2023-09-02T00:15:14","slug":"tren-maya-sera-inaugurado-en-diciembre-reitera-el-presidente-andres-manuel-lopez-obrador-en-su-informe","status":"publish","type":"post","link":"http:\/\/vertienteglobal.com\/?p=229469","title":{"rendered":"Tren Maya ser\u00e1 inaugurado en diciembre, reitera el presidente Andr\u00e9s Manuel L\u00f3pez Obrador en su informe"},"content":{"rendered":"\n<div class=\"twitterbutton\" style=\"float: right; padding-left: 5px;\"><a href=\"http:\/\/twitter.com\/share\" class=\"twitter-share-button\" data-count=\"horizontal\" data-text=\"Tren Maya ser\u00e1 inaugurado en diciembre, reitera el presidente Andr\u00e9s Manuel L?...\" data-via=\"https:\/\/twitter.com\/VertienteGloba1\" data-url=\"http:\/\/vertienteglobal.com\/?p=229469\" data-lang=\"es\" data-related=\"Informaci\u00f3n general:S\u00edguenos para que est\u00e9ss informado\"><\/a><\/div>\n<figure class=\"wp-block-image size-full\"><img loading=\"lazy\" decoding=\"async\" width=\"789\" height=\"548\" src=\"http:\/\/vertienteglobal.com\/wp-content\/uploads\/2023\/09\/20230901_114854.png\" alt=\"\" class=\"wp-image-229470\" srcset=\"http:\/\/vertienteglobal.com\/wp-content\/uploads\/2023\/09\/20230901_114854.png 789w, http:\/\/vertienteglobal.com\/wp-content\/uploads\/2023\/09\/20230901_114854-300x208.png 300w, http:\/\/vertienteglobal.com\/wp-content\/uploads\/2023\/09\/20230901_114854-150x104.png 150w, http:\/\/vertienteglobal.com\/wp-content\/uploads\/2023\/09\/20230901_114854-768x533.png 768w\" sizes=\"auto, (max-width: 789px) 100vw, 789px\" \/><\/figure>\n\n\n\n<p>(Antonio Rivera)<\/p>\n\n\n\n<p>El presidente anunci\u00f3 con entusiasmo que en diciembre se inaugurar\u00e1 el Tren Maya, un ambicioso proyecto de infraestructura que abarca 1,554 kil\u00f3metros y atraviesa cinco estados del sureste mexicano<\/p>\n\n\n\n<p>San Francisco de Campeche Campeche, 01 de septiembre 2023.- El presidente de M\u00e9xico, Andr\u00e9s Manuel L\u00f3pez Obrador, resalt\u00f3 la pol\u00edtica de su administraci\u00f3n basada en \u00abcero corrupci\u00f3n y austeridad\u00bb, que ha permitido la construcci\u00f3n de diversas obras de infraestructura en el pa\u00eds.<\/p>\n\n\n\n<p>Y es que en la presentaci\u00f3n de su Quinto Informe de Gobierno, el presidente Andr\u00e9s Manuel L\u00f3pez Obrador, hizo hincapi\u00e9 en los logros alcanzados en materia de proyectos de transporte e infraestructura durante su discurso desde Campeche.<\/p>\n\n\n\n<p>Entre las obras mencionadas por el presidente \u00f1, Andr\u00e9s Manuel L\u00f3pez Obrador, se encuentra la construcci\u00f3n del Aeropuerto Internacional Felipe \u00c1ngeles (AIFA), que ha sido uno de los proyectos m\u00e1s destacados de su administraci\u00f3n.<\/p>\n\n\n\n<p>Tambi\u00e9n destac\u00f3 el mantenimiento del Aeropuerto Internacional de la Ciudad de M\u00e9xico (AICM) y la construcci\u00f3n del Aeropuerto Felipe Carrillo Puerto en Tulum.<\/p>\n\n\n\n<p>Asimismo ,el presidente anunci\u00f3 con entusiasmo que en diciembre se inaugurar\u00e1 el Tren Maya, un ambicioso proyecto de infraestructura que abarca 1,554 kil\u00f3metros y atraviesa cinco estados del sureste mexicano.<\/p>\n\n\n\n<p>L\u00f3pez Obrador, resalt\u00f3 que el Tren Maya es \u00abla obra m\u00e1s importante que se est\u00e9 construyendo en el mundo\u00bb en la actualidad.<\/p>\n\n\n\n<figure class=\"wp-block-image size-full\"><img loading=\"lazy\" decoding=\"async\" width=\"1024\" height=\"683\" src=\"http:\/\/vertienteglobal.com\/wp-content\/uploads\/2023\/09\/214293.jpg\" alt=\"\" class=\"wp-image-229471\" srcset=\"http:\/\/vertienteglobal.com\/wp-content\/uploads\/2023\/09\/214293.jpg 1024w, http:\/\/vertienteglobal.com\/wp-content\/uploads\/2023\/09\/214293-300x200.jpg 300w, http:\/\/vertienteglobal.com\/wp-content\/uploads\/2023\/09\/214293-150x100.jpg 150w, http:\/\/vertienteglobal.com\/wp-content\/uploads\/2023\/09\/214293-768x512.jpg 768w\" sizes=\"auto, (max-width: 1024px) 100vw, 1024px\" \/><\/figure>\n\n\n\n<figure class=\"wp-block-image size-full\"><img loading=\"lazy\" decoding=\"async\" width=\"1024\" height=\"768\" src=\"http:\/\/vertienteglobal.com\/wp-content\/uploads\/2023\/09\/20230901_171105.jpg\" alt=\"\" class=\"wp-image-229472\" srcset=\"http:\/\/vertienteglobal.com\/wp-content\/uploads\/2023\/09\/20230901_171105.jpg 1024w, http:\/\/vertienteglobal.com\/wp-content\/uploads\/2023\/09\/20230901_171105-300x225.jpg 300w, http:\/\/vertienteglobal.com\/wp-content\/uploads\/2023\/09\/20230901_171105-150x113.jpg 150w, http:\/\/vertienteglobal.com\/wp-content\/uploads\/2023\/09\/20230901_171105-768x576.jpg 768w\" sizes=\"auto, (max-width: 1024px) 100vw, 1024px\" \/><\/figure>\n\n\n\n<figure class=\"wp-block-image size-large\"><img loading=\"lazy\" decoding=\"async\" width=\"1024\" height=\"538\" src=\"http:\/\/vertienteglobal.com\/wp-content\/uploads\/2023\/09\/IMG-20230901-WA0145-1024x538.jpg\" alt=\"\" class=\"wp-image-229473\" srcset=\"http:\/\/vertienteglobal.com\/wp-content\/uploads\/2023\/09\/IMG-20230901-WA0145-1024x538.jpg 1024w, http:\/\/vertienteglobal.com\/wp-content\/uploads\/2023\/09\/IMG-20230901-WA0145-300x158.jpg 300w, http:\/\/vertienteglobal.com\/wp-content\/uploads\/2023\/09\/IMG-20230901-WA0145-150x79.jpg 150w, http:\/\/vertienteglobal.com\/wp-content\/uploads\/2023\/09\/IMG-20230901-WA0145-768x403.jpg 768w, http:\/\/vertienteglobal.com\/wp-content\/uploads\/2023\/09\/IMG-20230901-WA0145.jpg 1200w\" sizes=\"auto, (max-width: 1024px) 100vw, 1024px\" \/><\/figure>\n\n\n\n<figure class=\"wp-block-image size-large\"><img loading=\"lazy\" decoding=\"async\" width=\"1024\" height=\"538\" src=\"http:\/\/vertienteglobal.com\/wp-content\/uploads\/2023\/09\/IMG-20230901-WA0144-1024x538.jpg\" alt=\"\" class=\"wp-image-229474\" srcset=\"http:\/\/vertienteglobal.com\/wp-content\/uploads\/2023\/09\/IMG-20230901-WA0144-1024x538.jpg 1024w, http:\/\/vertienteglobal.com\/wp-content\/uploads\/2023\/09\/IMG-20230901-WA0144-300x158.jpg 300w, http:\/\/vertienteglobal.com\/wp-content\/uploads\/2023\/09\/IMG-20230901-WA0144-150x79.jpg 150w, http:\/\/vertienteglobal.com\/wp-content\/uploads\/2023\/09\/IMG-20230901-WA0144-768x403.jpg 768w, http:\/\/vertienteglobal.com\/wp-content\/uploads\/2023\/09\/IMG-20230901-WA0144.jpg 1200w\" sizes=\"auto, (max-width: 1024px) 100vw, 1024px\" \/><\/figure>\n","protected":false},"excerpt":{"rendered":"<p>(Antonio Rivera) El presidente anunci\u00f3 con entusiasmo que en diciembre se inaugurar\u00e1 el Tren Maya, un ambicioso proyecto de infraestructura que abarca 1,554 kil\u00f3metros y atraviesa cinco estados del sureste mexicano San Francisco de Campeche Campeche, 01 de septiembre 2023.- El presidente de M\u00e9xico, Andr\u00e9s Manuel L\u00f3pez Obrador, resalt\u00f3 la pol\u00edtica de su administraci\u00f3n basada [&hellip;]<\/p>\n","protected":false},"author":1,"featured_media":229473,"comment_status":"open","ping_status":"open","sticky":false,"template":"","format":"standard","meta":{"footnotes":""},"categories":[4,6,8,3,5,2],"tags":[],"class_list":["post-229469","post","type-post","status-publish","format-standard","has-post-thumbnail","hentry","category-campeche","category-chiapas","category-pais","category-quintana-roo","category-tabasco","category-yucatan","entry","has-media"],"jetpack_featured_media_url":"http:\/\/vertienteglobal.com\/wp-content\/uploads\/2023\/09\/IMG-20230901-WA0145.jpg","_links":{"self":[{"href":"http:\/\/vertienteglobal.com\/index.php?rest_route=\/wp\/v2\/posts\/229469","targetHints":{"allow":["GET"]}}],"collection":[{"href":"http:\/\/vertienteglobal.com\/index.php?rest_route=\/wp\/v2\/posts"}],"about":[{"href":"http:\/\/vertienteglobal.com\/index.php?rest_route=\/wp\/v2\/types\/post"}],"author":[{"embeddable":true,"href":"http:\/\/vertienteglobal.com\/index.php?rest_route=\/wp\/v2\/users\/1"}],"replies":[{"embeddable":true,"href":"http:\/\/vertienteglobal.com\/index.php?rest_route=%2Fwp%2Fv2%2Fcomments&post=229469"}],"version-history":[{"count":0,"href":"http:\/\/vertienteglobal.com\/index.php?rest_route=\/wp\/v2\/posts\/229469\/revisions"}],"wp:featuredmedia":[{"embeddable":true,"href":"http:\/\/vertienteglobal.com\/index.php?rest_route=\/wp\/v2\/media\/229473"}],"wp:attachment":[{"href":"http:\/\/vertienteglobal.com\/index.php?rest_route=%2Fwp%2Fv2%2Fmedia&parent=229469"}],"wp:term":[{"taxonomy":"category","embeddable":true,"href":"http:\/\/vertienteglobal.com\/index.php?rest_route=%2Fwp%2Fv2%2Fcategories&post=229469"},{"taxonomy":"post_tag","embeddable":true,"href":"http:\/\/vertienteglobal.com\/index.php?rest_route=%2Fwp%2Fv2%2Ftags&post=229469"}],"curies":[{"name":"wp","href":"https:\/\/api.w.org\/{rel}","templated":true}]}}