{"id":229422,"date":"2023-08-31T21:09:00","date_gmt":"2023-09-01T02:09:00","guid":{"rendered":"http:\/\/vertienteglobal.com\/?p=229422"},"modified":"2023-08-31T22:19:06","modified_gmt":"2023-09-01T03:19:06","slug":"sedetus-asiste-a-la-firma-de-actas-constitutivas-de-la-amii-secciones-cancun-y-tulum","status":"publish","type":"post","link":"http:\/\/vertienteglobal.com\/?p=229422","title":{"rendered":"SEDETUS asiste a la firma de actas constitutivas de la AMII secciones Canc\u00fan y Tulum"},"content":{"rendered":"\n<div class=\"twitterbutton\" style=\"float: right; padding-left: 5px;\"><a href=\"http:\/\/twitter.com\/share\" class=\"twitter-share-button\" data-count=\"horizontal\" data-text=\"SEDETUS asiste a la firma de actas constitutivas de la AMII secciones Canc\u00fan y ...\" data-via=\"https:\/\/twitter.com\/VertienteGloba1\" data-url=\"http:\/\/vertienteglobal.com\/?p=229422\" data-lang=\"es\" data-related=\"Informaci\u00f3n general:S\u00edguenos para que est\u00e9ss informado\"><\/a><\/div>\n<figure class=\"wp-block-image size-full\"><img loading=\"lazy\" decoding=\"async\" width=\"1024\" height=\"461\" src=\"http:\/\/vertienteglobal.com\/wp-content\/uploads\/2023\/08\/sedetus.jpg\" alt=\"\" class=\"wp-image-229423\" srcset=\"http:\/\/vertienteglobal.com\/wp-content\/uploads\/2023\/08\/sedetus.jpg 1024w, http:\/\/vertienteglobal.com\/wp-content\/uploads\/2023\/08\/sedetus-300x135.jpg 300w, http:\/\/vertienteglobal.com\/wp-content\/uploads\/2023\/08\/sedetus-150x68.jpg 150w, http:\/\/vertienteglobal.com\/wp-content\/uploads\/2023\/08\/sedetus-768x346.jpg 768w\" sizes=\"auto, (max-width: 1024px) 100vw, 1024px\" \/><\/figure>\n\n\n\n<p>(Redacci\u00f3n)<\/p>\n\n\n\n<p>La SEDETUS participa en garantizar la certeza jur\u00eddica de la actividad inmobiliaria y del patrimonio de las y los quintanarroenses y ordenar la actividad mediante el padr\u00f3n estatal de asesores inmobiliarios y al mismo tiempo felicit\u00f3 a los miembros de AMII por su octavo aniversario<\/p>\n\n\n\n<p>Playa del Carmen, Quintana Roo a 31 de agosto de 2023.-Para que el gobierno de la transformaci\u00f3n profunda que encabeza la gobernadora Mara Lezama Espinosa, es prioridad conducir y orientar al estado hacia el crecimiento sustentable, solidario y resiliente, enfatiz\u00f3 el titular de la Secretar\u00eda de Desarrollo Territorial Urbano Sustentable (SEDETUS) Armando Lara De Nigris, al asistir como invitado a la Firma de actas constitutivas de la Asociaci\u00f3n Mexicana de la Industria Inmobiliaria (AMII) secciones Canc\u00fan y Tulum.<\/p>\n\n\n\n<p>\u201cEn el Gobierno del Estado y AMII tenemos objetivos comunes y trabajando unidos como lo hacemos, contribuimos al desarrollo econ\u00f3mico del estado y el bienestar de las personas; este es el Nuevo Acuerdo por el Bienestar y el Desarrollo de Quintana Roo que impulsa la gobernadora Mara Lezama Espinosa\u201d, resalt\u00f3.<\/p>\n\n\n\n<p>La SEDETUS participa en garantizar la certeza jur\u00eddica de la actividad inmobiliaria y del patrimonio de las y los quintanarroenses y ordenar la actividad mediante el padr\u00f3n estatal de asesores inmobiliarios y al mismo tiempo felicit\u00f3 a los miembros de AMII por su octavo aniversario.<\/p>\n\n\n\n<p>En su intervenci\u00f3n el presidente nacional de la AMII, Wilbert Guti\u00e9rrez \u00c1lvarez, dijo: \u201cHace ocho a\u00f1os se firm\u00f3 el Acta Constitutiva de AMII; actualmente es una organizaci\u00f3n que ha crecido con pasos firmes y hoy con la firma de las actas constitutivas se formalizan la existencia de la secci\u00f3n Canc\u00fan y la creaci\u00f3n de la secci\u00f3n Tulum\u201d.<\/p>\n\n\n\n<p>La Firma de Actas Constitutivas AMII Secciones Canc\u00fan y Tulum cont\u00f3 con la participaci\u00f3n de la Vicepresidenta Nacional de la AMII, Nahomi Vald\u00e9s de Nicol\u00e1s; la presidenta AMII Tulum, Melania Cisneros Mart\u00ednez; el presidente AMII Canc\u00fan, Marcelo Ram\u00edrez Gonz\u00e1lez y el Notario P\u00fablico n\u00famero 13 de Playa del Carmen, Rub\u00e9n Barahona para dar legalidad al acto.<\/p>\n\n\n\n<figure class=\"wp-block-image size-full\"><img loading=\"lazy\" decoding=\"async\" width=\"585\" height=\"877\" src=\"http:\/\/vertienteglobal.com\/wp-content\/uploads\/2023\/08\/sedetus2-585x877-1.jpg\" alt=\"\" class=\"wp-image-229424\" srcset=\"http:\/\/vertienteglobal.com\/wp-content\/uploads\/2023\/08\/sedetus2-585x877-1.jpg 585w, http:\/\/vertienteglobal.com\/wp-content\/uploads\/2023\/08\/sedetus2-585x877-1-200x300.jpg 200w, http:\/\/vertienteglobal.com\/wp-content\/uploads\/2023\/08\/sedetus2-585x877-1-100x150.jpg 100w\" sizes=\"auto, (max-width: 585px) 100vw, 585px\" \/><\/figure>\n\n\n\n<figure class=\"wp-block-image size-full\"><img loading=\"lazy\" decoding=\"async\" width=\"585\" height=\"390\" src=\"http:\/\/vertienteglobal.com\/wp-content\/uploads\/2023\/08\/sedetus3-585x390-1.jpg\" alt=\"\" class=\"wp-image-229425\" srcset=\"http:\/\/vertienteglobal.com\/wp-content\/uploads\/2023\/08\/sedetus3-585x390-1.jpg 585w, http:\/\/vertienteglobal.com\/wp-content\/uploads\/2023\/08\/sedetus3-585x390-1-300x200.jpg 300w, http:\/\/vertienteglobal.com\/wp-content\/uploads\/2023\/08\/sedetus3-585x390-1-150x100.jpg 150w\" sizes=\"auto, (max-width: 585px) 100vw, 585px\" \/><\/figure>\n","protected":false},"excerpt":{"rendered":"<p>(Redacci\u00f3n) La SEDETUS participa en garantizar la certeza jur\u00eddica de la actividad inmobiliaria y del patrimonio de las y los quintanarroenses y ordenar la actividad mediante el padr\u00f3n estatal de asesores inmobiliarios y al mismo tiempo felicit\u00f3 a los miembros de AMII por su octavo aniversario Playa del Carmen, Quintana Roo a 31 de agosto [&hellip;]<\/p>\n","protected":false},"author":1,"featured_media":229423,"comment_status":"open","ping_status":"open","sticky":false,"template":"","format":"standard","meta":{"footnotes":""},"categories":[3],"tags":[],"class_list":["post-229422","post","type-post","status-publish","format-standard","has-post-thumbnail","hentry","category-quintana-roo","entry","has-media"],"jetpack_featured_media_url":"http:\/\/vertienteglobal.com\/wp-content\/uploads\/2023\/08\/sedetus.jpg","_links":{"self":[{"href":"http:\/\/vertienteglobal.com\/index.php?rest_route=\/wp\/v2\/posts\/229422","targetHints":{"allow":["GET"]}}],"collection":[{"href":"http:\/\/vertienteglobal.com\/index.php?rest_route=\/wp\/v2\/posts"}],"about":[{"href":"http:\/\/vertienteglobal.com\/index.php?rest_route=\/wp\/v2\/types\/post"}],"author":[{"embeddable":true,"href":"http:\/\/vertienteglobal.com\/index.php?rest_route=\/wp\/v2\/users\/1"}],"replies":[{"embeddable":true,"href":"http:\/\/vertienteglobal.com\/index.php?rest_route=%2Fwp%2Fv2%2Fcomments&post=229422"}],"version-history":[{"count":0,"href":"http:\/\/vertienteglobal.com\/index.php?rest_route=\/wp\/v2\/posts\/229422\/revisions"}],"wp:featuredmedia":[{"embeddable":true,"href":"http:\/\/vertienteglobal.com\/index.php?rest_route=\/wp\/v2\/media\/229423"}],"wp:attachment":[{"href":"http:\/\/vertienteglobal.com\/index.php?rest_route=%2Fwp%2Fv2%2Fmedia&parent=229422"}],"wp:term":[{"taxonomy":"category","embeddable":true,"href":"http:\/\/vertienteglobal.com\/index.php?rest_route=%2Fwp%2Fv2%2Fcategories&post=229422"},{"taxonomy":"post_tag","embeddable":true,"href":"http:\/\/vertienteglobal.com\/index.php?rest_route=%2Fwp%2Fv2%2Ftags&post=229422"}],"curies":[{"name":"wp","href":"https:\/\/api.w.org\/{rel}","templated":true}]}}