{"id":229301,"date":"2023-08-31T09:19:00","date_gmt":"2023-08-31T14:19:00","guid":{"rendered":"http:\/\/vertienteglobal.com\/?p=229301"},"modified":"2023-08-31T11:49:32","modified_gmt":"2023-08-31T16:49:32","slug":"subsidio-al-pago-de-la-luz-se-extendera-hasta-octubre-en-estados-con-altas-temperaturas-amlo","status":"publish","type":"post","link":"http:\/\/vertienteglobal.com\/?p=229301","title":{"rendered":"Subsidio al pago de la luz se extender\u00e1 hasta octubre en estados con altas temperaturas: AMLO"},"content":{"rendered":"\n<div class=\"twitterbutton\" style=\"float: right; padding-left: 5px;\"><a href=\"http:\/\/twitter.com\/share\" class=\"twitter-share-button\" data-count=\"horizontal\" data-text=\"Subsidio al pago de la luz se extender\u00e1 hasta octubre en estados con altas temp...\" data-via=\"https:\/\/twitter.com\/VertienteGloba1\" data-url=\"http:\/\/vertienteglobal.com\/?p=229301\" data-lang=\"es\" data-related=\"Informaci\u00f3n general:S\u00edguenos para que est\u00e9ss informado\"><\/a><\/div>\n<figure class=\"wp-block-image size-full\"><img loading=\"lazy\" decoding=\"async\" width=\"788\" height=\"528\" src=\"http:\/\/vertienteglobal.com\/wp-content\/uploads\/2023\/08\/20230831_114629.png\" alt=\"\" class=\"wp-image-229302\" srcset=\"http:\/\/vertienteglobal.com\/wp-content\/uploads\/2023\/08\/20230831_114629.png 788w, http:\/\/vertienteglobal.com\/wp-content\/uploads\/2023\/08\/20230831_114629-300x201.png 300w, http:\/\/vertienteglobal.com\/wp-content\/uploads\/2023\/08\/20230831_114629-150x101.png 150w, http:\/\/vertienteglobal.com\/wp-content\/uploads\/2023\/08\/20230831_114629-768x515.png 768w\" sizes=\"auto, (max-width: 788px) 100vw, 788px\" \/><\/figure>\n\n\n\n<p>(Redacci\u00f3n)<\/p>\n\n\n\n<p>\u201cSe mantiene el subsidio, lo adelanto, y es hasta octubre. Te acuerdas que mencionabas de si se ampliaba hasta octubre, es hasta octubre. Es mayo-octubre. Y se va a buscar la forma que se establezca legalmente, aun cuando a\u00f1o con a\u00f1o se incluye en la ley de ingresos que se aprueba en el Congreso de la Uni\u00f3n\u201d, asever\u00f3 L\u00f3pez Obrador desde Palacio Nacional<\/p>\n\n\n\n<p>Ciudad de M\u00e9xico 31 de agosto 2023.-El presidente Andr\u00e9s Manuel L\u00f3pez Obrador, dio a conocer que en el convenio para el subsidio en el pago del servicio de electricidad que se ofreci\u00f3 en algunas entidades en donde se dan altas temperaturas, se estableci\u00f3 que \u00e9ste se mantenga hasta el mes de octubre; y recalc\u00f3 que \u201cse va a buscar la forma que se establezca legalmente\u201d.<\/p>\n\n\n\n<p>Y es que en la conferencia de prensa \u00abma\u00f1anera\u00bb,el mandatario dio respuesta ante cuestionamiento sobre la situaci\u00f3n de esa energ\u00eda en Hermosillo, ante ello Obrador, respondi\u00f3 que personal de la Comisi\u00f3n Federal de Electricidad ofrecer\u00e1 una conferencia de prensa para aclarar y dar detalles del servicio no s\u00f3lo en ese estado del norte, sino en diferentes puntos del pa\u00eds.<\/p>\n\n\n\n<p>\u201cSe mantiene el subsidio, lo adelanto, y es hasta octubre. Te acuerdas que mencionabas de si se ampliaba hasta octubre, es hasta octubre. Es mayo-octubre. Y se va a buscar la forma que se establezca legalmente, aun cuando a\u00f1o con a\u00f1o se incluye en la ley de ingresos que se aprueba en el Congreso de la Uni\u00f3n\u201d, asever\u00f3 L\u00f3pez Obrador desde Palacio Nacional.<\/p>\n\n\n\n<p>Por lo que el subsidio al pago de luz el\u00e9ctrica se extender\u00e1 hasta octubre, esto luego de que informara que ser\u00eda hasta este martes 31 de agosto cuando se dar\u00eda por finalizado el subsidio que el gobierno otorg\u00f3 a ciertas entidades a fin de resarcir la subida de costos.(Fuente: La Jornada\/Xeva)<\/p>\n","protected":false},"excerpt":{"rendered":"<p>(Redacci\u00f3n) \u201cSe mantiene el subsidio, lo adelanto, y es hasta octubre. Te acuerdas que mencionabas de si se ampliaba hasta octubre, es hasta octubre. Es mayo-octubre. Y se va a buscar la forma que se establezca legalmente, aun cuando a\u00f1o con a\u00f1o se incluye en la ley de ingresos que se aprueba en el Congreso [&hellip;]<\/p>\n","protected":false},"author":1,"featured_media":229302,"comment_status":"open","ping_status":"open","sticky":false,"template":"","format":"standard","meta":{"footnotes":""},"categories":[8],"tags":[],"class_list":["post-229301","post","type-post","status-publish","format-standard","has-post-thumbnail","hentry","category-pais","entry","has-media"],"jetpack_featured_media_url":"http:\/\/vertienteglobal.com\/wp-content\/uploads\/2023\/08\/20230831_114629.png","_links":{"self":[{"href":"http:\/\/vertienteglobal.com\/index.php?rest_route=\/wp\/v2\/posts\/229301","targetHints":{"allow":["GET"]}}],"collection":[{"href":"http:\/\/vertienteglobal.com\/index.php?rest_route=\/wp\/v2\/posts"}],"about":[{"href":"http:\/\/vertienteglobal.com\/index.php?rest_route=\/wp\/v2\/types\/post"}],"author":[{"embeddable":true,"href":"http:\/\/vertienteglobal.com\/index.php?rest_route=\/wp\/v2\/users\/1"}],"replies":[{"embeddable":true,"href":"http:\/\/vertienteglobal.com\/index.php?rest_route=%2Fwp%2Fv2%2Fcomments&post=229301"}],"version-history":[{"count":0,"href":"http:\/\/vertienteglobal.com\/index.php?rest_route=\/wp\/v2\/posts\/229301\/revisions"}],"wp:featuredmedia":[{"embeddable":true,"href":"http:\/\/vertienteglobal.com\/index.php?rest_route=\/wp\/v2\/media\/229302"}],"wp:attachment":[{"href":"http:\/\/vertienteglobal.com\/index.php?rest_route=%2Fwp%2Fv2%2Fmedia&parent=229301"}],"wp:term":[{"taxonomy":"category","embeddable":true,"href":"http:\/\/vertienteglobal.com\/index.php?rest_route=%2Fwp%2Fv2%2Fcategories&post=229301"},{"taxonomy":"post_tag","embeddable":true,"href":"http:\/\/vertienteglobal.com\/index.php?rest_route=%2Fwp%2Fv2%2Ftags&post=229301"}],"curies":[{"name":"wp","href":"https:\/\/api.w.org\/{rel}","templated":true}]}}