{"id":229262,"date":"2023-08-30T19:51:00","date_gmt":"2023-08-31T00:51:00","guid":{"rendered":"http:\/\/vertienteglobal.com\/?p=229262"},"modified":"2023-08-31T11:19:06","modified_gmt":"2023-08-31T16:19:06","slug":"la-fundacion-de-parques-y-museos-de-cozumel-fue-sede-del-primer-taller-presencial-del-grupo-para-la-conservacion-de-las-aves-costeras-de-la-peninsula-de-yucatan","status":"publish","type":"post","link":"http:\/\/vertienteglobal.com\/?p=229262","title":{"rendered":"La Fundaci\u00f3n de Parques y Museos de Cozumel fue sede del primer Taller Presencial del Grupo para la Conservaci\u00f3n de las Aves Costeras de la Pen\u00ednsula de Yucat\u00e1n"},"content":{"rendered":"\n<div class=\"twitterbutton\" style=\"float: right; padding-left: 5px;\"><a href=\"http:\/\/twitter.com\/share\" class=\"twitter-share-button\" data-count=\"horizontal\" data-text=\"La Fundaci\u00f3n de Parques y Museos de Cozumel fue sede del primer Taller Presenci...\" data-via=\"https:\/\/twitter.com\/VertienteGloba1\" data-url=\"http:\/\/vertienteglobal.com\/?p=229262\" data-lang=\"es\" data-related=\"Informaci\u00f3n general:S\u00edguenos para que est\u00e9ss informado\"><\/a><\/div>\n<figure class=\"wp-block-image size-full\"><img loading=\"lazy\" decoding=\"async\" width=\"585\" height=\"439\" src=\"http:\/\/vertienteglobal.com\/wp-content\/uploads\/2023\/08\/FB_IMG_1693498623171.jpg\" alt=\"\" class=\"wp-image-229263\" srcset=\"http:\/\/vertienteglobal.com\/wp-content\/uploads\/2023\/08\/FB_IMG_1693498623171.jpg 585w, http:\/\/vertienteglobal.com\/wp-content\/uploads\/2023\/08\/FB_IMG_1693498623171-300x225.jpg 300w, http:\/\/vertienteglobal.com\/wp-content\/uploads\/2023\/08\/FB_IMG_1693498623171-150x113.jpg 150w\" sizes=\"auto, (max-width: 585px) 100vw, 585px\" \/><\/figure>\n\n\n\n<p>(Redacci\u00f3n)<\/p>\n\n\n\n<p>Participaron representantes de empresas, universidades, agrupaciones y asociaciones ambientales<\/p>\n\n\n\n<p>Cozumel, Quintana Roo 30 de agosto 2023.- La Fundaci\u00f3n de Parques y Museos de Cozumel (FPMC) fue anfitriona del primer Taller Presencial del Grupo para la Conservaci\u00f3n de las Aves Costeras de la Pen\u00ednsula de Yucat\u00e1n (GCACPY), que tiene el objetivo fortalecer las actividades de investigaci\u00f3n, manejo y educaci\u00f3n ambiental para la conservaci\u00f3n del flamenco y aves costeras.<\/p>\n\n\n\n<p>Con el Nuevo Acuerdo por el Bienestar y Desarrollo de Quintana Roo, que impulsa la gobernadora Mara Lezama Espinosa, se promueve el trabajo coordinado con instancias e instituciones de conservaci\u00f3n ambiental para proteger las especies de fauna, como es el caso de la avifauna, debido a que son unos importantes indicadores de la conservaci\u00f3n de los h\u00e1bitats.<\/p>\n\n\n\n<p>El director de Conservaci\u00f3n y Educaci\u00f3n Ambiental (CEA), Rafael Chac\u00f3n D\u00edaz, inform\u00f3 que los talleres te\u00f3ricos y pr\u00e1cticos tuvieron como sede el Centro de Conservaci\u00f3n y Educaci\u00f3n Ambiental (CCEA), el Parque Ecotur\u00edstico Punta Sur y el Parque Natural Chankanaab, y constataron el buen estado de conservaci\u00f3n y restauraci\u00f3n de los ecosistemas costeros y humedales.<\/p>\n\n\n\n<p>El evento cont\u00f3 con la participaci\u00f3n, tanto presencial como v\u00eda remota, de representantes de empresas, universidades, agrupaciones y asociaciones ambientales de la Pen\u00ednsula de Yucat\u00e1n, entre los que se encuentran: la Fundaci\u00f3n San Crisanto A.C., Ni\u00f1os y Cr\u00edas A.C., Grupo Xcaret, Fundaci\u00f3n Pedro y Elena Hern\u00e1ndez, A.C. y el Colegio de la Frontera Sur.<\/p>\n\n\n\n<p>El coordinador del Programa de Flamencos y Aves Costeras de Yucat\u00e1n, Alexander Dzib, explic\u00f3 que las acciones realizadas durante los tres d\u00edas de trabajo contribuyen al fortalecimiento de la conservaci\u00f3n de la avifauna, principalmente de la especie Phoenicopterus ruber.<\/p>\n\n\n\n<p>Resalt\u00f3 el trabajo de monitoreo de los flamencos que lleva a cabo la FPMC en Punta Sur, debido a que contribuye a conocer y registrar sus h\u00e1bitos migratorios en las islas del Caribe, tomando en cuenta que existe la presencia de una colonia de estas aves que visita Cozumel durante largos periodos del a\u00f1o por el buen estado de conservaci\u00f3n de los humedales.<\/p>\n\n\n\n<p>Por su parte, el director de Ni\u00f1os y Cr\u00edas, A.C., Rodrigo Migoya von Bertrab calific\u00f3 como una \u201cmaravilla\u201d el trabajo de conservaci\u00f3n de las aves que encabeza en Cozumel la FPMC, dirigida por Jos\u00e9 Luis Chac\u00f3n M\u00e9ndez, ya que se genera el involucramiento de la comunidad, principalmente las nuevas generaciones.<\/p>\n\n\n\n<figure class=\"wp-block-image size-full\"><img loading=\"lazy\" decoding=\"async\" width=\"585\" height=\"427\" src=\"http:\/\/vertienteglobal.com\/wp-content\/uploads\/2023\/08\/FPMC-AGOSTO-04-585x427-1.jpeg\" alt=\"\" class=\"wp-image-229264\" srcset=\"http:\/\/vertienteglobal.com\/wp-content\/uploads\/2023\/08\/FPMC-AGOSTO-04-585x427-1.jpeg 585w, http:\/\/vertienteglobal.com\/wp-content\/uploads\/2023\/08\/FPMC-AGOSTO-04-585x427-1-300x219.jpeg 300w, http:\/\/vertienteglobal.com\/wp-content\/uploads\/2023\/08\/FPMC-AGOSTO-04-585x427-1-150x109.jpeg 150w\" sizes=\"auto, (max-width: 585px) 100vw, 585px\" \/><\/figure>\n\n\n\n<figure class=\"wp-block-image size-full\"><img loading=\"lazy\" decoding=\"async\" width=\"585\" height=\"470\" src=\"http:\/\/vertienteglobal.com\/wp-content\/uploads\/2023\/08\/FB_IMG_1693498628458.jpg\" alt=\"\" class=\"wp-image-229265\" srcset=\"http:\/\/vertienteglobal.com\/wp-content\/uploads\/2023\/08\/FB_IMG_1693498628458.jpg 585w, http:\/\/vertienteglobal.com\/wp-content\/uploads\/2023\/08\/FB_IMG_1693498628458-300x241.jpg 300w, http:\/\/vertienteglobal.com\/wp-content\/uploads\/2023\/08\/FB_IMG_1693498628458-150x121.jpg 150w\" sizes=\"auto, (max-width: 585px) 100vw, 585px\" \/><\/figure>\n\n\n\n<figure class=\"wp-block-image size-full\"><img loading=\"lazy\" decoding=\"async\" width=\"585\" height=\"417\" src=\"http:\/\/vertienteglobal.com\/wp-content\/uploads\/2023\/08\/FPMC-AGOSTO-05-585x417-1.jpeg\" alt=\"\" class=\"wp-image-229266\" srcset=\"http:\/\/vertienteglobal.com\/wp-content\/uploads\/2023\/08\/FPMC-AGOSTO-05-585x417-1.jpeg 585w, http:\/\/vertienteglobal.com\/wp-content\/uploads\/2023\/08\/FPMC-AGOSTO-05-585x417-1-300x214.jpeg 300w, http:\/\/vertienteglobal.com\/wp-content\/uploads\/2023\/08\/FPMC-AGOSTO-05-585x417-1-150x107.jpeg 150w\" sizes=\"auto, (max-width: 585px) 100vw, 585px\" \/><\/figure>\n","protected":false},"excerpt":{"rendered":"<p>(Redacci\u00f3n) Participaron representantes de empresas, universidades, agrupaciones y asociaciones ambientales Cozumel, Quintana Roo 30 de agosto 2023.- La Fundaci\u00f3n de Parques y Museos de Cozumel (FPMC) fue anfitriona del primer Taller Presencial del Grupo para la Conservaci\u00f3n de las Aves Costeras de la Pen\u00ednsula de Yucat\u00e1n (GCACPY), que tiene el objetivo fortalecer las actividades de [&hellip;]<\/p>\n","protected":false},"author":1,"featured_media":229263,"comment_status":"open","ping_status":"open","sticky":false,"template":"","format":"standard","meta":{"footnotes":""},"categories":[3],"tags":[],"class_list":["post-229262","post","type-post","status-publish","format-standard","has-post-thumbnail","hentry","category-quintana-roo","entry","has-media"],"jetpack_featured_media_url":"http:\/\/vertienteglobal.com\/wp-content\/uploads\/2023\/08\/FB_IMG_1693498623171.jpg","_links":{"self":[{"href":"http:\/\/vertienteglobal.com\/index.php?rest_route=\/wp\/v2\/posts\/229262","targetHints":{"allow":["GET"]}}],"collection":[{"href":"http:\/\/vertienteglobal.com\/index.php?rest_route=\/wp\/v2\/posts"}],"about":[{"href":"http:\/\/vertienteglobal.com\/index.php?rest_route=\/wp\/v2\/types\/post"}],"author":[{"embeddable":true,"href":"http:\/\/vertienteglobal.com\/index.php?rest_route=\/wp\/v2\/users\/1"}],"replies":[{"embeddable":true,"href":"http:\/\/vertienteglobal.com\/index.php?rest_route=%2Fwp%2Fv2%2Fcomments&post=229262"}],"version-history":[{"count":0,"href":"http:\/\/vertienteglobal.com\/index.php?rest_route=\/wp\/v2\/posts\/229262\/revisions"}],"wp:featuredmedia":[{"embeddable":true,"href":"http:\/\/vertienteglobal.com\/index.php?rest_route=\/wp\/v2\/media\/229263"}],"wp:attachment":[{"href":"http:\/\/vertienteglobal.com\/index.php?rest_route=%2Fwp%2Fv2%2Fmedia&parent=229262"}],"wp:term":[{"taxonomy":"category","embeddable":true,"href":"http:\/\/vertienteglobal.com\/index.php?rest_route=%2Fwp%2Fv2%2Fcategories&post=229262"},{"taxonomy":"post_tag","embeddable":true,"href":"http:\/\/vertienteglobal.com\/index.php?rest_route=%2Fwp%2Fv2%2Ftags&post=229262"}],"curies":[{"name":"wp","href":"https:\/\/api.w.org\/{rel}","templated":true}]}}