{"id":229104,"date":"2023-08-28T16:52:00","date_gmt":"2023-08-28T21:52:00","guid":{"rendered":"http:\/\/vertienteglobal.com\/?p=229104"},"modified":"2023-08-28T22:32:25","modified_gmt":"2023-08-29T03:32:25","slug":"concluye-temporada-vacacional-de-verano-2023","status":"publish","type":"post","link":"http:\/\/vertienteglobal.com\/?p=229104","title":{"rendered":"Concluye temporada vacacional de verano 2023"},"content":{"rendered":"\n<div class=\"twitterbutton\" style=\"float: right; padding-left: 5px;\"><a href=\"http:\/\/twitter.com\/share\" class=\"twitter-share-button\" data-count=\"horizontal\" data-text=\"Concluye temporada vacacional de verano 2023\" data-via=\"https:\/\/twitter.com\/VertienteGloba1\" data-url=\"http:\/\/vertienteglobal.com\/?p=229104\" data-lang=\"es\" data-related=\"Informaci\u00f3n general:S\u00edguenos para que est\u00e9ss informado\"><\/a><\/div>\n<figure class=\"wp-block-image size-full\"><img loading=\"lazy\" decoding=\"async\" width=\"1024\" height=\"768\" src=\"http:\/\/vertienteglobal.com\/wp-content\/uploads\/2023\/08\/FB_IMG_1693279693249.jpg\" alt=\"\" class=\"wp-image-229105\" srcset=\"http:\/\/vertienteglobal.com\/wp-content\/uploads\/2023\/08\/FB_IMG_1693279693249.jpg 1024w, http:\/\/vertienteglobal.com\/wp-content\/uploads\/2023\/08\/FB_IMG_1693279693249-300x225.jpg 300w, http:\/\/vertienteglobal.com\/wp-content\/uploads\/2023\/08\/FB_IMG_1693279693249-150x113.jpg 150w, http:\/\/vertienteglobal.com\/wp-content\/uploads\/2023\/08\/FB_IMG_1693279693249-768x576.jpg 768w\" sizes=\"auto, (max-width: 1024px) 100vw, 1024px\" \/><\/figure>\n\n\n\n<p>El operativo de seguridad conjunto entre los tres \u00f3rdenes de gobierno rindi\u00f3 buenos resultados para la protecci\u00f3n de habitantes, visitantes y turistas<\/p>\n\n\n\n<p>Playa del Carmen, Solidaridad, Quintana Roo 28 de agosto del 2023.- Lleg\u00f3 a su fin la temporada vacacional de verano en este destino, uno de los m\u00e1s visitados por nacionales y extranjeros, donde el gobierno que encabeza Lili Campos despleg\u00f3 un fuerte operativo de vigilancia y seguridad, tanto en la zona tur\u00edstica y como en las colonias, en coordinaci\u00f3n con los tres \u00f3rdenes de gobierno.<\/p>\n\n\n\n<p>Tras la ceremonia de regreso a clases de miles de estudiantes de los diversos niveles educativos, el secretario de Protecci\u00f3n Civil, Prevenci\u00f3n de Riesgos y Bombero, Jorge Oropeza, manifest\u00f3 que desde el 24 de julio a 27 de agosto dicha secretar\u00eda realiz\u00f3 158 atenciones a la ciudadan\u00eda, as\u00ed como a los miles de turistas que visitaron este destino. \u201cAdem\u00e1s, es importante mencionar que en la playa durante la temporada de verano se tuvo una afluencia de 384 mil 040 visitantes\u201d.<\/p>\n\n\n\n<p>El secretario de Protecci\u00f3n Civil dijo que en este operativo participaron 21 guardavidas, elementos de la Marina, y se instalaron tres puestos de atenci\u00f3n en Playa Fundadores, Playa Mamita\u2019s y la playa de Punta Esmeralda.<\/p>\n\n\n\n<p>Durante esta temporada vacacional, la Secretar\u00eda de Seguridad P\u00fablica y Tr\u00e1nsito Municipal reforz\u00f3 las labores de vigilancia y prevenci\u00f3n, la Polic\u00eda Tur\u00edstica mantuvo los operativos de proximidad en toda la Quinta y D\u00e9cima avenidas, as\u00ed como en la zona de playas donde se registraron detenidos por faltas administrativas y por delitos como portaci\u00f3n de narc\u00f3ticos.<\/p>\n\n\n\n<p>Para brindar seguridad tambi\u00e9n a los habitantes de este municipio, la Polic\u00eda Preventiva atendi\u00f3 todos los reportes de auxilio y reforz\u00f3 la vigilancia en colonias, fraccionamientos y los cuatro puntos de acceso a la ciudad para prevenir el ingreso y transporte de art\u00edculos y sustancias ilegales, as\u00ed como la detecci\u00f3n de veh\u00edculos con reporte de robo.<\/p>\n\n\n\n<p>Por su parte, el GEAVIG y la Direcci\u00f3n de Participaci\u00f3n Ciudadana y Cultura de Paz reforzaron los diversos sectores con presencia pedestre y en cuatrimotos en plazas, zonas comerciales y bancos, para evitar robos y extorsiones, as\u00ed como dar atenci\u00f3n pronta y oportuna a la poblaci\u00f3n, mientras que la Direcci\u00f3n de Tr\u00e1nsito Municipal despleg\u00f3 un operativo especial de control vial y concientizaci\u00f3n en diversos puntos de la ciudad, principalmente en la Avenida 10.<\/p>\n\n\n\n<figure class=\"wp-block-image size-large\"><img loading=\"lazy\" decoding=\"async\" width=\"1024\" height=\"576\" src=\"http:\/\/vertienteglobal.com\/wp-content\/uploads\/2023\/08\/FB_IMG_1693279699072-1024x576.jpg\" alt=\"\" class=\"wp-image-229106\" srcset=\"http:\/\/vertienteglobal.com\/wp-content\/uploads\/2023\/08\/FB_IMG_1693279699072-1024x576.jpg 1024w, http:\/\/vertienteglobal.com\/wp-content\/uploads\/2023\/08\/FB_IMG_1693279699072-300x169.jpg 300w, http:\/\/vertienteglobal.com\/wp-content\/uploads\/2023\/08\/FB_IMG_1693279699072-150x84.jpg 150w, http:\/\/vertienteglobal.com\/wp-content\/uploads\/2023\/08\/FB_IMG_1693279699072-768x432.jpg 768w, http:\/\/vertienteglobal.com\/wp-content\/uploads\/2023\/08\/FB_IMG_1693279699072.jpg 1080w\" sizes=\"auto, (max-width: 1024px) 100vw, 1024px\" \/><\/figure>\n\n\n\n<figure class=\"wp-block-image size-full\"><img loading=\"lazy\" decoding=\"async\" width=\"1024\" height=\"683\" src=\"http:\/\/vertienteglobal.com\/wp-content\/uploads\/2023\/08\/FB_IMG_1693279702023.jpg\" alt=\"\" class=\"wp-image-229107\" srcset=\"http:\/\/vertienteglobal.com\/wp-content\/uploads\/2023\/08\/FB_IMG_1693279702023.jpg 1024w, http:\/\/vertienteglobal.com\/wp-content\/uploads\/2023\/08\/FB_IMG_1693279702023-300x200.jpg 300w, http:\/\/vertienteglobal.com\/wp-content\/uploads\/2023\/08\/FB_IMG_1693279702023-150x100.jpg 150w, http:\/\/vertienteglobal.com\/wp-content\/uploads\/2023\/08\/FB_IMG_1693279702023-768x512.jpg 768w\" sizes=\"auto, (max-width: 1024px) 100vw, 1024px\" \/><\/figure>\n\n\n\n<figure class=\"wp-block-image size-full\"><img loading=\"lazy\" decoding=\"async\" width=\"1024\" height=\"768\" src=\"http:\/\/vertienteglobal.com\/wp-content\/uploads\/2023\/08\/FB_IMG_1693279696391.jpg\" alt=\"\" class=\"wp-image-229108\" srcset=\"http:\/\/vertienteglobal.com\/wp-content\/uploads\/2023\/08\/FB_IMG_1693279696391.jpg 1024w, http:\/\/vertienteglobal.com\/wp-content\/uploads\/2023\/08\/FB_IMG_1693279696391-300x225.jpg 300w, http:\/\/vertienteglobal.com\/wp-content\/uploads\/2023\/08\/FB_IMG_1693279696391-150x113.jpg 150w, http:\/\/vertienteglobal.com\/wp-content\/uploads\/2023\/08\/FB_IMG_1693279696391-768x576.jpg 768w\" sizes=\"auto, (max-width: 1024px) 100vw, 1024px\" \/><\/figure>\n\n\n\n<figure class=\"wp-block-image size-full\"><img loading=\"lazy\" decoding=\"async\" width=\"1024\" height=\"682\" src=\"http:\/\/vertienteglobal.com\/wp-content\/uploads\/2023\/08\/IMG-20230828-WA0166.jpg\" alt=\"\" class=\"wp-image-229109\" srcset=\"http:\/\/vertienteglobal.com\/wp-content\/uploads\/2023\/08\/IMG-20230828-WA0166.jpg 1024w, http:\/\/vertienteglobal.com\/wp-content\/uploads\/2023\/08\/IMG-20230828-WA0166-300x200.jpg 300w, http:\/\/vertienteglobal.com\/wp-content\/uploads\/2023\/08\/IMG-20230828-WA0166-150x100.jpg 150w, http:\/\/vertienteglobal.com\/wp-content\/uploads\/2023\/08\/IMG-20230828-WA0166-768x512.jpg 768w\" sizes=\"auto, (max-width: 1024px) 100vw, 1024px\" \/><\/figure>\n","protected":false},"excerpt":{"rendered":"<p>El operativo de seguridad conjunto entre los tres \u00f3rdenes de gobierno rindi\u00f3 buenos resultados para la protecci\u00f3n de habitantes, visitantes y turistas Playa del Carmen, Solidaridad, Quintana Roo 28 de agosto del 2023.- Lleg\u00f3 a su fin la temporada vacacional de verano en este destino, uno de los m\u00e1s visitados por nacionales y extranjeros, donde [&hellip;]<\/p>\n","protected":false},"author":1,"featured_media":229109,"comment_status":"open","ping_status":"open","sticky":false,"template":"","format":"standard","meta":{"footnotes":""},"categories":[3],"tags":[],"class_list":["post-229104","post","type-post","status-publish","format-standard","has-post-thumbnail","hentry","category-quintana-roo","entry","has-media"],"jetpack_featured_media_url":"http:\/\/vertienteglobal.com\/wp-content\/uploads\/2023\/08\/IMG-20230828-WA0166.jpg","_links":{"self":[{"href":"http:\/\/vertienteglobal.com\/index.php?rest_route=\/wp\/v2\/posts\/229104","targetHints":{"allow":["GET"]}}],"collection":[{"href":"http:\/\/vertienteglobal.com\/index.php?rest_route=\/wp\/v2\/posts"}],"about":[{"href":"http:\/\/vertienteglobal.com\/index.php?rest_route=\/wp\/v2\/types\/post"}],"author":[{"embeddable":true,"href":"http:\/\/vertienteglobal.com\/index.php?rest_route=\/wp\/v2\/users\/1"}],"replies":[{"embeddable":true,"href":"http:\/\/vertienteglobal.com\/index.php?rest_route=%2Fwp%2Fv2%2Fcomments&post=229104"}],"version-history":[{"count":0,"href":"http:\/\/vertienteglobal.com\/index.php?rest_route=\/wp\/v2\/posts\/229104\/revisions"}],"wp:featuredmedia":[{"embeddable":true,"href":"http:\/\/vertienteglobal.com\/index.php?rest_route=\/wp\/v2\/media\/229109"}],"wp:attachment":[{"href":"http:\/\/vertienteglobal.com\/index.php?rest_route=%2Fwp%2Fv2%2Fmedia&parent=229104"}],"wp:term":[{"taxonomy":"category","embeddable":true,"href":"http:\/\/vertienteglobal.com\/index.php?rest_route=%2Fwp%2Fv2%2Fcategories&post=229104"},{"taxonomy":"post_tag","embeddable":true,"href":"http:\/\/vertienteglobal.com\/index.php?rest_route=%2Fwp%2Fv2%2Ftags&post=229104"}],"curies":[{"name":"wp","href":"https:\/\/api.w.org\/{rel}","templated":true}]}}