{"id":228775,"date":"2023-08-24T20:24:00","date_gmt":"2023-08-25T01:24:00","guid":{"rendered":"http:\/\/vertienteglobal.com\/?p=228775"},"modified":"2023-08-25T06:09:42","modified_gmt":"2023-08-25T11:09:42","slug":"aeropuerto-de-tulum-llevara-prosperidad-a-comunidades-del-centro-y-sur","status":"publish","type":"post","link":"http:\/\/vertienteglobal.com\/?p=228775","title":{"rendered":"Aeropuerto de Tulum llevar\u00e1 prosperidad a comunidades del centro y sur"},"content":{"rendered":"\n<div class=\"twitterbutton\" style=\"float: right; padding-left: 5px;\"><a href=\"http:\/\/twitter.com\/share\" class=\"twitter-share-button\" data-count=\"horizontal\" data-text=\"Aeropuerto de Tulum llevar\u00e1 prosperidad a comunidades del centro y sur\" data-via=\"https:\/\/twitter.com\/VertienteGloba1\" data-url=\"http:\/\/vertienteglobal.com\/?p=228775\" data-lang=\"es\" data-related=\"Informaci\u00f3n general:S\u00edguenos para que est\u00e9ss informado\"><\/a><\/div>\n<figure class=\"wp-block-image size-large\"><img loading=\"lazy\" decoding=\"async\" width=\"1024\" height=\"1024\" src=\"http:\/\/vertienteglobal.com\/wp-content\/uploads\/2023\/08\/WhatsApp-Image-2023-08-24-at-13.43.27-1-1024x1024.jpeg\" alt=\"\" class=\"wp-image-228776\" srcset=\"http:\/\/vertienteglobal.com\/wp-content\/uploads\/2023\/08\/WhatsApp-Image-2023-08-24-at-13.43.27-1-1024x1024.jpeg 1024w, http:\/\/vertienteglobal.com\/wp-content\/uploads\/2023\/08\/WhatsApp-Image-2023-08-24-at-13.43.27-1-300x300.jpeg 300w, http:\/\/vertienteglobal.com\/wp-content\/uploads\/2023\/08\/WhatsApp-Image-2023-08-24-at-13.43.27-1-150x150.jpeg 150w, http:\/\/vertienteglobal.com\/wp-content\/uploads\/2023\/08\/WhatsApp-Image-2023-08-24-at-13.43.27-1-768x768.jpeg 768w, http:\/\/vertienteglobal.com\/wp-content\/uploads\/2023\/08\/WhatsApp-Image-2023-08-24-at-13.43.27-1.jpeg 1080w\" sizes=\"auto, (max-width: 1024px) 100vw, 1024px\" \/><\/figure>\n\n\n\n<p>(Redacci\u00f3n)<\/p>\n\n\n\n<p>La gobernadora Mara Lezama destaca la importancia de las primeras cinco rutas que operar\u00e1 Viva Aerob\u00fas desde el nuevo aeropuerto \u201cFelipe Carrillo Puerto\u201d, a partir del 1 de diciembre<\/p>\n\n\n\n<p>Canc\u00fan, Quintana Roo 24 de agosto 2023.- La gobernadora Mara Lezama Espinosa expres\u00f3 que las cinco nuevas rutas que la aerol\u00ednea Viva Aerob\u00fas anunci\u00f3 para el Aeropuerto Internacional \u201cFelipe Carrillo Puerto\u201d de Tulum a partir de diciembre, llegan para darle nuevo impulso al turismo local, motor econ\u00f3mico de la entidad.<\/p>\n\n\n\n<p>\u201cEste anuncio representa la llegada de m\u00e1s visitantes, que podr\u00e1n disfrutar las bellezas del centro y sur de Quintana Roo, llevando prosperidad a las comunidades que m\u00e1s lo necesitan y explorar un nuevo modelo de turismo comunitario. Eso es lo que queremos, que el \u00e9xito tur\u00edstico se refleje en las comunidades del centro y sur\u201d, afirm\u00f3 la gobernadora de Quintana Roo.<\/p>\n\n\n\n<p>Mara Lezama impulsa, desde el inicio de la administraci\u00f3n, un Nuevo Acuerdo por el Bienestar y Desarrollo de Quintana Roo para lograr en unidad, y con el esfuerzo de todas y todos, la transformaci\u00f3n profunda en la vida de las personas, centro de las acciones y pol\u00edtica p\u00fablica de este gobierno del cambio verdadero.<\/p>\n\n\n\n<p>La aerol\u00ednea Viva Aerob\u00fas anunci\u00f3 que a partir de diciembre volar\u00e1, desde el nuevo aeropuerto de Tulum, a los aeropuertos de la Ciudad de M\u00e9xico, Guadalajara, Monterrey y Tijuana. Ser\u00e1 la primera en operar en los cuatro aeropuertos que tendr\u00e1 Quintana Roo, con m\u00e1s de 30 rutas.<\/p>\n\n\n\n<p>\u201cQuintana Roo es un gigante tur\u00edstico y la conectividad a\u00e9rea juega un papel trascendental para fortalecer, a\u00fan m\u00e1s, la accesibilidad de todos nuestros destinos, atraer nuevas inversiones, generar empleo y crear prosperidad compartida en todo el estado\u201d a\u00f1adi\u00f3 la primera mujer gobernadora del estado.<\/p>\n\n\n\n<p>La aerol\u00ednea anunci\u00f3 que a partir de hoy, los pasajeros ya pueden adquirir sus boletos para estas nuevas rutas que iniciar\u00e1n operaciones en el \u00faltimo mes del a\u00f1o. El primero de diciembre comienzan dos servicios a la capital del pa\u00eds y a Monterrey, el 16 a Guadalajara y el 17 a Tijuana.<\/p>\n\n\n\n<p>Por su parte, el secretario de turismo Bernardo Cueto Riestra inform\u00f3 que el a\u00f1o pasado la Riviera Maya, integrada precisamente por Tulum y Playa del Carmen, se coloc\u00f3 como el segundo destino en la entidad que capt\u00f3 m\u00e1s pasajeros, tan s\u00f3lo detr\u00e1s de Canc\u00fan.<\/p>\n\n\n\n<p>\u201cCon estos vuelos, el potencial tur\u00edstico de Tulum se ve altamente beneficiado y se encamina a convertirse en una de las playas favoritas del Caribe. Este a\u00f1o prevemos superar la cifra de 1.7 millones de visitantes que registramos en 2022\u201d, se\u00f1al\u00f3.<\/p>\n","protected":false},"excerpt":{"rendered":"<p>(Redacci\u00f3n) La gobernadora Mara Lezama destaca la importancia de las primeras cinco rutas que operar\u00e1 Viva Aerob\u00fas desde el nuevo aeropuerto \u201cFelipe Carrillo Puerto\u201d, a partir del 1 de diciembre Canc\u00fan, Quintana Roo 24 de agosto 2023.- La gobernadora Mara Lezama Espinosa expres\u00f3 que las cinco nuevas rutas que la aerol\u00ednea Viva Aerob\u00fas anunci\u00f3 para [&hellip;]<\/p>\n","protected":false},"author":1,"featured_media":228776,"comment_status":"open","ping_status":"open","sticky":false,"template":"","format":"standard","meta":{"footnotes":""},"categories":[3],"tags":[],"class_list":["post-228775","post","type-post","status-publish","format-standard","has-post-thumbnail","hentry","category-quintana-roo","entry","has-media"],"jetpack_featured_media_url":"http:\/\/vertienteglobal.com\/wp-content\/uploads\/2023\/08\/WhatsApp-Image-2023-08-24-at-13.43.27-1.jpeg","_links":{"self":[{"href":"http:\/\/vertienteglobal.com\/index.php?rest_route=\/wp\/v2\/posts\/228775","targetHints":{"allow":["GET"]}}],"collection":[{"href":"http:\/\/vertienteglobal.com\/index.php?rest_route=\/wp\/v2\/posts"}],"about":[{"href":"http:\/\/vertienteglobal.com\/index.php?rest_route=\/wp\/v2\/types\/post"}],"author":[{"embeddable":true,"href":"http:\/\/vertienteglobal.com\/index.php?rest_route=\/wp\/v2\/users\/1"}],"replies":[{"embeddable":true,"href":"http:\/\/vertienteglobal.com\/index.php?rest_route=%2Fwp%2Fv2%2Fcomments&post=228775"}],"version-history":[{"count":0,"href":"http:\/\/vertienteglobal.com\/index.php?rest_route=\/wp\/v2\/posts\/228775\/revisions"}],"wp:featuredmedia":[{"embeddable":true,"href":"http:\/\/vertienteglobal.com\/index.php?rest_route=\/wp\/v2\/media\/228776"}],"wp:attachment":[{"href":"http:\/\/vertienteglobal.com\/index.php?rest_route=%2Fwp%2Fv2%2Fmedia&parent=228775"}],"wp:term":[{"taxonomy":"category","embeddable":true,"href":"http:\/\/vertienteglobal.com\/index.php?rest_route=%2Fwp%2Fv2%2Fcategories&post=228775"},{"taxonomy":"post_tag","embeddable":true,"href":"http:\/\/vertienteglobal.com\/index.php?rest_route=%2Fwp%2Fv2%2Ftags&post=228775"}],"curies":[{"name":"wp","href":"https:\/\/api.w.org\/{rel}","templated":true}]}}