{"id":228736,"date":"2023-08-24T08:51:00","date_gmt":"2023-08-24T13:51:00","guid":{"rendered":"http:\/\/vertienteglobal.com\/?p=228736"},"modified":"2023-08-24T18:24:34","modified_gmt":"2023-08-24T23:24:34","slug":"whatsapp-permitira-crear-grupos-sin-nombre-y-con-solo-seis-integrantes","status":"publish","type":"post","link":"http:\/\/vertienteglobal.com\/?p=228736","title":{"rendered":"WhatsApp permitir\u00e1 crear grupos sin nombre y con s\u00f3lo seis integrantes"},"content":{"rendered":"\n<div class=\"twitterbutton\" style=\"float: right; padding-left: 5px;\"><a href=\"http:\/\/twitter.com\/share\" class=\"twitter-share-button\" data-count=\"horizontal\" data-text=\"WhatsApp permitir\u00e1 crear grupos sin nombre y con s\u00f3lo seis integrantes\" data-via=\"https:\/\/twitter.com\/VertienteGloba1\" data-url=\"http:\/\/vertienteglobal.com\/?p=228736\" data-lang=\"es\" data-related=\"Informaci\u00f3n general:S\u00edguenos para que est\u00e9ss informado\"><\/a><\/div>\n<figure class=\"wp-block-image size-full\"><img loading=\"lazy\" decoding=\"async\" width=\"1024\" height=\"683\" src=\"http:\/\/vertienteglobal.com\/wp-content\/uploads\/2023\/08\/213712.jpg\" alt=\"\" class=\"wp-image-228737\" srcset=\"http:\/\/vertienteglobal.com\/wp-content\/uploads\/2023\/08\/213712.jpg 1024w, http:\/\/vertienteglobal.com\/wp-content\/uploads\/2023\/08\/213712-300x200.jpg 300w, http:\/\/vertienteglobal.com\/wp-content\/uploads\/2023\/08\/213712-150x100.jpg 150w, http:\/\/vertienteglobal.com\/wp-content\/uploads\/2023\/08\/213712-768x512.jpg 768w\" sizes=\"auto, (max-width: 1024px) 100vw, 1024px\" \/><\/figure>\n\n\n\n<p>(Redacci\u00f3n)<\/p>\n\n\n\n<p>Zuckerberg explic\u00f3 que esta funci\u00f3n permitir\u00e1 iniciar grupos de WhatsApp de manera m\u00e1s sencilla, nombr\u00e1ndolos autom\u00e1ticamente seg\u00fan los participantes del chat. Esto resultar\u00e1 especialmente \u00fatil para aquellos momentos en que no se tiene inspiraci\u00f3n para idear un nombre<\/p>\n\n\n\n<p>Ciudad de M\u00e9xico 24 de agosto 2023.-La plataforma de WhatsApp, una de las aplicaciones de mensajer\u00eda m\u00e1s utilizadas a nivel mundial, anunci\u00f3 una nueva funci\u00f3n que simplificar\u00e1 la creaci\u00f3n de grupos en su plataforma. Ahora, los usuarios podr\u00e1n formar grupos sin necesidad de asignarles un nombre, gracias a la actualizaci\u00f3n introducida por la compa\u00f1\u00eda.<\/p>\n\n\n\n<p>El anuncio fue confirmado por Mark Zuckerberg, el CEO de Meta, la empresa matriz de WhatsApp, a trav\u00e9s de su canal de Instagram. Zuckerberg explic\u00f3 que esta funci\u00f3n permitir\u00e1 iniciar grupos de WhatsApp de manera m\u00e1s sencilla, nombr\u00e1ndolos autom\u00e1ticamente seg\u00fan los participantes del chat. Esto resultar\u00e1 especialmente \u00fatil para aquellos momentos en que no se tiene inspiraci\u00f3n para idear un nombre.<\/p>\n\n\n\n<p>Seg\u00fan Meta, a partir de ahora, asignar un nombre especial a los grupos de WhatsApp ya no ser\u00e1 necesario. La aplicaci\u00f3n se encargar\u00e1 de asignar autom\u00e1ticamente un nombre basado en los miembros del grupo. Esta asignaci\u00f3n autom\u00e1tica se basar\u00e1 en los nombres que los usuarios tienen guardados en su lista de contactos.<\/p>\n\n\n\n<p>Cabe destacar que el nombre del grupo se presentar\u00e1 de manera distinta para cada participante.(Fuente: El Universal\/Xeva)<\/p>\n","protected":false},"excerpt":{"rendered":"<p>(Redacci\u00f3n) Zuckerberg explic\u00f3 que esta funci\u00f3n permitir\u00e1 iniciar grupos de WhatsApp de manera m\u00e1s sencilla, nombr\u00e1ndolos autom\u00e1ticamente seg\u00fan los participantes del chat. Esto resultar\u00e1 especialmente \u00fatil para aquellos momentos en que no se tiene inspiraci\u00f3n para idear un nombre Ciudad de M\u00e9xico 24 de agosto 2023.-La plataforma de WhatsApp, una de las aplicaciones de mensajer\u00eda [&hellip;]<\/p>\n","protected":false},"author":1,"featured_media":228737,"comment_status":"open","ping_status":"open","sticky":false,"template":"","format":"standard","meta":{"footnotes":""},"categories":[8],"tags":[],"class_list":["post-228736","post","type-post","status-publish","format-standard","has-post-thumbnail","hentry","category-pais","entry","has-media"],"jetpack_featured_media_url":"http:\/\/vertienteglobal.com\/wp-content\/uploads\/2023\/08\/213712.jpg","_links":{"self":[{"href":"http:\/\/vertienteglobal.com\/index.php?rest_route=\/wp\/v2\/posts\/228736","targetHints":{"allow":["GET"]}}],"collection":[{"href":"http:\/\/vertienteglobal.com\/index.php?rest_route=\/wp\/v2\/posts"}],"about":[{"href":"http:\/\/vertienteglobal.com\/index.php?rest_route=\/wp\/v2\/types\/post"}],"author":[{"embeddable":true,"href":"http:\/\/vertienteglobal.com\/index.php?rest_route=\/wp\/v2\/users\/1"}],"replies":[{"embeddable":true,"href":"http:\/\/vertienteglobal.com\/index.php?rest_route=%2Fwp%2Fv2%2Fcomments&post=228736"}],"version-history":[{"count":0,"href":"http:\/\/vertienteglobal.com\/index.php?rest_route=\/wp\/v2\/posts\/228736\/revisions"}],"wp:featuredmedia":[{"embeddable":true,"href":"http:\/\/vertienteglobal.com\/index.php?rest_route=\/wp\/v2\/media\/228737"}],"wp:attachment":[{"href":"http:\/\/vertienteglobal.com\/index.php?rest_route=%2Fwp%2Fv2%2Fmedia&parent=228736"}],"wp:term":[{"taxonomy":"category","embeddable":true,"href":"http:\/\/vertienteglobal.com\/index.php?rest_route=%2Fwp%2Fv2%2Fcategories&post=228736"},{"taxonomy":"post_tag","embeddable":true,"href":"http:\/\/vertienteglobal.com\/index.php?rest_route=%2Fwp%2Fv2%2Ftags&post=228736"}],"curies":[{"name":"wp","href":"https:\/\/api.w.org\/{rel}","templated":true}]}}