{"id":228656,"date":"2023-08-22T11:51:00","date_gmt":"2023-08-22T16:51:00","guid":{"rendered":"http:\/\/vertienteglobal.com\/?p=228656"},"modified":"2023-08-24T14:54:04","modified_gmt":"2023-08-24T19:54:04","slug":"la-fundacion-de-parques-y-museos-de-cozumel-invita-a-inscribirse-a-los-talleres-gratuitos-del-biblioavion-gervasio","status":"publish","type":"post","link":"http:\/\/vertienteglobal.com\/?p=228656","title":{"rendered":"La Fundaci\u00f3n de Parques y Museos de Cozumel invita a inscribirse a los talleres gratuitos del BiblioAvi\u00f3n Gervasio"},"content":{"rendered":"\n<div class=\"twitterbutton\" style=\"float: right; padding-left: 5px;\"><a href=\"http:\/\/twitter.com\/share\" class=\"twitter-share-button\" data-count=\"horizontal\" data-text=\"La Fundaci\u00f3n de Parques y Museos de Cozumel invita a inscribirse a los talleres...\" data-via=\"https:\/\/twitter.com\/VertienteGloba1\" data-url=\"http:\/\/vertienteglobal.com\/?p=228656\" data-lang=\"es\" data-related=\"Informaci\u00f3n general:S\u00edguenos para que est\u00e9ss informado\"><\/a><\/div>\n<figure class=\"wp-block-image size-large\"><img loading=\"lazy\" decoding=\"async\" width=\"1024\" height=\"656\" src=\"http:\/\/vertienteglobal.com\/wp-content\/uploads\/2023\/08\/FB_IMG_1692906733769-1024x656.jpg\" alt=\"\" class=\"wp-image-228657\" srcset=\"http:\/\/vertienteglobal.com\/wp-content\/uploads\/2023\/08\/FB_IMG_1692906733769-1024x656.jpg 1024w, http:\/\/vertienteglobal.com\/wp-content\/uploads\/2023\/08\/FB_IMG_1692906733769-300x192.jpg 300w, http:\/\/vertienteglobal.com\/wp-content\/uploads\/2023\/08\/FB_IMG_1692906733769-150x96.jpg 150w, http:\/\/vertienteglobal.com\/wp-content\/uploads\/2023\/08\/FB_IMG_1692906733769-768x492.jpg 768w, http:\/\/vertienteglobal.com\/wp-content\/uploads\/2023\/08\/FB_IMG_1692906733769.jpg 1080w\" sizes=\"auto, (max-width: 1024px) 100vw, 1024px\" \/><\/figure>\n\n\n\n<p>(Redacci\u00f3n)<\/p>\n\n\n\n<p>Se impartir\u00e1n clases de canto, m\u00fasica, bailes latinos, dibujo, pintura, entre otros<\/p>\n\n\n\n<p>Cozumel, Quintana Roo 23 de agosto 2023.-Con el objetivo de fomentar el arte, la cultura y el esparcimiento familiar, la Fundaci\u00f3n de Parques y Museos de Cozumel (FPMC) invita a la comunidad a inscribirse a los talleres permanentes de la Direcci\u00f3n de Pedagog\u00eda y Asistencia Social (PAS), que iniciar\u00e1n el pr\u00f3ximo 4 de septiembre en el BiblioAvi\u00f3n Gervasio.<\/p>\n\n\n\n<p>A trav\u00e9s del Nuevo Acuerdo por el Bienestar y Desarrollo de Quintana Roo, que promueve la gobernadora Mara Lezama Espinosa, se impulsan las acciones de capacitaci\u00f3n en diversas disciplinas, como el canto, la m\u00fasica, el baile y la pintura entre otros, contribuyendo a generar una sociedad m\u00e1s sensible y preparada.<\/p>\n\n\n\n<p>El director general de la FPMC, Jos\u00e9 Luis Chac\u00f3n M\u00e9ndez, dijo que la instituci\u00f3n es reconocida en la comunidad por impulsar acciones de capacitaci\u00f3n gratuita o a precios m\u00f3dicos, para que est\u00e9n al alcance del mayor n\u00famero de personas e invit\u00f3 a quienes est\u00e9n interesados en acudir a los talleres gratuitos a inscribirse en la p\u00e1gina de la instituci\u00f3n.<\/p>\n\n\n\n<p>La directora de Pedagog\u00eda y Asistencia Social, Dianela Cervantes Chi, explic\u00f3 que el \u00e1rea de canto y m\u00fasica est\u00e1 a cargo de la profesora Argelia Chac\u00f3n D\u00edaz, quien impartir\u00e1 clases de guitarra a infantes de 6 a 12 a\u00f1os, los martes y jueves 17:00 a las 18:00 horas; para mayores de 12 a\u00f1os habr\u00e1 clases los d\u00edas lunes y mi\u00e9rcoles de 18:00 a 19:00 horas; mientras que los s\u00e1bados hay clases para mayores de 12 a\u00f1os de edad, 10:00 a 11:00 horas.<\/p>\n\n\n\n<p>El taller gratuito de ukulele est\u00e1 dirigido a ni\u00f1as y ni\u00f1os de 8 a\u00f1os en adelante y se impartir\u00e1n los d\u00edas lunes y viernes de 17:00 a 18:00 horas y los s\u00e1bados de 11:00 a 12:00 horas.<\/p>\n\n\n\n<p>Cabe se\u00f1alar que las personas interesadas deber\u00e1n llevar su propio instrumento, mientras que las clases de canto, ser\u00e1n tambi\u00e9n los s\u00e1bados de la 13:00 a las 15:00 horas para mayores de 6 a\u00f1os.<\/p>\n\n\n\n<p>El taller de \u201cPintura Textil\u201d, dirigido por la profesora Evangelina L\u00f3pez, es para personas mayores de 18 a\u00f1os edad y se imparte de lunes a viernes en dos horarios: de 09:00 a 11:00 horas y de 12:00 a las 14:00 con un costo de 200 pesos trimestralmente.<\/p>\n\n\n\n<p>Los talleres de dibujo y pintura son impartidos los s\u00e1bados por el maestro Arturo Casta\u00f1eda. Para ni\u00f1as y ni\u00f1os, de 7 a 12 a\u00f1os de edad, el horario es de 09:00 a las 12:00 horas, y para adolescentes y adultos de doce a dos de la tarde y tiene una cuota de recuperaci\u00f3n de 200 pesos al trimestre. En ambos casos el costo del material est\u00e1 incluido.<\/p>\n\n\n\n<p>La maestra Guadalupe Pant\u00ed, es la encargada de los talleres de Bailes Latinos y da clases para la ni\u00f1ez de 6 a 8 a\u00f1os de edad los d\u00edas martes y jueves de 16:00 a 17:00 horas; para las edades de 9 a 11 a\u00f1os, las clases son los lunes y mi\u00e9rcoles en el mismo horario. Para los adolescentes de 12 a 15 a\u00f1os los horarios son lunes, mi\u00e9rcoles y viernes de 17:00 a las 18:00 horas y para mayores de 16 a\u00f1os, de lunes a jueves de 18:00 a las 19:00 horas.<\/p>\n\n\n\n<p>El curso gratuito de ingl\u00e9s b\u00e1sico, es impartido por el maestro Claudio Vivas P\u00e9rez, est\u00e1 dirigido a personas mayores de 12 a\u00f1os y se imparte de lunes a viernes, de seis a siete de la tarde, mientras que los s\u00e1bados las clases son de doce a una de la tarde, para personas de 12 a 15 a\u00f1os de edad.<\/p>\n","protected":false},"excerpt":{"rendered":"<p>(Redacci\u00f3n) Se impartir\u00e1n clases de canto, m\u00fasica, bailes latinos, dibujo, pintura, entre otros Cozumel, Quintana Roo 23 de agosto 2023.-Con el objetivo de fomentar el arte, la cultura y el esparcimiento familiar, la Fundaci\u00f3n de Parques y Museos de Cozumel (FPMC) invita a la comunidad a inscribirse a los talleres permanentes de la Direcci\u00f3n de [&hellip;]<\/p>\n","protected":false},"author":1,"featured_media":228657,"comment_status":"open","ping_status":"open","sticky":false,"template":"","format":"standard","meta":{"footnotes":""},"categories":[3],"tags":[],"class_list":["post-228656","post","type-post","status-publish","format-standard","has-post-thumbnail","hentry","category-quintana-roo","entry","has-media"],"jetpack_featured_media_url":"http:\/\/vertienteglobal.com\/wp-content\/uploads\/2023\/08\/FB_IMG_1692906733769.jpg","_links":{"self":[{"href":"http:\/\/vertienteglobal.com\/index.php?rest_route=\/wp\/v2\/posts\/228656","targetHints":{"allow":["GET"]}}],"collection":[{"href":"http:\/\/vertienteglobal.com\/index.php?rest_route=\/wp\/v2\/posts"}],"about":[{"href":"http:\/\/vertienteglobal.com\/index.php?rest_route=\/wp\/v2\/types\/post"}],"author":[{"embeddable":true,"href":"http:\/\/vertienteglobal.com\/index.php?rest_route=\/wp\/v2\/users\/1"}],"replies":[{"embeddable":true,"href":"http:\/\/vertienteglobal.com\/index.php?rest_route=%2Fwp%2Fv2%2Fcomments&post=228656"}],"version-history":[{"count":0,"href":"http:\/\/vertienteglobal.com\/index.php?rest_route=\/wp\/v2\/posts\/228656\/revisions"}],"wp:featuredmedia":[{"embeddable":true,"href":"http:\/\/vertienteglobal.com\/index.php?rest_route=\/wp\/v2\/media\/228657"}],"wp:attachment":[{"href":"http:\/\/vertienteglobal.com\/index.php?rest_route=%2Fwp%2Fv2%2Fmedia&parent=228656"}],"wp:term":[{"taxonomy":"category","embeddable":true,"href":"http:\/\/vertienteglobal.com\/index.php?rest_route=%2Fwp%2Fv2%2Fcategories&post=228656"},{"taxonomy":"post_tag","embeddable":true,"href":"http:\/\/vertienteglobal.com\/index.php?rest_route=%2Fwp%2Fv2%2Ftags&post=228656"}],"curies":[{"name":"wp","href":"https:\/\/api.w.org\/{rel}","templated":true}]}}