{"id":228532,"date":"2023-08-21T22:32:00","date_gmt":"2023-08-22T03:32:00","guid":{"rendered":"http:\/\/vertienteglobal.com\/?p=228532"},"modified":"2023-08-22T10:02:43","modified_gmt":"2023-08-22T15:02:43","slug":"declaran-zona-de-desastre-a-siete-municipios-de-veracruz-por-lluvias","status":"publish","type":"post","link":"http:\/\/vertienteglobal.com\/?p=228532","title":{"rendered":"Declaran zona de desastre a siete municipios de Veracruz por lluvias"},"content":{"rendered":"\n<div class=\"twitterbutton\" style=\"float: right; padding-left: 5px;\"><a href=\"http:\/\/twitter.com\/share\" class=\"twitter-share-button\" data-count=\"horizontal\" data-text=\"Declaran zona de desastre a siete municipios de Veracruz por lluvias\" data-via=\"https:\/\/twitter.com\/VertienteGloba1\" data-url=\"http:\/\/vertienteglobal.com\/?p=228532\" data-lang=\"es\" data-related=\"Informaci\u00f3n general:S\u00edguenos para que est\u00e9ss informado\"><\/a><\/div>\n<figure class=\"wp-block-image size-full\"><img loading=\"lazy\" decoding=\"async\" width=\"1024\" height=\"683\" src=\"http:\/\/vertienteglobal.com\/wp-content\/uploads\/2023\/08\/213516.jpg\" alt=\"\" class=\"wp-image-228533\" srcset=\"http:\/\/vertienteglobal.com\/wp-content\/uploads\/2023\/08\/213516.jpg 1024w, http:\/\/vertienteglobal.com\/wp-content\/uploads\/2023\/08\/213516-300x200.jpg 300w, http:\/\/vertienteglobal.com\/wp-content\/uploads\/2023\/08\/213516-150x100.jpg 150w, http:\/\/vertienteglobal.com\/wp-content\/uploads\/2023\/08\/213516-768x512.jpg 768w\" sizes=\"auto, (max-width: 1024px) 100vw, 1024px\" \/><\/figure>\n\n\n\n<p>(Redacci\u00f3n)<\/p>\n\n\n\n<p>Los municipios afectados son Coetzala, Mixtla de Altamirano, Tequila, Naranjal, Omealca, Zongolica y Los Reyes.<\/p>\n\n\n\n<p>Ciudad de M\u00e9xico, 21 de agosto 2023.-El gobierno federal declar\u00f3 como zona de desastre a un total de siete municipios de Veracruz afectados por lluvias severas y deslaves de laderas.<\/p>\n\n\n\n<p>Y es que los municipios afectados son Coetzala, Mixtla de Altamirano, Tequila, Naranjal, Omealca, Zongolica y Los Reyes.<\/p>\n\n\n\n<p>Est\u00e1 declaratoria de desastre natural permite a los municipios afectados recibir apoyo federal para atender los da\u00f1os causados por las lluvias.<\/p>\n\n\n\n<p>Las autoridades han se\u00f1alado que lluvias y los deslaves han causado da\u00f1os a viviendas, carreteras, socavones y \u00e1rboles ca\u00eddos.<\/p>\n\n\n\n<p>Por otro lado, la zona sur de Veracruz ha sido la m\u00e1s afectada, con da\u00f1os a m\u00e1s de mil casas en Minatitl\u00e1n, Cosoleacaque e Ixtaczoquitl\u00e1n.<\/p>\n\n\n\n<p>Por su parte, el gobierno federal ha implementado el Plan DN-III de la Secretar\u00eda de la Defensa Nacional y el Plan Taj\u00edn de la Secretar\u00eda de Seguridad P\u00fablica estatal para brindar ayuda a los afectados.<\/p>\n\n\n\n<p>Detallaron que se est\u00e1 trabajando para asegurar que los municipios afectados tengan el apoyo que necesitan para recuperarse de las lluvias y los deslaves.(Fuente:El Universal\/Xeva)<\/p>\n","protected":false},"excerpt":{"rendered":"<p>(Redacci\u00f3n) Los municipios afectados son Coetzala, Mixtla de Altamirano, Tequila, Naranjal, Omealca, Zongolica y Los Reyes. Ciudad de M\u00e9xico, 21 de agosto 2023.-El gobierno federal declar\u00f3 como zona de desastre a un total de siete municipios de Veracruz afectados por lluvias severas y deslaves de laderas. Y es que los municipios afectados son Coetzala, Mixtla [&hellip;]<\/p>\n","protected":false},"author":1,"featured_media":228533,"comment_status":"open","ping_status":"open","sticky":false,"template":"","format":"standard","meta":{"footnotes":""},"categories":[8,7],"tags":[],"class_list":["post-228532","post","type-post","status-publish","format-standard","has-post-thumbnail","hentry","category-pais","category-veracruz","entry","has-media"],"jetpack_featured_media_url":"http:\/\/vertienteglobal.com\/wp-content\/uploads\/2023\/08\/213516.jpg","_links":{"self":[{"href":"http:\/\/vertienteglobal.com\/index.php?rest_route=\/wp\/v2\/posts\/228532","targetHints":{"allow":["GET"]}}],"collection":[{"href":"http:\/\/vertienteglobal.com\/index.php?rest_route=\/wp\/v2\/posts"}],"about":[{"href":"http:\/\/vertienteglobal.com\/index.php?rest_route=\/wp\/v2\/types\/post"}],"author":[{"embeddable":true,"href":"http:\/\/vertienteglobal.com\/index.php?rest_route=\/wp\/v2\/users\/1"}],"replies":[{"embeddable":true,"href":"http:\/\/vertienteglobal.com\/index.php?rest_route=%2Fwp%2Fv2%2Fcomments&post=228532"}],"version-history":[{"count":0,"href":"http:\/\/vertienteglobal.com\/index.php?rest_route=\/wp\/v2\/posts\/228532\/revisions"}],"wp:featuredmedia":[{"embeddable":true,"href":"http:\/\/vertienteglobal.com\/index.php?rest_route=\/wp\/v2\/media\/228533"}],"wp:attachment":[{"href":"http:\/\/vertienteglobal.com\/index.php?rest_route=%2Fwp%2Fv2%2Fmedia&parent=228532"}],"wp:term":[{"taxonomy":"category","embeddable":true,"href":"http:\/\/vertienteglobal.com\/index.php?rest_route=%2Fwp%2Fv2%2Fcategories&post=228532"},{"taxonomy":"post_tag","embeddable":true,"href":"http:\/\/vertienteglobal.com\/index.php?rest_route=%2Fwp%2Fv2%2Ftags&post=228532"}],"curies":[{"name":"wp","href":"https:\/\/api.w.org\/{rel}","templated":true}]}}