{"id":228379,"date":"2023-08-19T22:51:00","date_gmt":"2023-08-20T03:51:00","guid":{"rendered":"http:\/\/vertienteglobal.com\/?p=228379"},"modified":"2023-08-21T06:37:14","modified_gmt":"2023-08-21T11:37:14","slug":"confirma-amlo-avances-del-90-en-tren-maya-en-tramos-123-y-4","status":"publish","type":"post","link":"http:\/\/vertienteglobal.com\/?p=228379","title":{"rendered":"Confirma Amlo avances del 90% en tren maya en tramos 1,2,3 y 4"},"content":{"rendered":"\n<div class=\"twitterbutton\" style=\"float: right; padding-left: 5px;\"><a href=\"http:\/\/twitter.com\/share\" class=\"twitter-share-button\" data-count=\"horizontal\" data-text=\"Confirma Amlo avances del 90% en tren maya en tramos 1,2,3 y 4\" data-via=\"https:\/\/twitter.com\/VertienteGloba1\" data-url=\"http:\/\/vertienteglobal.com\/?p=228379\" data-lang=\"es\" data-related=\"Informaci\u00f3n general:S\u00edguenos para que est\u00e9ss informado\"><\/a><\/div>\n<figure class=\"wp-block-image size-large\"><img loading=\"lazy\" decoding=\"async\" width=\"1024\" height=\"604\" src=\"http:\/\/vertienteglobal.com\/wp-content\/uploads\/2023\/08\/FB_IMG_1692617688952-1024x604.jpg\" alt=\"\" class=\"wp-image-228380\" srcset=\"http:\/\/vertienteglobal.com\/wp-content\/uploads\/2023\/08\/FB_IMG_1692617688952-1024x604.jpg 1024w, http:\/\/vertienteglobal.com\/wp-content\/uploads\/2023\/08\/FB_IMG_1692617688952-300x177.jpg 300w, http:\/\/vertienteglobal.com\/wp-content\/uploads\/2023\/08\/FB_IMG_1692617688952-150x88.jpg 150w, http:\/\/vertienteglobal.com\/wp-content\/uploads\/2023\/08\/FB_IMG_1692617688952-768x453.jpg 768w, http:\/\/vertienteglobal.com\/wp-content\/uploads\/2023\/08\/FB_IMG_1692617688952.jpg 1050w\" sizes=\"auto, (max-width: 1024px) 100vw, 1024px\" \/><\/figure>\n\n\n\n<p>(Redacci\u00f3n)<\/p>\n\n\n\n<p>Inform\u00f3 que las pruebas a realizarse el primero de septiembre se van a llevar sin contratiempo alguno, y estar\u00e1 llevando a cabo las pruebas junto a su equipo de trabajo y autoridades del gobierno de Quintana Roo, desde Campeche hasta Canc\u00fan<\/p>\n\n\n\n<p>Chetumal, Quintana Roo 19 de agosto 2023.- El presidente de M\u00e9xico Andr\u00e9s Manuel L\u00f3pez Obrador ha confirmado de qu\u00e9 los avances en las obras del tren maya en los tramos 1, 2, 3 y 4 son de poco m\u00e1s del 90%, por lo que estos deber\u00e1n concluir antes del primero de septiembre, toda vez que son detalles menores.<\/p>\n\n\n\n<p>Inform\u00f3 que las pruebas a realizarse el primero de septiembre se van a llevar sin contratiempo alguno, y estar\u00e1 llevando a cabo las pruebas junto a su equipo de trabajo y autoridades del gobierno de Quintana Roo, desde Campeche hasta Canc\u00fan.<\/p>\n\n\n\n<p>De igual manera manifest\u00f3 que en menos de un a\u00f1o estar\u00e1 concluy\u00e9ndose la construcci\u00f3n de las estaciones de ciclo combinado que est\u00e1n construyendo en Valladolid y Merida, que ser\u00e1n dos centrales termoel\u00e9ctricas las cuales brindar\u00e1n energ\u00eda a toda la pen\u00ednsula de Yucat\u00e1n, y eliminar\u00e1n las problem\u00e1ticas de energ\u00eda que hoy existen.<\/p>\n\n\n\n<p>Finalmente el mandatario estatal se\u00f1al\u00f3 que durante el recorrido de hoy no estar\u00e1 visitando la zonas arqueol\u00f3gicas de Quintana Roo, puesto que estar\u00e1 enfocado el sobre vuelo a verificar los avances en las obras del Tren Maya que son el tramo 5 y 6, que van desde la ciudad de Canc\u00fan hasta el kil\u00f3metro 19 de la ciudad de Chetumal.<\/p>\n","protected":false},"excerpt":{"rendered":"<p>(Redacci\u00f3n) Inform\u00f3 que las pruebas a realizarse el primero de septiembre se van a llevar sin contratiempo alguno, y estar\u00e1 llevando a cabo las pruebas junto a su equipo de trabajo y autoridades del gobierno de Quintana Roo, desde Campeche hasta Canc\u00fan Chetumal, Quintana Roo 19 de agosto 2023.- El presidente de M\u00e9xico Andr\u00e9s Manuel [&hellip;]<\/p>\n","protected":false},"author":1,"featured_media":228380,"comment_status":"open","ping_status":"open","sticky":false,"template":"","format":"standard","meta":{"footnotes":""},"categories":[3],"tags":[],"class_list":["post-228379","post","type-post","status-publish","format-standard","has-post-thumbnail","hentry","category-quintana-roo","entry","has-media"],"jetpack_featured_media_url":"http:\/\/vertienteglobal.com\/wp-content\/uploads\/2023\/08\/FB_IMG_1692617688952.jpg","_links":{"self":[{"href":"http:\/\/vertienteglobal.com\/index.php?rest_route=\/wp\/v2\/posts\/228379","targetHints":{"allow":["GET"]}}],"collection":[{"href":"http:\/\/vertienteglobal.com\/index.php?rest_route=\/wp\/v2\/posts"}],"about":[{"href":"http:\/\/vertienteglobal.com\/index.php?rest_route=\/wp\/v2\/types\/post"}],"author":[{"embeddable":true,"href":"http:\/\/vertienteglobal.com\/index.php?rest_route=\/wp\/v2\/users\/1"}],"replies":[{"embeddable":true,"href":"http:\/\/vertienteglobal.com\/index.php?rest_route=%2Fwp%2Fv2%2Fcomments&post=228379"}],"version-history":[{"count":0,"href":"http:\/\/vertienteglobal.com\/index.php?rest_route=\/wp\/v2\/posts\/228379\/revisions"}],"wp:featuredmedia":[{"embeddable":true,"href":"http:\/\/vertienteglobal.com\/index.php?rest_route=\/wp\/v2\/media\/228380"}],"wp:attachment":[{"href":"http:\/\/vertienteglobal.com\/index.php?rest_route=%2Fwp%2Fv2%2Fmedia&parent=228379"}],"wp:term":[{"taxonomy":"category","embeddable":true,"href":"http:\/\/vertienteglobal.com\/index.php?rest_route=%2Fwp%2Fv2%2Fcategories&post=228379"},{"taxonomy":"post_tag","embeddable":true,"href":"http:\/\/vertienteglobal.com\/index.php?rest_route=%2Fwp%2Fv2%2Ftags&post=228379"}],"curies":[{"name":"wp","href":"https:\/\/api.w.org\/{rel}","templated":true}]}}