{"id":228310,"date":"2023-08-19T12:24:00","date_gmt":"2023-08-19T17:24:00","guid":{"rendered":"http:\/\/vertienteglobal.com\/?p=228310"},"modified":"2023-08-19T13:28:27","modified_gmt":"2023-08-19T18:28:27","slug":"humberto-aldana-va-por-la-jugocopo-en-el-congreso-de-quintana-roo","status":"publish","type":"post","link":"http:\/\/vertienteglobal.com\/?p=228310","title":{"rendered":"Humberto Aldana va por la Jugocopo en el Congreso de Quintana Roo"},"content":{"rendered":"\n<div class=\"twitterbutton\" style=\"float: right; padding-left: 5px;\"><a href=\"http:\/\/twitter.com\/share\" class=\"twitter-share-button\" data-count=\"horizontal\" data-text=\"Humberto Aldana va por la Jugocopo en el Congreso de Quintana Roo\" data-via=\"https:\/\/twitter.com\/VertienteGloba1\" data-url=\"http:\/\/vertienteglobal.com\/?p=228310\" data-lang=\"es\" data-related=\"Informaci\u00f3n general:S\u00edguenos para que est\u00e9ss informado\"><\/a><\/div>\n<figure class=\"wp-block-image size-large\"><img loading=\"lazy\" decoding=\"async\" width=\"1024\" height=\"576\" src=\"http:\/\/vertienteglobal.com\/wp-content\/uploads\/2023\/08\/FB_IMG_1692468722572-1024x576.jpg\" alt=\"\" class=\"wp-image-228311\" srcset=\"http:\/\/vertienteglobal.com\/wp-content\/uploads\/2023\/08\/FB_IMG_1692468722572-1024x576.jpg 1024w, http:\/\/vertienteglobal.com\/wp-content\/uploads\/2023\/08\/FB_IMG_1692468722572-300x169.jpg 300w, http:\/\/vertienteglobal.com\/wp-content\/uploads\/2023\/08\/FB_IMG_1692468722572-150x84.jpg 150w, http:\/\/vertienteglobal.com\/wp-content\/uploads\/2023\/08\/FB_IMG_1692468722572-768x432.jpg 768w, http:\/\/vertienteglobal.com\/wp-content\/uploads\/2023\/08\/FB_IMG_1692468722572.jpg 1080w\" sizes=\"auto, (max-width: 1024px) 100vw, 1024px\" \/><\/figure>\n\n\n\n<p>(Redacci\u00f3n)<\/p>\n\n\n\n<p>El cambio de la Jugocopo (Junta de Gobierno y Coordinaci\u00f3n Pol\u00edtica) se llevar\u00e1 a cabo el d\u00eda 3 de septiembre, para entonces iniciar el segundo a\u00f1o de ejercicio constitucional de la XVII Legislatura<\/p>\n\n\n\n<p>Chetumal, Quintana Roo 19 de agosto 2023.-De no haber complicaciones ser\u00e1 Humberto Aldana Navarro quien ocupar\u00e1 la Junta de Gobierno y Coordinaci\u00f3n Pol\u00edtica del Congreso de Quintana Roo durante el pr\u00f3ximo ejercicio de la XVII Legislatura.<\/p>\n\n\n\n<p>Mildred Avila Vera, diputada presidenta de la junta directiva del congreso de Quintana Roo y miembro del partido Morena, se\u00f1al\u00f3 la ley establece que el representante de bancada debe ser el presidente de la Jugocopo, y debido a que el primer a\u00f1o cedieron al Partido Verde la Jugocopo, en esta ocasi\u00f3n ser\u00e1 Morena quien tomar\u00e1 las riendas del Congreso de Quintana Roo y ser\u00e1 Humberto Aldana el que tendr\u00e1 la presidencia.<\/p>\n\n\n\n<p>\u201cComo lo se\u00f1ala la Ley, y en este segundo a\u00f1o que se avecina de ejercicio constitucional le corresponde a Morena y el diputado Humberto Aldana es nuestro coordinador y el va a presidir la Junta de Gobierno y Coordinaci\u00f3n Pol\u00edtica\u201d.<\/p>\n\n\n\n<p>El cambio de la Jugocopo (Junta de Gobierno y Coordinaci\u00f3n Pol\u00edtica) se llevar\u00e1 a cabo el d\u00eda 3 de septiembre, para entonces iniciar el segundo a\u00f1o de ejercicio constitucional de la XVII Legislatura.<\/p>\n","protected":false},"excerpt":{"rendered":"<p>(Redacci\u00f3n) El cambio de la Jugocopo (Junta de Gobierno y Coordinaci\u00f3n Pol\u00edtica) se llevar\u00e1 a cabo el d\u00eda 3 de septiembre, para entonces iniciar el segundo a\u00f1o de ejercicio constitucional de la XVII Legislatura Chetumal, Quintana Roo 19 de agosto 2023.-De no haber complicaciones ser\u00e1 Humberto Aldana Navarro quien ocupar\u00e1 la Junta de Gobierno y [&hellip;]<\/p>\n","protected":false},"author":1,"featured_media":228311,"comment_status":"open","ping_status":"open","sticky":false,"template":"","format":"standard","meta":{"footnotes":""},"categories":[3],"tags":[],"class_list":["post-228310","post","type-post","status-publish","format-standard","has-post-thumbnail","hentry","category-quintana-roo","entry","has-media"],"jetpack_featured_media_url":"http:\/\/vertienteglobal.com\/wp-content\/uploads\/2023\/08\/FB_IMG_1692468722572.jpg","_links":{"self":[{"href":"http:\/\/vertienteglobal.com\/index.php?rest_route=\/wp\/v2\/posts\/228310","targetHints":{"allow":["GET"]}}],"collection":[{"href":"http:\/\/vertienteglobal.com\/index.php?rest_route=\/wp\/v2\/posts"}],"about":[{"href":"http:\/\/vertienteglobal.com\/index.php?rest_route=\/wp\/v2\/types\/post"}],"author":[{"embeddable":true,"href":"http:\/\/vertienteglobal.com\/index.php?rest_route=\/wp\/v2\/users\/1"}],"replies":[{"embeddable":true,"href":"http:\/\/vertienteglobal.com\/index.php?rest_route=%2Fwp%2Fv2%2Fcomments&post=228310"}],"version-history":[{"count":0,"href":"http:\/\/vertienteglobal.com\/index.php?rest_route=\/wp\/v2\/posts\/228310\/revisions"}],"wp:featuredmedia":[{"embeddable":true,"href":"http:\/\/vertienteglobal.com\/index.php?rest_route=\/wp\/v2\/media\/228311"}],"wp:attachment":[{"href":"http:\/\/vertienteglobal.com\/index.php?rest_route=%2Fwp%2Fv2%2Fmedia&parent=228310"}],"wp:term":[{"taxonomy":"category","embeddable":true,"href":"http:\/\/vertienteglobal.com\/index.php?rest_route=%2Fwp%2Fv2%2Fcategories&post=228310"},{"taxonomy":"post_tag","embeddable":true,"href":"http:\/\/vertienteglobal.com\/index.php?rest_route=%2Fwp%2Fv2%2Ftags&post=228310"}],"curies":[{"name":"wp","href":"https:\/\/api.w.org\/{rel}","templated":true}]}}