{"id":228248,"date":"2023-08-18T16:51:00","date_gmt":"2023-08-18T21:51:00","guid":{"rendered":"http:\/\/vertienteglobal.com\/?p=228248"},"modified":"2023-08-19T11:33:07","modified_gmt":"2023-08-19T16:33:07","slug":"impulsa-gobierno-de-quintana-roo-auditorias-colmena-en-los-11-municipios-para-transparentar-el-uso-de-los-recursos-publicos","status":"publish","type":"post","link":"http:\/\/vertienteglobal.com\/?p=228248","title":{"rendered":"Impulsa Gobierno de Quintana Roo Auditor\u00edas Colmena en los 11 municipios para transparentar el uso de los recursos p\u00fablicos"},"content":{"rendered":"\n<div class=\"twitterbutton\" style=\"float: right; padding-left: 5px;\"><a href=\"http:\/\/twitter.com\/share\" class=\"twitter-share-button\" data-count=\"horizontal\" data-text=\"Impulsa Gobierno de Quintana Roo Auditor\u00edas Colmena en los 11 municipios para t...\" data-via=\"https:\/\/twitter.com\/VertienteGloba1\" data-url=\"http:\/\/vertienteglobal.com\/?p=228248\" data-lang=\"es\" data-related=\"Informaci\u00f3n general:S\u00edguenos para que est\u00e9ss informado\"><\/a><\/div>\n<figure class=\"wp-block-image size-large\"><img loading=\"lazy\" decoding=\"async\" width=\"1024\" height=\"682\" src=\"http:\/\/vertienteglobal.com\/wp-content\/uploads\/2023\/08\/FB_IMG_1692462673650-1024x682.jpg\" alt=\"\" class=\"wp-image-228249\" srcset=\"http:\/\/vertienteglobal.com\/wp-content\/uploads\/2023\/08\/FB_IMG_1692462673650-1024x682.jpg 1024w, http:\/\/vertienteglobal.com\/wp-content\/uploads\/2023\/08\/FB_IMG_1692462673650-300x200.jpg 300w, http:\/\/vertienteglobal.com\/wp-content\/uploads\/2023\/08\/FB_IMG_1692462673650-150x100.jpg 150w, http:\/\/vertienteglobal.com\/wp-content\/uploads\/2023\/08\/FB_IMG_1692462673650-768x512.jpg 768w, http:\/\/vertienteglobal.com\/wp-content\/uploads\/2023\/08\/FB_IMG_1692462673650.jpg 1081w\" sizes=\"auto, (max-width: 1024px) 100vw, 1024px\" \/><\/figure>\n\n\n\n<p>(Redacci\u00f3n)<\/p>\n\n\n\n<p>Con el apoyo de la Auditor\u00eda Superior de la Federaci\u00f3n y la participaci\u00f3n de las y los presidentes municipales se trabaja en el combate a la corrupci\u00f3n<\/p>\n\n\n\n<p>Canc\u00fan, Quintana Roo 18 de agosto 2023.- La gobernadora del estado, Mara Lezama Espinosa particip\u00f3 en la firma de las actas para que en los 11 ayuntamientos inicien las Auditor\u00edas de Colmena y que los recursos p\u00fablicos sean administrados con honestidad, eficiencia y transparencia.<\/p>\n\n\n\n<p>Con la presencia de Rogelio Colmenares P\u00e1ramo, titular del \u00f3rgano superior de fiscalizaci\u00f3n la gobernadora Mara Lezama destac\u00f3 la transformaci\u00f3n profunda que se vive en la entidad, con el manejo honesto del dinero del pueblo para que llegue y se invierta donde m\u00e1s se necesita.<\/p>\n\n\n\n<p>Para ello, a\u00f1adi\u00f3 la Gobernadora, se dej\u00f3 atr\u00e1s un modelo agotado y hoy es importante contar con la participaci\u00f3n de todos los presidentes municipales, dispuestas y dispuestos a trabajar en equipo, con el apoyo de la Auditor\u00eda Superior de la Federaci\u00f3n, para que el dinero del pueblo se administre de manera transparente para que alcance para m\u00e1s.<\/p>\n\n\n\n<p>Mara Lezama destac\u00f3 que en esta administraci\u00f3n en 10 meses de gobierno y a trav\u00e9s de un Nuevo Acuerdo por el Bienestar y Desarrollo de Quintana Roo se ha logrado una mejor calificaci\u00f3n crediticia, \u201ces un tema de voluntad y vamos en el camino correcto\u201d.<\/p>\n\n\n\n<p>El titular de la Auditor\u00eda Superior de la Federaci\u00f3n Rogelio Colmenares dio a conocer que Quintana Roo va muy bien y que participen los presidentes municipales es una maravilla, pues los impuestos sirven para generar desarrollo, pero principalmente para atender a la gente que m\u00e1s lo necesita.<\/p>\n\n\n\n<p>La contralora del Estado Reyna Arceo Rosado dijo que los recursos deben ser administrados de manera minuciosa y cuid\u00e1ndolos porque son recursos del pueblo.<\/p>\n\n\n\n<p>Las Auditor\u00edas Colmena tienen una particularidad central, que versa en focalizar el acto de fiscalizaci\u00f3n no en el universo o una muestra de un fondo, programa o convenio, sino en un acto en particular, es decir, el alcance de estas auditor\u00edas se centra en la revisi\u00f3n de la gesti\u00f3n de los recursos de origen federal respecto de actos de gasto en concreto.<\/p>\n\n\n\n<figure class=\"wp-block-image size-full\"><img loading=\"lazy\" decoding=\"async\" width=\"585\" height=\"316\" src=\"http:\/\/vertienteglobal.com\/wp-content\/uploads\/2023\/08\/FB_IMG_1692462679891.jpg\" alt=\"\" class=\"wp-image-228250\" srcset=\"http:\/\/vertienteglobal.com\/wp-content\/uploads\/2023\/08\/FB_IMG_1692462679891.jpg 585w, http:\/\/vertienteglobal.com\/wp-content\/uploads\/2023\/08\/FB_IMG_1692462679891-300x162.jpg 300w, http:\/\/vertienteglobal.com\/wp-content\/uploads\/2023\/08\/FB_IMG_1692462679891-150x81.jpg 150w\" sizes=\"auto, (max-width: 585px) 100vw, 585px\" \/><\/figure>\n\n\n\n<figure class=\"wp-block-image size-full\"><img loading=\"lazy\" decoding=\"async\" width=\"585\" height=\"390\" src=\"http:\/\/vertienteglobal.com\/wp-content\/uploads\/2023\/08\/FB_IMG_1692462684122.jpg\" alt=\"\" class=\"wp-image-228251\" srcset=\"http:\/\/vertienteglobal.com\/wp-content\/uploads\/2023\/08\/FB_IMG_1692462684122.jpg 585w, http:\/\/vertienteglobal.com\/wp-content\/uploads\/2023\/08\/FB_IMG_1692462684122-300x200.jpg 300w, http:\/\/vertienteglobal.com\/wp-content\/uploads\/2023\/08\/FB_IMG_1692462684122-150x100.jpg 150w\" sizes=\"auto, (max-width: 585px) 100vw, 585px\" \/><\/figure>\n\n\n\n<figure class=\"wp-block-image size-full\"><img loading=\"lazy\" decoding=\"async\" width=\"585\" height=\"390\" src=\"http:\/\/vertienteglobal.com\/wp-content\/uploads\/2023\/08\/FB_IMG_1692462688374.jpg\" alt=\"\" class=\"wp-image-228252\" srcset=\"http:\/\/vertienteglobal.com\/wp-content\/uploads\/2023\/08\/FB_IMG_1692462688374.jpg 585w, http:\/\/vertienteglobal.com\/wp-content\/uploads\/2023\/08\/FB_IMG_1692462688374-300x200.jpg 300w, http:\/\/vertienteglobal.com\/wp-content\/uploads\/2023\/08\/FB_IMG_1692462688374-150x100.jpg 150w\" sizes=\"auto, (max-width: 585px) 100vw, 585px\" \/><\/figure>\n","protected":false},"excerpt":{"rendered":"<p>(Redacci\u00f3n) Con el apoyo de la Auditor\u00eda Superior de la Federaci\u00f3n y la participaci\u00f3n de las y los presidentes municipales se trabaja en el combate a la corrupci\u00f3n Canc\u00fan, Quintana Roo 18 de agosto 2023.- La gobernadora del estado, Mara Lezama Espinosa particip\u00f3 en la firma de las actas para que en los 11 ayuntamientos [&hellip;]<\/p>\n","protected":false},"author":1,"featured_media":228249,"comment_status":"open","ping_status":"open","sticky":false,"template":"","format":"standard","meta":{"footnotes":""},"categories":[3],"tags":[],"class_list":["post-228248","post","type-post","status-publish","format-standard","has-post-thumbnail","hentry","category-quintana-roo","entry","has-media"],"jetpack_featured_media_url":"http:\/\/vertienteglobal.com\/wp-content\/uploads\/2023\/08\/FB_IMG_1692462673650.jpg","_links":{"self":[{"href":"http:\/\/vertienteglobal.com\/index.php?rest_route=\/wp\/v2\/posts\/228248","targetHints":{"allow":["GET"]}}],"collection":[{"href":"http:\/\/vertienteglobal.com\/index.php?rest_route=\/wp\/v2\/posts"}],"about":[{"href":"http:\/\/vertienteglobal.com\/index.php?rest_route=\/wp\/v2\/types\/post"}],"author":[{"embeddable":true,"href":"http:\/\/vertienteglobal.com\/index.php?rest_route=\/wp\/v2\/users\/1"}],"replies":[{"embeddable":true,"href":"http:\/\/vertienteglobal.com\/index.php?rest_route=%2Fwp%2Fv2%2Fcomments&post=228248"}],"version-history":[{"count":0,"href":"http:\/\/vertienteglobal.com\/index.php?rest_route=\/wp\/v2\/posts\/228248\/revisions"}],"wp:featuredmedia":[{"embeddable":true,"href":"http:\/\/vertienteglobal.com\/index.php?rest_route=\/wp\/v2\/media\/228249"}],"wp:attachment":[{"href":"http:\/\/vertienteglobal.com\/index.php?rest_route=%2Fwp%2Fv2%2Fmedia&parent=228248"}],"wp:term":[{"taxonomy":"category","embeddable":true,"href":"http:\/\/vertienteglobal.com\/index.php?rest_route=%2Fwp%2Fv2%2Fcategories&post=228248"},{"taxonomy":"post_tag","embeddable":true,"href":"http:\/\/vertienteglobal.com\/index.php?rest_route=%2Fwp%2Fv2%2Ftags&post=228248"}],"curies":[{"name":"wp","href":"https:\/\/api.w.org\/{rel}","templated":true}]}}