{"id":227879,"date":"2023-08-13T22:24:00","date_gmt":"2023-08-14T03:24:00","guid":{"rendered":"http:\/\/vertienteglobal.com\/?p=227879"},"modified":"2023-08-13T23:28:31","modified_gmt":"2023-08-14T04:28:31","slug":"claudia-sheinbaum-recibe-apoyo-de-empresarias-activistas-sociales-politicas-y-feministas-de-quintana-roo","status":"publish","type":"post","link":"http:\/\/vertienteglobal.com\/?p=227879","title":{"rendered":"Claudia Sheinbaum recibe apoyo de empresarias, activistas sociales, pol\u00edticas y feministas de Quintana Roo"},"content":{"rendered":"\n<div class=\"twitterbutton\" style=\"float: right; padding-left: 5px;\"><a href=\"http:\/\/twitter.com\/share\" class=\"twitter-share-button\" data-count=\"horizontal\" data-text=\"Claudia Sheinbaum recibe apoyo de empresarias, activistas sociales, pol\u00edticas y...\" data-via=\"https:\/\/twitter.com\/VertienteGloba1\" data-url=\"http:\/\/vertienteglobal.com\/?p=227879\" data-lang=\"es\" data-related=\"Informaci\u00f3n general:S\u00edguenos para que est\u00e9ss informado\"><\/a><\/div>\n<figure class=\"wp-block-image size-full\"><img loading=\"lazy\" decoding=\"async\" width=\"692\" height=\"360\" src=\"http:\/\/vertienteglobal.com\/wp-content\/uploads\/2023\/08\/WhatsApp-Image-2023-08-13-at-4.26.09-PM-692x360-1.jpeg\" alt=\"\" class=\"wp-image-227880\" srcset=\"http:\/\/vertienteglobal.com\/wp-content\/uploads\/2023\/08\/WhatsApp-Image-2023-08-13-at-4.26.09-PM-692x360-1.jpeg 692w, http:\/\/vertienteglobal.com\/wp-content\/uploads\/2023\/08\/WhatsApp-Image-2023-08-13-at-4.26.09-PM-692x360-1-300x156.jpeg 300w, http:\/\/vertienteglobal.com\/wp-content\/uploads\/2023\/08\/WhatsApp-Image-2023-08-13-at-4.26.09-PM-692x360-1-150x78.jpeg 150w\" sizes=\"auto, (max-width: 692px) 100vw, 692px\" \/><\/figure>\n\n\n\n<p>(Redacci\u00f3n)<\/p>\n\n\n\n<p>Invitan a las mujeres quintanarroenses a evaluar bien el perfil de cada una de las aspirantes a la candidatura presidencial, considerando la experiencia y capacidad que tiene ex jefa de Gobierno y no dejarse llevar por \u201cdiscursos bonitos\u201d<\/p>\n\n\n\n<p>El movimiento nacional feminista asegura en que sea una mujer como Claudia Sheinbaum quien rompa el techo de cristal y porque hace falta alguien que verdaderamente pueda ponerse en los zapatos de las mujeres<\/p>\n\n\n\n<p>Claudia Sheinbaum ha demostrado que tiene la experiencia necesaria para llevar a buen puerto las riendas de M\u00e9xico, incluyendo la agenda de las mujeres para lograr una verdadera equidad, coinciden las feministas<\/p>\n\n\n\n<p>Canc\u00fan, Quintana Roo 13 de agosto 2023.-Las mujeres empresarias, activistas sociales, feministas y pol\u00edticas del estado de Quintana Roo, externaron su apoyo a la Dra. Claudia Sheinbaum Pardo, para que sea ella quien ocupe la presidencia de M\u00e9xico en el 2024, toda vez que aseguraron que \u201cla ex jefa de Gobierno de la Ciudad de M\u00e9xico ha demostrado tener la experiencia necesaria para llevar a buen puerto las riendas de M\u00e9xico, incluyendo la agenda de las mujeres que nos permitir\u00e1 lograr una verdadera equidad en el pa\u00eds, tener un M\u00e9xico igualitario\u201d.<\/p>\n\n\n\n<p>Ante 150 mujeres, Tere Ramos Arreola, Confundadora Nacional de \u201cPor Ella, por Todas\u201d, abogada feminista, polit\u00f3logas y ex diputada de la Ciudad de M\u00e9xico, inici\u00f3 recordando a las ancestras valientes que les antecedieron en la lucha por los derechos de las mujeres. Asimismo, extern\u00f3 el orgullo que siente de estar en una bella tierra en donde actualmente tanto la Gobernadora como la Presidenta Municipal son mujeres capaces que han dado resultados. En este sentido consult\u00f3 a las asistentes: \u201c\u00bfa poco no est\u00e1n felices con el trabajo de su Presidenta y su Gobernadora? \u00bfA poco las mujeres no somos buenas para Gobernar?\u201d; continu\u00f3 haciendo la siguiente reflexi\u00f3n: \u201c\u00bfSaben que nos hace falta a las mujeres de este pa\u00eds para realmente romper el techo de cristal? \u00a1Definitivamente necesitamos tener a la primera Presidenta de M\u00e9xico, porque hace falta alguien que pueda ponerse en nuestros zapatos!\u201d.<\/p>\n\n\n\n<p>Tere Ramos, explic\u00f3 que m\u00e1s all\u00e1 de los colores partidistas est\u00e1n apoyando a Claudia Sheinbaum porque ha demostrado que tiene la experiencia necesaria para llevar a buen puerto las riendas de M\u00e9xico, incluyendo la agenda de las mujeres para lograr una verdadera equidad. Se\u00f1al\u00f3 que ella es la indicada para gobernar para \u201ctodas, todes y todos\u201d, como lo hizo eficazmente en la CDMX.<\/p>\n\n\n\n<p>Llam\u00f3 a las mujeres a evaluar bien el perfil de cada una de las aspirantes a la candidatura presidencial, a basarse en la experiencia y capacidad que tiene Claudia y no dejarse llevar por \u201cdiscursos bonitos\u201d. Concluy\u00f3 que \u201cla lucha no es contra los hombres, sino contra el patriarcado; porque si llega ella, \u00a1llegamos todas!\u201d.<\/p>\n\n\n\n<p>Por su parte, Lorena Villavicencio Ayala, Cofundadora Nacional de \u201cPor Ella por Todas\u201d, manifest\u00f3 que, bajo el liderazgo de Claudia Sheinbaum, M\u00e9xico ser\u00e1 feminista y la igualdad de derechos ser\u00e1 garantizada, as\u00ed como la seguridad de las mujeres y su autonom\u00eda econ\u00f3mica.<\/p>\n\n\n\n<p>\u201cClaudia romper\u00e1 el pacto patriarcal, erradicar\u00e1 la pobreza, la discriminaci\u00f3n, la violencia y la desigualdad en qu\u00e9 habitamos las mujeres. M\u00e9xico ser\u00e1 un santuario donde las mujeres ser\u00e1n respetadas, libres con empleos, salarios dignos. No m\u00e1s trata, ni pederastia, ni m\u00e1s violencias. Queremos mujeres con una vida digna y pr\u00f3speras. Es tiempo de conquistar nuestros sue\u00f1os c\u00f3mo mujeres\u201d, destac\u00f3 la tambi\u00e9n ex diputada federal.<\/p>\n\n\n\n<p>Por su parte, la Diputada Susana Hurtado, presidenta de la Comisi\u00f3n de Igualdad de G\u00e9nero en el Congreso de Quinta Roo, reconoci\u00f3 que Claudia Sheinbaum es una mujer que est\u00e1 comprometida con las mujeres y que su capacidad y experiencia de gobernar la posicionan como la alternativa para presidir el pa\u00eds. Record\u00f3 que Quintana Roo se encuentra en alerta de g\u00e9nero desde el 2017, y en este sentido asegur\u00f3 que la ex jefa de Gobierno implementa acciones para enfrentar la inseguridad y la violencia de g\u00e9nero en la Ciudad de M\u00e9xico, y que por ello, la doctora es capaz de llegar a la presidencia de la Rep\u00fablica.<\/p>\n\n\n\n<p>En su momento, Xel-ha Dehesa, en representaci\u00f3n de la Diputada Stephania Mercado asever\u00f3 que \u201choy es una realidad el que una mujer sea presidenta de la Rep\u00fablica, porque el proyecto que encabeza la doctora Claudia es un proyecto de todas nosotras. Claudia nos representa a nosotras, es una mujer con capacidad que ha trabajo por el pa\u00eds desde muy joven y que termin\u00f3 consolidando en la Ciudad de M\u00e9xico. \u00a1Claudia somos todas, por ella y por todas, unidas somos m\u00e1s fuertes!<\/p>\n\n\n\n<p>Por su parte, Aline Galicia Chavarr\u00eda, Consejera Estatal de MORENA convoc\u00f3 a las mujeres a sumarse \u201cal contingente ganador rumbo a la presidencia del pa\u00eds, toda vez que Claudia Sheinbaum es una mujer con liderazgo, capacidad y experiencia en pol\u00edticas p\u00fablicas exitosas. Es ella, quien nos representa a todas las mujeres\u201d, enfatiz\u00f3.<\/p>\n\n\n\n<p>\u201cLas luchas de hoy son los derechos de ma\u00f1ana, esta es nuestra oportunidad para hacer historia \u00a1y no la vamos a dejar pasar! Les pido que confiemos en la mujer que transform\u00f3 y dignific\u00f3 la Ciudad de M\u00e9xico, con infraestructura, educaci\u00f3n y movilidad. Porque con palabras que jala y ejemplo que arrastra nos ha demostrado que las mujeres pueden ser lo que quieran ser, abogadas, cient\u00edficas, diputadas, astronautas, jefas de Gobierno y por supuesto presidentas de la Rep\u00fablica.<\/p>\n\n\n\n<p>Los invitamos a unirse a este gran contingente ganador para hacer resonancia en cada rinc\u00f3n de la Rep\u00fablica mexicana y que todo el mundo sepa que es tiempo de mujeres y que es Claudia\u201d, concluy\u00f3.<\/p>\n","protected":false},"excerpt":{"rendered":"<p>(Redacci\u00f3n) Invitan a las mujeres quintanarroenses a evaluar bien el perfil de cada una de las aspirantes a la candidatura presidencial, considerando la experiencia y capacidad que tiene ex jefa de Gobierno y no dejarse llevar por \u201cdiscursos bonitos\u201d El movimiento nacional feminista asegura en que sea una mujer como Claudia Sheinbaum quien rompa el [&hellip;]<\/p>\n","protected":false},"author":1,"featured_media":227880,"comment_status":"open","ping_status":"open","sticky":false,"template":"","format":"standard","meta":{"footnotes":""},"categories":[3],"tags":[],"class_list":["post-227879","post","type-post","status-publish","format-standard","has-post-thumbnail","hentry","category-quintana-roo","entry","has-media"],"jetpack_featured_media_url":"http:\/\/vertienteglobal.com\/wp-content\/uploads\/2023\/08\/WhatsApp-Image-2023-08-13-at-4.26.09-PM-692x360-1.jpeg","_links":{"self":[{"href":"http:\/\/vertienteglobal.com\/index.php?rest_route=\/wp\/v2\/posts\/227879","targetHints":{"allow":["GET"]}}],"collection":[{"href":"http:\/\/vertienteglobal.com\/index.php?rest_route=\/wp\/v2\/posts"}],"about":[{"href":"http:\/\/vertienteglobal.com\/index.php?rest_route=\/wp\/v2\/types\/post"}],"author":[{"embeddable":true,"href":"http:\/\/vertienteglobal.com\/index.php?rest_route=\/wp\/v2\/users\/1"}],"replies":[{"embeddable":true,"href":"http:\/\/vertienteglobal.com\/index.php?rest_route=%2Fwp%2Fv2%2Fcomments&post=227879"}],"version-history":[{"count":0,"href":"http:\/\/vertienteglobal.com\/index.php?rest_route=\/wp\/v2\/posts\/227879\/revisions"}],"wp:featuredmedia":[{"embeddable":true,"href":"http:\/\/vertienteglobal.com\/index.php?rest_route=\/wp\/v2\/media\/227880"}],"wp:attachment":[{"href":"http:\/\/vertienteglobal.com\/index.php?rest_route=%2Fwp%2Fv2%2Fmedia&parent=227879"}],"wp:term":[{"taxonomy":"category","embeddable":true,"href":"http:\/\/vertienteglobal.com\/index.php?rest_route=%2Fwp%2Fv2%2Fcategories&post=227879"},{"taxonomy":"post_tag","embeddable":true,"href":"http:\/\/vertienteglobal.com\/index.php?rest_route=%2Fwp%2Fv2%2Ftags&post=227879"}],"curies":[{"name":"wp","href":"https:\/\/api.w.org\/{rel}","templated":true}]}}