{"id":227760,"date":"2023-08-11T13:50:00","date_gmt":"2023-08-11T18:50:00","guid":{"rendered":"http:\/\/vertienteglobal.com\/?p=227760"},"modified":"2023-08-11T18:18:15","modified_gmt":"2023-08-11T23:18:15","slug":"jorge-tamariz-es-el-nuevo-gerente-de-la-cfe-division-de-distribucion-sureste","status":"publish","type":"post","link":"http:\/\/vertienteglobal.com\/?p=227760","title":{"rendered":"Jorge Tamariz es el nuevo gerente de la CFE Divisi\u00f3n de Distribuci\u00f3n Sureste"},"content":{"rendered":"\n<div class=\"twitterbutton\" style=\"float: right; padding-left: 5px;\"><a href=\"http:\/\/twitter.com\/share\" class=\"twitter-share-button\" data-count=\"horizontal\" data-text=\"Jorge Tamariz es el nuevo gerente de la CFE Divisi\u00f3n de Distribuci\u00f3n Sureste\" data-via=\"https:\/\/twitter.com\/VertienteGloba1\" data-url=\"http:\/\/vertienteglobal.com\/?p=227760\" data-lang=\"es\" data-related=\"Informaci\u00f3n general:S\u00edguenos para que est\u00e9ss informado\"><\/a><\/div>\n<figure class=\"wp-block-image size-full\"><img loading=\"lazy\" decoding=\"async\" width=\"1024\" height=\"683\" src=\"http:\/\/vertienteglobal.com\/wp-content\/uploads\/2023\/08\/212849.jpg\" alt=\"\" class=\"wp-image-227761\" srcset=\"http:\/\/vertienteglobal.com\/wp-content\/uploads\/2023\/08\/212849.jpg 1024w, http:\/\/vertienteglobal.com\/wp-content\/uploads\/2023\/08\/212849-300x200.jpg 300w, http:\/\/vertienteglobal.com\/wp-content\/uploads\/2023\/08\/212849-150x100.jpg 150w, http:\/\/vertienteglobal.com\/wp-content\/uploads\/2023\/08\/212849-768x512.jpg 768w\" sizes=\"auto, (max-width: 1024px) 100vw, 1024px\" \/><\/figure>\n\n\n\n<p>(Redacci\u00f3n)<\/p>\n\n\n\n<p>El Ingeniero Jorge Tamariz Ocampo tiene una trayectoria de 25 a\u00f1os de servicio en la CFE. Su experiencia en la empresa incluye haber desempe\u00f1ado diversas funciones dentro de la Divisi\u00f3n Centro Sur<\/p>\n\n\n\n<p>Ciudad de M\u00e9xico 11 de agosto 2023.-La Comisi\u00f3n Federal de Electricidad (CFE) inform\u00f3 que la Gerencia de Distribuci\u00f3n Sureste pasar\u00e1 a estar bajo la responsabilidad del ingeniero Jorge Tamariz Ocampo.<\/p>\n\n\n\n<p>Y es que la instancia inform\u00f3 que el Ingeniero Jos\u00e9 Carlos Paredes Aquino, quien hasta la fecha ejerc\u00eda como titular de la Divisi\u00f3n de Distribuci\u00f3n Sureste, se unir\u00e1 al equipo de la Coordinaci\u00f3n de Distribuci\u00f3n en Oficinas Nacionales.<\/p>\n\n\n\n<p>De acuerdo a la CFE, el Ingeniero Jorge Tamariz Ocampo tiene una trayectoria de 25 a\u00f1os de servicio en la CFE. Su experiencia en la empresa incluye haber desempe\u00f1ado diversas funciones dentro de la Divisi\u00f3n Centro Sur.<\/p>\n\n\n\n<p>Tamariz Ocampo ha sido asignado a la Gerencia de Distribuci\u00f3n Sureste, donde aplicar\u00e1 su experiencia y conocimientos para alcanzar los objetivos establecidos por la Direcci\u00f3n General de CFE.(Fuente: CFE)<\/p>\n","protected":false},"excerpt":{"rendered":"<p>(Redacci\u00f3n) El Ingeniero Jorge Tamariz Ocampo tiene una trayectoria de 25 a\u00f1os de servicio en la CFE. Su experiencia en la empresa incluye haber desempe\u00f1ado diversas funciones dentro de la Divisi\u00f3n Centro Sur Ciudad de M\u00e9xico 11 de agosto 2023.-La Comisi\u00f3n Federal de Electricidad (CFE) inform\u00f3 que la Gerencia de Distribuci\u00f3n Sureste pasar\u00e1 a estar [&hellip;]<\/p>\n","protected":false},"author":1,"featured_media":227761,"comment_status":"open","ping_status":"open","sticky":false,"template":"","format":"standard","meta":{"footnotes":""},"categories":[8],"tags":[],"class_list":["post-227760","post","type-post","status-publish","format-standard","has-post-thumbnail","hentry","category-pais","entry","has-media"],"jetpack_featured_media_url":"http:\/\/vertienteglobal.com\/wp-content\/uploads\/2023\/08\/212849.jpg","_links":{"self":[{"href":"http:\/\/vertienteglobal.com\/index.php?rest_route=\/wp\/v2\/posts\/227760","targetHints":{"allow":["GET"]}}],"collection":[{"href":"http:\/\/vertienteglobal.com\/index.php?rest_route=\/wp\/v2\/posts"}],"about":[{"href":"http:\/\/vertienteglobal.com\/index.php?rest_route=\/wp\/v2\/types\/post"}],"author":[{"embeddable":true,"href":"http:\/\/vertienteglobal.com\/index.php?rest_route=\/wp\/v2\/users\/1"}],"replies":[{"embeddable":true,"href":"http:\/\/vertienteglobal.com\/index.php?rest_route=%2Fwp%2Fv2%2Fcomments&post=227760"}],"version-history":[{"count":0,"href":"http:\/\/vertienteglobal.com\/index.php?rest_route=\/wp\/v2\/posts\/227760\/revisions"}],"wp:featuredmedia":[{"embeddable":true,"href":"http:\/\/vertienteglobal.com\/index.php?rest_route=\/wp\/v2\/media\/227761"}],"wp:attachment":[{"href":"http:\/\/vertienteglobal.com\/index.php?rest_route=%2Fwp%2Fv2%2Fmedia&parent=227760"}],"wp:term":[{"taxonomy":"category","embeddable":true,"href":"http:\/\/vertienteglobal.com\/index.php?rest_route=%2Fwp%2Fv2%2Fcategories&post=227760"},{"taxonomy":"post_tag","embeddable":true,"href":"http:\/\/vertienteglobal.com\/index.php?rest_route=%2Fwp%2Fv2%2Ftags&post=227760"}],"curies":[{"name":"wp","href":"https:\/\/api.w.org\/{rel}","templated":true}]}}