{"id":227704,"date":"2023-08-11T10:52:00","date_gmt":"2023-08-11T15:52:00","guid":{"rendered":"http:\/\/vertienteglobal.com\/?p=227704"},"modified":"2023-08-11T15:39:32","modified_gmt":"2023-08-11T20:39:32","slug":"pelea-entre-musk-y-zuckerberg-sera-en-una-ubicacion-epica-en-italia","status":"publish","type":"post","link":"http:\/\/vertienteglobal.com\/?p=227704","title":{"rendered":"Pelea entre Musk y Zuckerberg ser\u00e1 en una \u2018ubicaci\u00f3n \u00e9pica\u2019 en Italia"},"content":{"rendered":"\n<div class=\"twitterbutton\" style=\"float: right; padding-left: 5px;\"><a href=\"http:\/\/twitter.com\/share\" class=\"twitter-share-button\" data-count=\"horizontal\" data-text=\"Pelea entre Musk y Zuckerberg ser\u00e1 en una \u2018ubicaci\u00f3n \u00e9pica\u2019 en Italia\" data-via=\"https:\/\/twitter.com\/VertienteGloba1\" data-url=\"http:\/\/vertienteglobal.com\/?p=227704\" data-lang=\"es\" data-related=\"Informaci\u00f3n general:S\u00edguenos para que est\u00e9ss informado\"><\/a><\/div>\n<figure class=\"wp-block-image size-full\"><img loading=\"lazy\" decoding=\"async\" width=\"1024\" height=\"683\" src=\"http:\/\/vertienteglobal.com\/wp-content\/uploads\/2023\/08\/212840.jpg\" alt=\"\" class=\"wp-image-227705\" srcset=\"http:\/\/vertienteglobal.com\/wp-content\/uploads\/2023\/08\/212840.jpg 1024w, http:\/\/vertienteglobal.com\/wp-content\/uploads\/2023\/08\/212840-300x200.jpg 300w, http:\/\/vertienteglobal.com\/wp-content\/uploads\/2023\/08\/212840-150x100.jpg 150w, http:\/\/vertienteglobal.com\/wp-content\/uploads\/2023\/08\/212840-768x512.jpg 768w\" sizes=\"auto, (max-width: 1024px) 100vw, 1024px\" \/><\/figure>\n\n\n\n<p>(Redacci\u00f3n)<\/p>\n\n\n\n<p>Habl\u00e9 con la primera ministra de Italia y el ministro de Cultura. Han acordado una ubicaci\u00f3n \u00e9pica\u201d, afirm\u00f3 por medio de su red social Elon Musk<\/p>\n\n\n\n<p>Ciudad de M\u00e9xico 11 de agosto 2023.-La hipot\u00e9tica pelea entre el due\u00f1o de X, antes Twitter, Elon Musk, y el director ejecutivo de Meta, Mark Zuckerberg, se llevar\u00e1 a cabo en \u00abuna ubicaci\u00f3n \u00e9pica\u00bb de Italia tras un acuerdo del tambi\u00e9n due\u00f1o de Tesla con el gobierno italiano.<\/p>\n\n\n\n<p>\u201cTodo lo que aparezca en c\u00e1mara ser\u00e1 de la antigua Roma, as\u00ed que nada moderno. Habl\u00e9 con la primera ministra de Italia y el ministro de Cultura. Han acordado una ubicaci\u00f3n \u00e9pica\u201d, afirm\u00f3 por medio de su red social Elon Musk.<\/p>\n\n\n\n<p>Asimismo, a\u00f1adi\u00f3 que \u201crendir\u00e1 respecto al pasado y presente de Italia\u201d y que todos los ingresos que logren obtener del evento, ir\u00e1n \u201ca los veteranos\u201d, y aunque no confirm\u00f3 si el lugar ser\u00eda el Coliseo romano, como sugiri\u00f3 en mensajes previos, agreg\u00f3 que la posible pelea ser\u00e1 administrada por la fundaci\u00f3n de Zuckerberg y no por la empresa de artes marciales mixtas Ultimate Fighting Championship (UFC).<\/p>\n\n\n\n<p>Cabe mencionar que el exc\u00e9ntrico multimillonario afirm\u00f3 que la posible pelea, cuya veracidad todav\u00eda est\u00e1 en el aire, ser\u00e1 retransmitida en vivo por medio de X (Twitter) y a trav\u00e9s de las plataformas de Meta (due\u00f1a de Facebook, Messenger e Instagram, entre otras).(Fuente: Forbes)<\/p>\n","protected":false},"excerpt":{"rendered":"<p>(Redacci\u00f3n) Habl\u00e9 con la primera ministra de Italia y el ministro de Cultura. Han acordado una ubicaci\u00f3n \u00e9pica\u201d, afirm\u00f3 por medio de su red social Elon Musk Ciudad de M\u00e9xico 11 de agosto 2023.-La hipot\u00e9tica pelea entre el due\u00f1o de X, antes Twitter, Elon Musk, y el director ejecutivo de Meta, Mark Zuckerberg, se llevar\u00e1 [&hellip;]<\/p>\n","protected":false},"author":1,"featured_media":227705,"comment_status":"open","ping_status":"open","sticky":false,"template":"","format":"standard","meta":{"footnotes":""},"categories":[8],"tags":[],"class_list":["post-227704","post","type-post","status-publish","format-standard","has-post-thumbnail","hentry","category-pais","entry","has-media"],"jetpack_featured_media_url":"http:\/\/vertienteglobal.com\/wp-content\/uploads\/2023\/08\/212840.jpg","_links":{"self":[{"href":"http:\/\/vertienteglobal.com\/index.php?rest_route=\/wp\/v2\/posts\/227704","targetHints":{"allow":["GET"]}}],"collection":[{"href":"http:\/\/vertienteglobal.com\/index.php?rest_route=\/wp\/v2\/posts"}],"about":[{"href":"http:\/\/vertienteglobal.com\/index.php?rest_route=\/wp\/v2\/types\/post"}],"author":[{"embeddable":true,"href":"http:\/\/vertienteglobal.com\/index.php?rest_route=\/wp\/v2\/users\/1"}],"replies":[{"embeddable":true,"href":"http:\/\/vertienteglobal.com\/index.php?rest_route=%2Fwp%2Fv2%2Fcomments&post=227704"}],"version-history":[{"count":0,"href":"http:\/\/vertienteglobal.com\/index.php?rest_route=\/wp\/v2\/posts\/227704\/revisions"}],"wp:featuredmedia":[{"embeddable":true,"href":"http:\/\/vertienteglobal.com\/index.php?rest_route=\/wp\/v2\/media\/227705"}],"wp:attachment":[{"href":"http:\/\/vertienteglobal.com\/index.php?rest_route=%2Fwp%2Fv2%2Fmedia&parent=227704"}],"wp:term":[{"taxonomy":"category","embeddable":true,"href":"http:\/\/vertienteglobal.com\/index.php?rest_route=%2Fwp%2Fv2%2Fcategories&post=227704"},{"taxonomy":"post_tag","embeddable":true,"href":"http:\/\/vertienteglobal.com\/index.php?rest_route=%2Fwp%2Fv2%2Ftags&post=227704"}],"curies":[{"name":"wp","href":"https:\/\/api.w.org\/{rel}","templated":true}]}}