{"id":227608,"date":"2023-08-09T14:24:00","date_gmt":"2023-08-09T19:24:00","guid":{"rendered":"http:\/\/vertienteglobal.com\/?p=227608"},"modified":"2023-08-10T10:32:56","modified_gmt":"2023-08-10T15:32:56","slug":"mas-de-2-mil-maestros-y-maestras-respaldan-a-renan-barrera","status":"publish","type":"post","link":"http:\/\/vertienteglobal.com\/?p=227608","title":{"rendered":"M\u00e1s de 2 mil maestros y maestras respaldan a Ren\u00e1n Barrera"},"content":{"rendered":"\n<div class=\"twitterbutton\" style=\"float: right; padding-left: 5px;\"><a href=\"http:\/\/twitter.com\/share\" class=\"twitter-share-button\" data-count=\"horizontal\" data-text=\"M\u00e1s de 2 mil maestros y maestras respaldan a Ren\u00e1n Barrera\" data-via=\"https:\/\/twitter.com\/VertienteGloba1\" data-url=\"http:\/\/vertienteglobal.com\/?p=227608\" data-lang=\"es\" data-related=\"Informaci\u00f3n general:S\u00edguenos para que est\u00e9ss informado\"><\/a><\/div>\n<figure class=\"wp-block-image size-large\"><img loading=\"lazy\" decoding=\"async\" width=\"1024\" height=\"512\" src=\"http:\/\/vertienteglobal.com\/wp-content\/uploads\/2023\/08\/WhatsApp-Image-2023-08-08-at-11.11.07-PM-1-1050x525-1-1024x512.jpeg\" alt=\"\" class=\"wp-image-227609\" srcset=\"http:\/\/vertienteglobal.com\/wp-content\/uploads\/2023\/08\/WhatsApp-Image-2023-08-08-at-11.11.07-PM-1-1050x525-1-1024x512.jpeg 1024w, http:\/\/vertienteglobal.com\/wp-content\/uploads\/2023\/08\/WhatsApp-Image-2023-08-08-at-11.11.07-PM-1-1050x525-1-300x150.jpeg 300w, http:\/\/vertienteglobal.com\/wp-content\/uploads\/2023\/08\/WhatsApp-Image-2023-08-08-at-11.11.07-PM-1-1050x525-1-150x75.jpeg 150w, http:\/\/vertienteglobal.com\/wp-content\/uploads\/2023\/08\/WhatsApp-Image-2023-08-08-at-11.11.07-PM-1-1050x525-1-768x384.jpeg 768w, http:\/\/vertienteglobal.com\/wp-content\/uploads\/2023\/08\/WhatsApp-Image-2023-08-08-at-11.11.07-PM-1-1050x525-1.jpeg 1050w\" sizes=\"auto, (max-width: 1024px) 100vw, 1024px\" \/><\/figure>\n\n\n\n<p>(Redacci\u00f3n)<\/p>\n\n\n\n<p>\u201c\u00a1Gobernador!, \u00a1Gobernador!\u201d, corean en Muna afiliados a la Organizaci\u00f3n Magisterial por Yucat\u00e1n<\/p>\n\n\n\n<p>Muna, Yucat\u00e1n ,09 de agosto de 2023.- M\u00e1s de 2,000 maestros de 33 municipios como Tzucacab, Ticul, Hunucm\u00e1, Santa Elena, Akil y Halach\u00f3, entre otros, abarrotaron el Sal\u00f3n Sosa Carrillo y con efusivos aplausos y porras de \u201c\u00a1Gobernador! \u00a1Gobernador!\u201drecibieron a al alcalde de M\u00e9rida, Ren\u00e1n Barrera Concha.<\/p>\n\n\n\n<p>Invitado por la Organizaci\u00f3n Magisterial por Yucat\u00e1n, el pol\u00edtico panista visit\u00f3 este municipio y escuch\u00f3 de cerca los retos y desaf\u00edos por los que atraviesa este sector, adem\u00e1s de compartir pol\u00edticas p\u00fablicas que han funcionado en M\u00e9rida y que pudieran replicarse en el interior del estado.<\/p>\n\n\n\n<p>El profesor Yael Rodr\u00edguez G\u00f3ngora agradeci\u00f3 la presencia del alcalde meridano y en nombre de todo el gremio de maestros, extern\u00f3 abiertamente su apoyo a Ren\u00e1n Barrera. \u201cMuy pronto tendremos definido el futuro de nuestro Estado, no solo como maestros, sino como ciudadanos, as\u00ed que cuenta con nosotros para lo que se viene, \u00a1Vamos bien y viene lo mejor!\u201d, expres\u00f3 el l\u00edder magisterial, ante los aplausos de sus compa\u00f1eros.<\/p>\n\n\n\n<p>Por su parte, el profesor Juan Hern\u00e1n May C\u00e1mara, representante de Educaci\u00f3n Ind\u00edgena de Akil, expuso que uno de los principales problemas por los que atraviesa el sector magisterial es la falta de apoyos.<\/p>\n\n\n\n<p>\u201cLa educaci\u00f3n es un derecho fundamental. Uno de los desaf\u00edos que enfrenta la educaci\u00f3n ind\u00edgena es que necesitamos m\u00e1s infraestructura, mejores instalaciones, m\u00e1s libros de texto y material did\u00e1ctico y tecnolog\u00edco\u201d, se\u00f1al\u00f3 May C\u00e1mara.<\/p>\n\n\n\n<p>En respuesta, Ren\u00e1n Barrera Concha reiter\u00f3 su compromiso con el gremio magisterial y subray\u00f3 que la tarea de los maestros es fundamental para la sociedad, pues en sus manos est\u00e1 el de educar y formar a las nuevas generaciones. \u201cNo son tiempos f\u00e1ciles, siempre van a existir retos y desaf\u00edos, pero ustedes son la extensi\u00f3n del hogar de miles de familias yucatecas que depositan la confianza de preparar a sus hijos. Y esa confianza se tiene que pagar con m\u00e1s infraestructura, con mejores condiciones y con mejores herramientas para poder llevar a cabo su tarea\u201d, destac\u00f3 el pol\u00edtico yucateco.<\/p>\n\n\n\n<p>Asimismo, Barrera Concha hizo un llamado a unir fuerzas sin distinci\u00f3n de colores y partidos para que Yucat\u00e1n siga transform\u00e1ndose en materia de educaci\u00f3n y econom\u00eda. \u201cLa trasformaci\u00f3n no es propiedad de ning\u00fan gobierno, la trasformaci\u00f3n no es propiedad de alg\u00fan partido pol\u00edtico, la transformaci\u00f3n es la capacidad que tiene cada uno de ustedes de modificar su realidad\u201d, apunt\u00f3 Barrera Concha.<\/p>\n\n\n\n<p>Una vez m\u00e1s los maestras y maestros respondieron con aplausos y volvieron a llamar al alcalde meridano \u201c\u00a1Gobernador! \u00a1Gobernador!\u201d.<\/p>\n\n\n\n<p>Ante esto, Barrera Concha expres\u00f3: \u201cLo digo con mucha claridad, estoy puesto para participar en el proceso de ser candidato a goberador de mi partido, estoy puesto para trabajar por las y los maestros y por todas y todos los yucatecos cuando lleguen los tiempos\u201d. A su llegada a Muna, Barrera Concha fue recibido en el Palacio Municipal por la alcaldesa de este municipio Elo\u00edsa Castro Contreras, con quien tuvo un di\u00e1logo.<\/p>\n\n\n\n<figure class=\"wp-block-image size-full\"><img loading=\"lazy\" decoding=\"async\" width=\"1024\" height=\"682\" src=\"http:\/\/vertienteglobal.com\/wp-content\/uploads\/2023\/08\/WhatsApp-Image-2023-08-08-at-11.11.07-PM-1024x682-1.jpeg\" alt=\"\" class=\"wp-image-227610\" srcset=\"http:\/\/vertienteglobal.com\/wp-content\/uploads\/2023\/08\/WhatsApp-Image-2023-08-08-at-11.11.07-PM-1024x682-1.jpeg 1024w, http:\/\/vertienteglobal.com\/wp-content\/uploads\/2023\/08\/WhatsApp-Image-2023-08-08-at-11.11.07-PM-1024x682-1-300x200.jpeg 300w, http:\/\/vertienteglobal.com\/wp-content\/uploads\/2023\/08\/WhatsApp-Image-2023-08-08-at-11.11.07-PM-1024x682-1-150x100.jpeg 150w, http:\/\/vertienteglobal.com\/wp-content\/uploads\/2023\/08\/WhatsApp-Image-2023-08-08-at-11.11.07-PM-1024x682-1-768x512.jpeg 768w\" sizes=\"auto, (max-width: 1024px) 100vw, 1024px\" \/><\/figure>\n\n\n\n<figure class=\"wp-block-image size-full\"><img loading=\"lazy\" decoding=\"async\" width=\"1024\" height=\"657\" src=\"http:\/\/vertienteglobal.com\/wp-content\/uploads\/2023\/08\/WhatsApp-Image-2023-08-08-at-11.11.07-PM-2-1024x657-1.jpeg\" alt=\"\" class=\"wp-image-227611\" srcset=\"http:\/\/vertienteglobal.com\/wp-content\/uploads\/2023\/08\/WhatsApp-Image-2023-08-08-at-11.11.07-PM-2-1024x657-1.jpeg 1024w, http:\/\/vertienteglobal.com\/wp-content\/uploads\/2023\/08\/WhatsApp-Image-2023-08-08-at-11.11.07-PM-2-1024x657-1-300x192.jpeg 300w, http:\/\/vertienteglobal.com\/wp-content\/uploads\/2023\/08\/WhatsApp-Image-2023-08-08-at-11.11.07-PM-2-1024x657-1-150x96.jpeg 150w, http:\/\/vertienteglobal.com\/wp-content\/uploads\/2023\/08\/WhatsApp-Image-2023-08-08-at-11.11.07-PM-2-1024x657-1-768x493.jpeg 768w\" sizes=\"auto, (max-width: 1024px) 100vw, 1024px\" \/><\/figure>\n","protected":false},"excerpt":{"rendered":"<p>(Redacci\u00f3n) \u201c\u00a1Gobernador!, \u00a1Gobernador!\u201d, corean en Muna afiliados a la Organizaci\u00f3n Magisterial por Yucat\u00e1n Muna, Yucat\u00e1n ,09 de agosto de 2023.- M\u00e1s de 2,000 maestros de 33 municipios como Tzucacab, Ticul, Hunucm\u00e1, Santa Elena, Akil y Halach\u00f3, entre otros, abarrotaron el Sal\u00f3n Sosa Carrillo y con efusivos aplausos y porras de \u201c\u00a1Gobernador! \u00a1Gobernador!\u201drecibieron a al alcalde [&hellip;]<\/p>\n","protected":false},"author":1,"featured_media":227612,"comment_status":"open","ping_status":"open","sticky":false,"template":"","format":"standard","meta":{"footnotes":""},"categories":[2],"tags":[],"class_list":["post-227608","post","type-post","status-publish","format-standard","has-post-thumbnail","hentry","category-yucatan","entry","has-media"],"jetpack_featured_media_url":"http:\/\/vertienteglobal.com\/wp-content\/uploads\/2023\/08\/WhatsApp-Image-2023-08-08-at-11.11.07-PM-1-1050x525-2.jpeg","_links":{"self":[{"href":"http:\/\/vertienteglobal.com\/index.php?rest_route=\/wp\/v2\/posts\/227608","targetHints":{"allow":["GET"]}}],"collection":[{"href":"http:\/\/vertienteglobal.com\/index.php?rest_route=\/wp\/v2\/posts"}],"about":[{"href":"http:\/\/vertienteglobal.com\/index.php?rest_route=\/wp\/v2\/types\/post"}],"author":[{"embeddable":true,"href":"http:\/\/vertienteglobal.com\/index.php?rest_route=\/wp\/v2\/users\/1"}],"replies":[{"embeddable":true,"href":"http:\/\/vertienteglobal.com\/index.php?rest_route=%2Fwp%2Fv2%2Fcomments&post=227608"}],"version-history":[{"count":0,"href":"http:\/\/vertienteglobal.com\/index.php?rest_route=\/wp\/v2\/posts\/227608\/revisions"}],"wp:featuredmedia":[{"embeddable":true,"href":"http:\/\/vertienteglobal.com\/index.php?rest_route=\/wp\/v2\/media\/227612"}],"wp:attachment":[{"href":"http:\/\/vertienteglobal.com\/index.php?rest_route=%2Fwp%2Fv2%2Fmedia&parent=227608"}],"wp:term":[{"taxonomy":"category","embeddable":true,"href":"http:\/\/vertienteglobal.com\/index.php?rest_route=%2Fwp%2Fv2%2Fcategories&post=227608"},{"taxonomy":"post_tag","embeddable":true,"href":"http:\/\/vertienteglobal.com\/index.php?rest_route=%2Fwp%2Fv2%2Ftags&post=227608"}],"curies":[{"name":"wp","href":"https:\/\/api.w.org\/{rel}","templated":true}]}}