{"id":227130,"date":"2023-08-02T11:09:00","date_gmt":"2023-08-02T16:09:00","guid":{"rendered":"http:\/\/vertienteglobal.com\/?p=227130"},"modified":"2023-08-02T12:16:01","modified_gmt":"2023-08-02T17:16:01","slug":"whatsapp-se-cae-a-nivel-mundial","status":"publish","type":"post","link":"http:\/\/vertienteglobal.com\/?p=227130","title":{"rendered":"WhatsApp se cae a nivel mundial"},"content":{"rendered":"\n<div class=\"twitterbutton\" style=\"float: right; padding-left: 5px;\"><a href=\"http:\/\/twitter.com\/share\" class=\"twitter-share-button\" data-count=\"horizontal\" data-text=\"WhatsApp se cae a nivel mundial\" data-via=\"https:\/\/twitter.com\/VertienteGloba1\" data-url=\"http:\/\/vertienteglobal.com\/?p=227130\" data-lang=\"es\" data-related=\"Informaci\u00f3n general:S\u00edguenos para que est\u00e9ss informado\"><\/a><\/div>\n<figure class=\"wp-block-image size-full\"><img loading=\"lazy\" decoding=\"async\" width=\"763\" height=\"402\" src=\"http:\/\/vertienteglobal.com\/wp-content\/uploads\/2023\/08\/FB_IMG_1690996258853.jpg\" alt=\"\" class=\"wp-image-227131\" srcset=\"http:\/\/vertienteglobal.com\/wp-content\/uploads\/2023\/08\/FB_IMG_1690996258853.jpg 763w, http:\/\/vertienteglobal.com\/wp-content\/uploads\/2023\/08\/FB_IMG_1690996258853-300x158.jpg 300w, http:\/\/vertienteglobal.com\/wp-content\/uploads\/2023\/08\/FB_IMG_1690996258853-150x79.jpg 150w\" sizes=\"auto, (max-width: 763px) 100vw, 763px\" \/><\/figure>\n\n\n\n<p>(Redacci\u00f3n)<\/p>\n\n\n\n<p>Hoy varios usuarios reportan fallas en la aplicaci\u00f3n de mensajer\u00eda WhatsApp.<\/p>\n\n\n\n<p>El error que m\u00e1s quejas ten\u00eda entre los usuarios fue el reenvi\u00f3 de mensajes.<\/p>\n\n\n\n<p>Ciudad de M\u00e9xico 02 de agosto 2023.- En Downdetector los pa\u00edses desde los que se est\u00e1n enviando los reportes son M\u00e9xico, Argentina, Colombia, Chile, Per\u00fd y Brasil, en Latinoam\u00e9rica, adem\u00e1s tambi\u00e9n hay informes desde Espa\u00f1a y Estados Unidos.<\/p>\n\n\n\n<p>Usuarios reportan fallas en los servicios de WhatsApp<\/p>\n\n\n\n<p>Y es que este mi\u00e9rcoles varios usuarios de la app de mensajer\u00eda WhatsApp reportaron diversas fallas en su funcionamiento. El error que gener\u00f3 m\u00e1s quejas entre los usuarios fue el reenv\u00edo de mensajes, que present\u00f3 problemas en su ejecuci\u00f3n.<\/p>\n\n\n\n<p>Plataformas de monitoreo de servicios en l\u00ednea, como Downdetector, se\u00f1alaron que, en general, la aplicaci\u00f3n experimentaba inconvenientes en el env\u00edo y recepci\u00f3n de mensajes. Pasadas las 9 de la ma\u00f1ana de este mi\u00e9rcoles, usuarios de diferentes partes del mundo dieron a conocer que enfrentaban dificultades en el reenv\u00edo de mensajes dentro de la misma aplicaci\u00f3n.<\/p>\n\n\n\n<p>Adem\u00e1s, algunos usuarios se\u00f1alaron que las fallas se concentraron en chats y conversaciones espec\u00edficas, donde los mensajes no se enviaban y permanec\u00edan con la imagen de un reloj, esperando a ser entregados. Esta situaci\u00f3n afect\u00f3 especialmente a algunos grupos donde la comunicaci\u00f3n se vio interrumpida.(Fuente:Milenio\/ Xeva\/Agencias)<\/p>\n","protected":false},"excerpt":{"rendered":"<p>(Redacci\u00f3n) Hoy varios usuarios reportan fallas en la aplicaci\u00f3n de mensajer\u00eda WhatsApp. El error que m\u00e1s quejas ten\u00eda entre los usuarios fue el reenvi\u00f3 de mensajes. Ciudad de M\u00e9xico 02 de agosto 2023.- En Downdetector los pa\u00edses desde los que se est\u00e1n enviando los reportes son M\u00e9xico, Argentina, Colombia, Chile, Per\u00fd y Brasil, en Latinoam\u00e9rica, [&hellip;]<\/p>\n","protected":false},"author":1,"featured_media":227131,"comment_status":"open","ping_status":"open","sticky":false,"template":"","format":"standard","meta":{"footnotes":""},"categories":[8],"tags":[],"class_list":["post-227130","post","type-post","status-publish","format-standard","has-post-thumbnail","hentry","category-pais","entry","has-media"],"jetpack_featured_media_url":"http:\/\/vertienteglobal.com\/wp-content\/uploads\/2023\/08\/FB_IMG_1690996258853.jpg","_links":{"self":[{"href":"http:\/\/vertienteglobal.com\/index.php?rest_route=\/wp\/v2\/posts\/227130","targetHints":{"allow":["GET"]}}],"collection":[{"href":"http:\/\/vertienteglobal.com\/index.php?rest_route=\/wp\/v2\/posts"}],"about":[{"href":"http:\/\/vertienteglobal.com\/index.php?rest_route=\/wp\/v2\/types\/post"}],"author":[{"embeddable":true,"href":"http:\/\/vertienteglobal.com\/index.php?rest_route=\/wp\/v2\/users\/1"}],"replies":[{"embeddable":true,"href":"http:\/\/vertienteglobal.com\/index.php?rest_route=%2Fwp%2Fv2%2Fcomments&post=227130"}],"version-history":[{"count":0,"href":"http:\/\/vertienteglobal.com\/index.php?rest_route=\/wp\/v2\/posts\/227130\/revisions"}],"wp:featuredmedia":[{"embeddable":true,"href":"http:\/\/vertienteglobal.com\/index.php?rest_route=\/wp\/v2\/media\/227131"}],"wp:attachment":[{"href":"http:\/\/vertienteglobal.com\/index.php?rest_route=%2Fwp%2Fv2%2Fmedia&parent=227130"}],"wp:term":[{"taxonomy":"category","embeddable":true,"href":"http:\/\/vertienteglobal.com\/index.php?rest_route=%2Fwp%2Fv2%2Fcategories&post=227130"},{"taxonomy":"post_tag","embeddable":true,"href":"http:\/\/vertienteglobal.com\/index.php?rest_route=%2Fwp%2Fv2%2Ftags&post=227130"}],"curies":[{"name":"wp","href":"https:\/\/api.w.org\/{rel}","templated":true}]}}