{"id":227045,"date":"2023-08-01T17:51:00","date_gmt":"2023-08-01T22:51:00","guid":{"rendered":"http:\/\/vertienteglobal.com\/?p=227045"},"modified":"2023-08-01T18:26:26","modified_gmt":"2023-08-01T23:26:26","slug":"amlo-envia-iniciativa-para-regular-uso-de-drones-con-fines-ilegales-que-implicaria","status":"publish","type":"post","link":"http:\/\/vertienteglobal.com\/?p=227045","title":{"rendered":"AMLO env\u00eda iniciativa para regular uso de drones con fines ilegales; \u00bfQu\u00e9 implicar\u00eda?"},"content":{"rendered":"\n<div class=\"twitterbutton\" style=\"float: right; padding-left: 5px;\"><a href=\"http:\/\/twitter.com\/share\" class=\"twitter-share-button\" data-count=\"horizontal\" data-text=\"AMLO env\u00eda iniciativa para regular uso de drones con fines ilegales; \u00bfQu\u00e9 imp...\" data-via=\"https:\/\/twitter.com\/VertienteGloba1\" data-url=\"http:\/\/vertienteglobal.com\/?p=227045\" data-lang=\"es\" data-related=\"Informaci\u00f3n general:S\u00edguenos para que est\u00e9ss informado\"><\/a><\/div>\n<figure class=\"wp-block-image size-full\"><img loading=\"lazy\" decoding=\"async\" width=\"680\" height=\"451\" src=\"http:\/\/vertienteglobal.com\/wp-content\/uploads\/2023\/08\/images-1.jpeg\" alt=\"\" class=\"wp-image-227046\" srcset=\"http:\/\/vertienteglobal.com\/wp-content\/uploads\/2023\/08\/images-1.jpeg 680w, http:\/\/vertienteglobal.com\/wp-content\/uploads\/2023\/08\/images-1-300x199.jpeg 300w, http:\/\/vertienteglobal.com\/wp-content\/uploads\/2023\/08\/images-1-150x99.jpeg 150w\" sizes=\"auto, (max-width: 680px) 100vw, 680px\" \/><\/figure>\n\n\n\n<p>(Redacci\u00f3n)<\/p>\n\n\n\n<p>Las reformas al C\u00f3digo Penal Federal establecen que se impondr\u00e1 una pena de prisi\u00f3n de 15 a 40 a\u00f1os y multa de 400 a mil 200 veces el valor diario de la Unidad de Medida y Actualizaci\u00f3n a quien utilice aeronaves pilotadas a distancia para cometer delitos en contra de las personas o bienes<\/p>\n\n\n\n<p>Ciudad de M\u00e9xico, 01 de agosto 2023.-El presidente Andr\u00e9s Manuel L\u00f3pez Obrador envi\u00f3 a la Comisi\u00f3n Permanente una iniciativa de ley para castigar hasta con 60 a\u00f1os de c\u00e1rcel el uso de drones para transportar, activar o detonar armas, municiones y materiales para uso exclusivo del Ej\u00e9rcito, Armada y Fuerza A\u00e9rea.<\/p>\n\n\n\n<p>Y es que dicha propuesta, enlistada en la Gaceta Parlamentaria, reforma y adiciona diversas disposiciones del C\u00f3digo Penal Federal y de la Ley de Armas de Fuego y Explosivos.<\/p>\n\n\n\n<p>El objetivo de la iniciativa es establecer agravantes a los delitos cometidos en contra de las personas o bienes mediante el uso de aeronaves piloteada a distancia para prevenir, evitar y castigar el uso de este tipo de aeronaves en actos en contra de bienes o servicios p\u00fablicos o privados, en contra de la integridad f\u00edsica, emocional o vida de las personas que produzcan alarma, temor o terror en la poblaci\u00f3n para atentar contra la seguridad nacional, presionar u obligar a la autoridad o a un particular a que tomen una determinaci\u00f3n.<\/p>\n\n\n\n<p>Las reformas al C\u00f3digo Penal Federal establecen que se impondr\u00e1 una pena de prisi\u00f3n de 15 a 40 a\u00f1os y multa de 400 a mil 200 veces el valor diario de la Unidad de Medida y Actualizaci\u00f3n a quien utilice aeronaves pilotadas a distancia para cometer delitos en contra de las personas o bienes.<\/p>\n\n\n\n<p>Tambi\u00e9n se prev\u00e9 una sanci\u00f3n de 10 a 20 a\u00f1os de prisi\u00f3n a quien mediante el uso de aeronaves pilotadas a distancia realice las siguientes conductas: arroje cualquier objeto o artefacto explosivo, artefactos explosivos improvisados o armas, as\u00ed como sustancias qu\u00edmicas que por s\u00ed solas o combinadas sean susceptibles de ser empleadas como explosivos sobre otras personas o bienes e impacte a alguna persona o propiedad con el prop\u00f3sito de causar da\u00f1o.<\/p>\n\n\n\n<p>Indica que cuando la persona o el bien afectado pertenezcan o est\u00e9n destinados a las Fuerzas Armadas o de seguridad nacional o seguridad p\u00fablica, la pena establecida aumentar\u00e1 hasta en una mitad.<\/p>\n\n\n\n<p>Apunta que cuando se cometiere por una persona servidora p\u00fablica de alguna corporaci\u00f3n policial, adem\u00e1s de las penas se\u00f1aladas y la destituci\u00f3n del empleo, se le inhabilitar\u00e1 de uno a diez a\u00f1os para desempe\u00f1ar cargo o comisi\u00f3n p\u00fablicos.<\/p>\n\n\n\n<p>Se\u00f1ala tambi\u00e9n que la comisi\u00f3n de estos delitos de perseguir\u00e1 por querella.<\/p>\n\n\n\n<p>El presidente L\u00f3pez Obrador afirma que con la evoluci\u00f3n de la tecnolog\u00eda en materia de aviaci\u00f3n civil, el uso de estos artefactos tecnol\u00f3gicos ha ido en aumento.<\/p>\n\n\n\n<p>El mandatario mexicano asegura que actualmente, organizaciones delictivas realizan actividades en la que utilizan artefactos a\u00e9reos no pilotados que adaptan para transportar explosivos que son lanzados a personas, utilizados en enfrentamientos y contra autoridades de los distintos \u00f3rdenes de gobierno.(Fuente: Milenio\/Xeu)<\/p>\n","protected":false},"excerpt":{"rendered":"<p>(Redacci\u00f3n) Las reformas al C\u00f3digo Penal Federal establecen que se impondr\u00e1 una pena de prisi\u00f3n de 15 a 40 a\u00f1os y multa de 400 a mil 200 veces el valor diario de la Unidad de Medida y Actualizaci\u00f3n a quien utilice aeronaves pilotadas a distancia para cometer delitos en contra de las personas o bienes [&hellip;]<\/p>\n","protected":false},"author":1,"featured_media":227046,"comment_status":"open","ping_status":"open","sticky":false,"template":"","format":"standard","meta":{"footnotes":""},"categories":[8],"tags":[],"class_list":["post-227045","post","type-post","status-publish","format-standard","has-post-thumbnail","hentry","category-pais","entry","has-media"],"jetpack_featured_media_url":"http:\/\/vertienteglobal.com\/wp-content\/uploads\/2023\/08\/images-1.jpeg","_links":{"self":[{"href":"http:\/\/vertienteglobal.com\/index.php?rest_route=\/wp\/v2\/posts\/227045","targetHints":{"allow":["GET"]}}],"collection":[{"href":"http:\/\/vertienteglobal.com\/index.php?rest_route=\/wp\/v2\/posts"}],"about":[{"href":"http:\/\/vertienteglobal.com\/index.php?rest_route=\/wp\/v2\/types\/post"}],"author":[{"embeddable":true,"href":"http:\/\/vertienteglobal.com\/index.php?rest_route=\/wp\/v2\/users\/1"}],"replies":[{"embeddable":true,"href":"http:\/\/vertienteglobal.com\/index.php?rest_route=%2Fwp%2Fv2%2Fcomments&post=227045"}],"version-history":[{"count":0,"href":"http:\/\/vertienteglobal.com\/index.php?rest_route=\/wp\/v2\/posts\/227045\/revisions"}],"wp:featuredmedia":[{"embeddable":true,"href":"http:\/\/vertienteglobal.com\/index.php?rest_route=\/wp\/v2\/media\/227046"}],"wp:attachment":[{"href":"http:\/\/vertienteglobal.com\/index.php?rest_route=%2Fwp%2Fv2%2Fmedia&parent=227045"}],"wp:term":[{"taxonomy":"category","embeddable":true,"href":"http:\/\/vertienteglobal.com\/index.php?rest_route=%2Fwp%2Fv2%2Fcategories&post=227045"},{"taxonomy":"post_tag","embeddable":true,"href":"http:\/\/vertienteglobal.com\/index.php?rest_route=%2Fwp%2Fv2%2Ftags&post=227045"}],"curies":[{"name":"wp","href":"https:\/\/api.w.org\/{rel}","templated":true}]}}