{"id":226958,"date":"2023-07-31T18:53:00","date_gmt":"2023-07-31T23:53:00","guid":{"rendered":"http:\/\/vertienteglobal.com\/?p=226958"},"modified":"2023-08-01T00:55:27","modified_gmt":"2023-08-01T05:55:27","slug":"inicia-fge-quintana-roo-mil-42-carpetas-de-investigacion-79-detenciones-en-flagrancia-y-25-vinculaciones-a-proceso-del-24-al-30-de-julio","status":"publish","type":"post","link":"http:\/\/vertienteglobal.com\/?p=226958","title":{"rendered":"Inicia FGE Quintana Roo mil 42 carpetas de investigaci\u00f3n, 79 detenciones en flagrancia y 25 vinculaciones a proceso, del 24 al 30 de julio"},"content":{"rendered":"\n<div class=\"twitterbutton\" style=\"float: right; padding-left: 5px;\"><a href=\"http:\/\/twitter.com\/share\" class=\"twitter-share-button\" data-count=\"horizontal\" data-text=\"Inicia FGE Quintana Roo mil 42 carpetas de investigaci\u00f3n, 79 detenciones en fla...\" data-via=\"https:\/\/twitter.com\/VertienteGloba1\" data-url=\"http:\/\/vertienteglobal.com\/?p=226958\" data-lang=\"es\" data-related=\"Informaci\u00f3n general:S\u00edguenos para que est\u00e9ss informado\"><\/a><\/div>\n<figure class=\"wp-block-image size-large\"><img loading=\"lazy\" decoding=\"async\" width=\"1024\" height=\"621\" src=\"http:\/\/vertienteglobal.com\/wp-content\/uploads\/2023\/08\/FB_IMG_1690868971846-1024x621.jpg\" alt=\"\" class=\"wp-image-226959\" srcset=\"http:\/\/vertienteglobal.com\/wp-content\/uploads\/2023\/08\/FB_IMG_1690868971846-1024x621.jpg 1024w, http:\/\/vertienteglobal.com\/wp-content\/uploads\/2023\/08\/FB_IMG_1690868971846-300x182.jpg 300w, http:\/\/vertienteglobal.com\/wp-content\/uploads\/2023\/08\/FB_IMG_1690868971846-150x91.jpg 150w, http:\/\/vertienteglobal.com\/wp-content\/uploads\/2023\/08\/FB_IMG_1690868971846-768x466.jpg 768w, http:\/\/vertienteglobal.com\/wp-content\/uploads\/2023\/08\/FB_IMG_1690868971846.jpg 1080w\" sizes=\"auto, (max-width: 1024px) 100vw, 1024px\" \/><\/figure>\n\n\n\n<p>(Redacci\u00f3n)<\/p>\n\n\n\n<p>Destaca el Fiscal General Raciel L\u00f3pez Salazar que del total de las carpetas abiertas, 981 fueron sin detenido y 61 con detenido<\/p>\n\n\n\n<p>En el marco de la conferencia de prensa del Gabinete de Seguridad Estatal, resalta el Fiscal General la detenci\u00f3n de dos taxistas en el municipio de Benito Ju\u00e1rez por la agresi\u00f3n contra un conductor de la plataforma Uber<\/p>\n\n\n\n<p>Canc\u00fan, Quintana Roo 31 de julio 2023.- El titular de la Fiscal\u00eda General del Estado, Raciel L\u00f3pez Salazar, inform\u00f3 que en la semana del 24 al 30 de julio del a\u00f1o en curso, se iniciaron mil 42 carpetas de investigaci\u00f3n, adem\u00e1s de que hubo 79 detenciones en flagrancia y obtuvieron 25 vinculaciones a proceso.<\/p>\n\n\n\n<p>En el marco de la conferencia de prensa del Gabinete de Seguridad Estatal, el Fiscal General detall\u00f3 que del total de las carpetas abiertas, 981 fueron sin detenido y 61 con detenido; adem\u00e1s de que obtuvieron 18 \u00f3rdenes de aprehensi\u00f3n y dos sentencias condenatorias. En ese mismo lapso se llevaron a cabo seis cateos.<\/p>\n\n\n\n<p>Asimismo, Raciel L\u00f3pez Salazar destac\u00f3 la detenci\u00f3n de dos taxistas en el municipio de Benito Ju\u00e1rez, por la agresi\u00f3n contra un conductor de la plataforma Uber, cuando los imputados golpearon la unidad de aplicaci\u00f3n con objetos contundentes, adem\u00e1s de agredir f\u00edsicamente al chofer de esta y despojarlo de sus pertenencias.<\/p>\n\n\n\n<p>\u201cSe inici\u00f3 una carpeta de investigaci\u00f3n por los delitos de robo calificado, da\u00f1os y lesiones; polic\u00edas detuvieron a Yorzua \u201cN\u201d y Alex \u201cN\u201d, y los pusieron a disposici\u00f3n del juez de control, quien decret\u00f3 la legal detenci\u00f3n y judicializaci\u00f3n, por lo que en breve se definir\u00e1 su situaci\u00f3n; ellos quedaron bajo la medida cautelar de prisi\u00f3n preventiva justificada\u201d, afirm\u00f3 el Fiscal General.<\/p>\n\n\n\n<p>En otros temas, Raciel L\u00f3pez Salazar se\u00f1al\u00f3 que derivado de una denuncia se procedi\u00f3 a la b\u00fasqueda de una menor de edad, presuntamente privada de la libertad, por lo que se llev\u00f3 a cabo la investigaci\u00f3n correspondiente.<\/p>\n\n\n\n<p>\u201cLa adolescente fue rescatada y se detuvo a tres personas, pero tras la investigaci\u00f3n, se lleg\u00f3 a la conclusi\u00f3n de que se trat\u00f3 de un autosecuestro; ya que ped\u00edan una cantidad de dinero a los padres de la menor\u201d, enfatiz\u00f3.<\/p>\n","protected":false},"excerpt":{"rendered":"<p>(Redacci\u00f3n) Destaca el Fiscal General Raciel L\u00f3pez Salazar que del total de las carpetas abiertas, 981 fueron sin detenido y 61 con detenido En el marco de la conferencia de prensa del Gabinete de Seguridad Estatal, resalta el Fiscal General la detenci\u00f3n de dos taxistas en el municipio de Benito Ju\u00e1rez por la agresi\u00f3n contra [&hellip;]<\/p>\n","protected":false},"author":1,"featured_media":226959,"comment_status":"open","ping_status":"open","sticky":false,"template":"","format":"standard","meta":{"footnotes":""},"categories":[3],"tags":[],"class_list":["post-226958","post","type-post","status-publish","format-standard","has-post-thumbnail","hentry","category-quintana-roo","entry","has-media"],"jetpack_featured_media_url":"http:\/\/vertienteglobal.com\/wp-content\/uploads\/2023\/08\/FB_IMG_1690868971846.jpg","_links":{"self":[{"href":"http:\/\/vertienteglobal.com\/index.php?rest_route=\/wp\/v2\/posts\/226958","targetHints":{"allow":["GET"]}}],"collection":[{"href":"http:\/\/vertienteglobal.com\/index.php?rest_route=\/wp\/v2\/posts"}],"about":[{"href":"http:\/\/vertienteglobal.com\/index.php?rest_route=\/wp\/v2\/types\/post"}],"author":[{"embeddable":true,"href":"http:\/\/vertienteglobal.com\/index.php?rest_route=\/wp\/v2\/users\/1"}],"replies":[{"embeddable":true,"href":"http:\/\/vertienteglobal.com\/index.php?rest_route=%2Fwp%2Fv2%2Fcomments&post=226958"}],"version-history":[{"count":0,"href":"http:\/\/vertienteglobal.com\/index.php?rest_route=\/wp\/v2\/posts\/226958\/revisions"}],"wp:featuredmedia":[{"embeddable":true,"href":"http:\/\/vertienteglobal.com\/index.php?rest_route=\/wp\/v2\/media\/226959"}],"wp:attachment":[{"href":"http:\/\/vertienteglobal.com\/index.php?rest_route=%2Fwp%2Fv2%2Fmedia&parent=226958"}],"wp:term":[{"taxonomy":"category","embeddable":true,"href":"http:\/\/vertienteglobal.com\/index.php?rest_route=%2Fwp%2Fv2%2Fcategories&post=226958"},{"taxonomy":"post_tag","embeddable":true,"href":"http:\/\/vertienteglobal.com\/index.php?rest_route=%2Fwp%2Fv2%2Ftags&post=226958"}],"curies":[{"name":"wp","href":"https:\/\/api.w.org\/{rel}","templated":true}]}}