{"id":226934,"date":"2023-07-31T15:42:00","date_gmt":"2023-07-31T20:42:00","guid":{"rendered":"http:\/\/vertienteglobal.com\/?p=226934"},"modified":"2023-08-01T00:28:09","modified_gmt":"2023-08-01T05:28:09","slug":"capa-avanza-en-los-trabajos-de-sustitucion-del-colector-de-aguas-residuales-de-la-avenida-rafael-e-melgar-en-cozumel","status":"publish","type":"post","link":"http:\/\/vertienteglobal.com\/?p=226934","title":{"rendered":"CAPA avanza en los trabajos de \u201cSustituci\u00f3n del colector de Aguas Residuales de la avenida Rafael E. Melgar\u201d en Cozumel"},"content":{"rendered":"\n<div class=\"twitterbutton\" style=\"float: right; padding-left: 5px;\"><a href=\"http:\/\/twitter.com\/share\" class=\"twitter-share-button\" data-count=\"horizontal\" data-text=\"CAPA avanza en los trabajos de \u201cSustituci\u00f3n del colector de Aguas Residuales ...\" data-via=\"https:\/\/twitter.com\/VertienteGloba1\" data-url=\"http:\/\/vertienteglobal.com\/?p=226934\" data-lang=\"es\" data-related=\"Informaci\u00f3n general:S\u00edguenos para que est\u00e9ss informado\"><\/a><\/div>\n<figure class=\"wp-block-image size-large\"><img loading=\"lazy\" decoding=\"async\" width=\"1024\" height=\"378\" src=\"http:\/\/vertienteglobal.com\/wp-content\/uploads\/2023\/08\/CAPA-aguas4-1024x378.jpg\" alt=\"\" class=\"wp-image-226935\" srcset=\"http:\/\/vertienteglobal.com\/wp-content\/uploads\/2023\/08\/CAPA-aguas4-1024x378.jpg 1024w, http:\/\/vertienteglobal.com\/wp-content\/uploads\/2023\/08\/CAPA-aguas4-300x111.jpg 300w, http:\/\/vertienteglobal.com\/wp-content\/uploads\/2023\/08\/CAPA-aguas4-150x55.jpg 150w, http:\/\/vertienteglobal.com\/wp-content\/uploads\/2023\/08\/CAPA-aguas4-768x284.jpg 768w, http:\/\/vertienteglobal.com\/wp-content\/uploads\/2023\/08\/CAPA-aguas4-1536x567.jpg 1536w, http:\/\/vertienteglobal.com\/wp-content\/uploads\/2023\/08\/CAPA-aguas4.jpg 1920w\" sizes=\"auto, (max-width: 1024px) 100vw, 1024px\" \/><\/figure>\n\n\n\n<p>(Redacci\u00f3n)<\/p>\n\n\n\n<p>Llevan 28 por ciento, con 280 metros lineales de colector instalados y 600 metros lineales de tuber\u00eda de agua potable<\/p>\n\n\n\n<p>Chetumal, Quintana Roo 31 de julio 2023.- La Comisi\u00f3n de Agua Potable y Alcantarillado (CAPA) informa que avanzan los trabajos de la obra \u201cSustituci\u00f3n del colector de Aguas Residuales de la avenida Rafael E. Melgar\u201d en Cozumel, en la que se invierten m\u00e1s de 62.8 millones de pesos en beneficio de habitantes y visitantes de la isla de las Golondrinas.<\/p>\n\n\n\n<p>Como parte de las gestiones de la gobernadora Mara Lezama Espinosa, en el marco del Nuevo Acuerdo por el Bienestar y Desarrollo de Quintana Roo, se llevan a cabo dichas acciones que permiten disminuir las brechas de desigualdad, con servicios b\u00e1sicos de calidad como el agua potable y saneamiento.<\/p>\n\n\n\n<p>La obra presenta un avance del 28 por ciento, con 280 metros lineales de colector instalados y 600 metros lineales de tuber\u00eda de agua potable.<\/p>\n\n\n\n<p>En este sentido, la CAPA detall\u00f3 que del 24 al 28 de julio, de acuerdo con el compromiso para continuar avanzando en tiempo y forma con el proceso constructivo, se ampliaron las jornadas de trabajos con mayor fuerza laboral.<\/p>\n\n\n\n<p>Asimismo, se realiz\u00f3 la limpieza y el levantamiento de escombro, en el \u00e1rea de la SEDENA. Al tiempo, que se llevan a cabo achiques y trabajos de compactaci\u00f3n, en la misma zona, para continuar con el entubado del colector.<\/p>\n\n\n\n<p>En la calle 12, se realiz\u00f3 la sustituci\u00f3n de la v\u00e1lvula de 8 pulgadas, y se trabajar\u00e1 en la colocaci\u00f3n de atraques, perfilado de la caja y rehabilitaci\u00f3n de la tapa, para poder abrir la circulaci\u00f3n en dicho punto.<\/p>\n\n\n\n<p>Sobre la calle de la Capitan\u00eda de Puerto, se trabaja en la excavaci\u00f3n para la colocaci\u00f3n del tramo de colector.<\/p>\n\n\n\n<p>Se llevaron a cabo labores en el pozo especial, as\u00ed como la instalaci\u00f3n de una bomba de achique para bajar el nivel del manto fre\u00e1tico. Y se extendi\u00f3 la tuber\u00eda de desviaci\u00f3n hasta el c\u00e1rcamo, a fin de evitar malos olores.<\/p>\n\n\n\n<p>Se realizan diversos sondeos a fin de evitar interferencias en los servicios como la CFE, TELMEX, etc., y posibles socavones.<\/p>\n\n\n\n<figure class=\"wp-block-image size-full\"><img loading=\"lazy\" decoding=\"async\" width=\"585\" height=\"774\" src=\"http:\/\/vertienteglobal.com\/wp-content\/uploads\/2023\/08\/CAPA-aguas1-585x774-1.jpg\" alt=\"\" class=\"wp-image-226936\" srcset=\"http:\/\/vertienteglobal.com\/wp-content\/uploads\/2023\/08\/CAPA-aguas1-585x774-1.jpg 585w, http:\/\/vertienteglobal.com\/wp-content\/uploads\/2023\/08\/CAPA-aguas1-585x774-1-227x300.jpg 227w, http:\/\/vertienteglobal.com\/wp-content\/uploads\/2023\/08\/CAPA-aguas1-585x774-1-113x150.jpg 113w\" sizes=\"auto, (max-width: 585px) 100vw, 585px\" \/><\/figure>\n\n\n\n<figure class=\"wp-block-image size-full\"><img loading=\"lazy\" decoding=\"async\" width=\"585\" height=\"765\" src=\"http:\/\/vertienteglobal.com\/wp-content\/uploads\/2023\/08\/FB_IMG_1690867479331.jpg\" alt=\"\" class=\"wp-image-226937\" srcset=\"http:\/\/vertienteglobal.com\/wp-content\/uploads\/2023\/08\/FB_IMG_1690867479331.jpg 585w, http:\/\/vertienteglobal.com\/wp-content\/uploads\/2023\/08\/FB_IMG_1690867479331-229x300.jpg 229w, http:\/\/vertienteglobal.com\/wp-content\/uploads\/2023\/08\/FB_IMG_1690867479331-115x150.jpg 115w\" sizes=\"auto, (max-width: 585px) 100vw, 585px\" \/><\/figure>\n\n\n\n<p><\/p>\n\n\n\n<figure class=\"wp-block-image size-full\"><img loading=\"lazy\" decoding=\"async\" width=\"585\" height=\"778\" src=\"http:\/\/vertienteglobal.com\/wp-content\/uploads\/2023\/08\/CAPA-aguas3-585x778-1.jpg\" alt=\"\" class=\"wp-image-226938\" srcset=\"http:\/\/vertienteglobal.com\/wp-content\/uploads\/2023\/08\/CAPA-aguas3-585x778-1.jpg 585w, http:\/\/vertienteglobal.com\/wp-content\/uploads\/2023\/08\/CAPA-aguas3-585x778-1-226x300.jpg 226w, http:\/\/vertienteglobal.com\/wp-content\/uploads\/2023\/08\/CAPA-aguas3-585x778-1-113x150.jpg 113w\" sizes=\"auto, (max-width: 585px) 100vw, 585px\" \/><\/figure>\n","protected":false},"excerpt":{"rendered":"<p>(Redacci\u00f3n) Llevan 28 por ciento, con 280 metros lineales de colector instalados y 600 metros lineales de tuber\u00eda de agua potable Chetumal, Quintana Roo 31 de julio 2023.- La Comisi\u00f3n de Agua Potable y Alcantarillado (CAPA) informa que avanzan los trabajos de la obra \u201cSustituci\u00f3n del colector de Aguas Residuales de la avenida Rafael E. [&hellip;]<\/p>\n","protected":false},"author":1,"featured_media":226935,"comment_status":"open","ping_status":"open","sticky":false,"template":"","format":"standard","meta":{"footnotes":""},"categories":[3],"tags":[],"class_list":["post-226934","post","type-post","status-publish","format-standard","has-post-thumbnail","hentry","category-quintana-roo","entry","has-media"],"jetpack_featured_media_url":"http:\/\/vertienteglobal.com\/wp-content\/uploads\/2023\/08\/CAPA-aguas4.jpg","_links":{"self":[{"href":"http:\/\/vertienteglobal.com\/index.php?rest_route=\/wp\/v2\/posts\/226934","targetHints":{"allow":["GET"]}}],"collection":[{"href":"http:\/\/vertienteglobal.com\/index.php?rest_route=\/wp\/v2\/posts"}],"about":[{"href":"http:\/\/vertienteglobal.com\/index.php?rest_route=\/wp\/v2\/types\/post"}],"author":[{"embeddable":true,"href":"http:\/\/vertienteglobal.com\/index.php?rest_route=\/wp\/v2\/users\/1"}],"replies":[{"embeddable":true,"href":"http:\/\/vertienteglobal.com\/index.php?rest_route=%2Fwp%2Fv2%2Fcomments&post=226934"}],"version-history":[{"count":0,"href":"http:\/\/vertienteglobal.com\/index.php?rest_route=\/wp\/v2\/posts\/226934\/revisions"}],"wp:featuredmedia":[{"embeddable":true,"href":"http:\/\/vertienteglobal.com\/index.php?rest_route=\/wp\/v2\/media\/226935"}],"wp:attachment":[{"href":"http:\/\/vertienteglobal.com\/index.php?rest_route=%2Fwp%2Fv2%2Fmedia&parent=226934"}],"wp:term":[{"taxonomy":"category","embeddable":true,"href":"http:\/\/vertienteglobal.com\/index.php?rest_route=%2Fwp%2Fv2%2Fcategories&post=226934"},{"taxonomy":"post_tag","embeddable":true,"href":"http:\/\/vertienteglobal.com\/index.php?rest_route=%2Fwp%2Fv2%2Ftags&post=226934"}],"curies":[{"name":"wp","href":"https:\/\/api.w.org\/{rel}","templated":true}]}}