{"id":226870,"date":"2023-07-31T12:24:00","date_gmt":"2023-07-31T17:24:00","guid":{"rendered":"http:\/\/vertienteglobal.com\/?p=226870"},"modified":"2023-07-31T12:12:30","modified_gmt":"2023-07-31T17:12:30","slug":"trabajan-mara-lezama-y-rosa-icela-rodriguez-en-la-construccion-de-la-paz","status":"publish","type":"post","link":"http:\/\/vertienteglobal.com\/?p=226870","title":{"rendered":"Trabajan Mara Lezama y Rosa Icela Rodr\u00edguez en la construcci\u00f3n de la paz"},"content":{"rendered":"\n<div class=\"twitterbutton\" style=\"float: right; padding-left: 5px;\"><a href=\"http:\/\/twitter.com\/share\" class=\"twitter-share-button\" data-count=\"horizontal\" data-text=\"Trabajan Mara Lezama y Rosa Icela Rodr\u00edguez en la construcci\u00f3n de la paz\" data-via=\"https:\/\/twitter.com\/VertienteGloba1\" data-url=\"http:\/\/vertienteglobal.com\/?p=226870\" data-lang=\"es\" data-related=\"Informaci\u00f3n general:S\u00edguenos para que est\u00e9ss informado\"><\/a><\/div>\n<figure class=\"wp-block-image size-large\"><img loading=\"lazy\" decoding=\"async\" width=\"1024\" height=\"682\" src=\"http:\/\/vertienteglobal.com\/wp-content\/uploads\/2023\/07\/Mara-Lezama-paz1-1024x682.jpg\" alt=\"\" class=\"wp-image-226871\" srcset=\"http:\/\/vertienteglobal.com\/wp-content\/uploads\/2023\/07\/Mara-Lezama-paz1-1024x682.jpg 1024w, http:\/\/vertienteglobal.com\/wp-content\/uploads\/2023\/07\/Mara-Lezama-paz1-300x200.jpg 300w, http:\/\/vertienteglobal.com\/wp-content\/uploads\/2023\/07\/Mara-Lezama-paz1-150x100.jpg 150w, http:\/\/vertienteglobal.com\/wp-content\/uploads\/2023\/07\/Mara-Lezama-paz1-768x512.jpg 768w, http:\/\/vertienteglobal.com\/wp-content\/uploads\/2023\/07\/Mara-Lezama-paz1-1536x1023.jpg 1536w, http:\/\/vertienteglobal.com\/wp-content\/uploads\/2023\/07\/Mara-Lezama-paz1.jpg 1600w\" sizes=\"auto, (max-width: 1024px) 100vw, 1024px\" \/><\/figure>\n\n\n\n<p>(Redacci\u00f3n)<\/p>\n\n\n\n<p><\/p>\n\n\n\n<p>Ciudad de M\u00e9xico.- La gobernadora Mara Lezama Espinosa se reuni\u00f3 con la titular de Secretar\u00eda de Seguridad y Protecci\u00f3n Ciudadana (SSPC) Rosa Icela Rodr\u00edguez, con quien platic\u00f3 sobre las acciones y avance en la estrategia de Construcci\u00f3n de la Paz y Tranquilidad en Quintana Roo, as\u00ed como el trabajo que se ha realizado en coordinaci\u00f3n con el Gobierno de M\u00e9xico para el traslado de reos de peligrosidad a otros penales y reducir la sobredensificaci\u00f3n de las c\u00e1rceles de Quintana Roo.<\/p>\n\n\n\n<p>\u201cLa seguridad es una de las prioridades de este gobierno, trabajar en atender los or\u00edgenes de las violencias, construir la paz de la mano de las y los quintanarroenses y en coordinaci\u00f3n con los tres niveles de gobierno\u201d, afirm\u00f3.<\/p>\n\n\n\n<figure class=\"wp-block-image size-full\"><img loading=\"lazy\" decoding=\"async\" width=\"585\" height=\"670\" src=\"http:\/\/vertienteglobal.com\/wp-content\/uploads\/2023\/07\/Mara-Lezama-paz3-585x670-1.jpg\" alt=\"\" class=\"wp-image-226872\" srcset=\"http:\/\/vertienteglobal.com\/wp-content\/uploads\/2023\/07\/Mara-Lezama-paz3-585x670-1.jpg 585w, http:\/\/vertienteglobal.com\/wp-content\/uploads\/2023\/07\/Mara-Lezama-paz3-585x670-1-262x300.jpg 262w, http:\/\/vertienteglobal.com\/wp-content\/uploads\/2023\/07\/Mara-Lezama-paz3-585x670-1-131x150.jpg 131w\" sizes=\"auto, (max-width: 585px) 100vw, 585px\" \/><\/figure>\n\n\n\n<figure class=\"wp-block-image size-full\"><img loading=\"lazy\" decoding=\"async\" width=\"585\" height=\"390\" src=\"http:\/\/vertienteglobal.com\/wp-content\/uploads\/2023\/07\/Mara-Lezama-paz2-585x390-1.jpg\" alt=\"\" class=\"wp-image-226873\" srcset=\"http:\/\/vertienteglobal.com\/wp-content\/uploads\/2023\/07\/Mara-Lezama-paz2-585x390-1.jpg 585w, http:\/\/vertienteglobal.com\/wp-content\/uploads\/2023\/07\/Mara-Lezama-paz2-585x390-1-300x200.jpg 300w, http:\/\/vertienteglobal.com\/wp-content\/uploads\/2023\/07\/Mara-Lezama-paz2-585x390-1-150x100.jpg 150w\" sizes=\"auto, (max-width: 585px) 100vw, 585px\" \/><\/figure>\n","protected":false},"excerpt":{"rendered":"<p>(Redacci\u00f3n) Ciudad de M\u00e9xico.- La gobernadora Mara Lezama Espinosa se reuni\u00f3 con la titular de Secretar\u00eda de Seguridad y Protecci\u00f3n Ciudadana (SSPC) Rosa Icela Rodr\u00edguez, con quien platic\u00f3 sobre las acciones y avance en la estrategia de Construcci\u00f3n de la Paz y Tranquilidad en Quintana Roo, as\u00ed como el trabajo que se ha realizado en [&hellip;]<\/p>\n","protected":false},"author":1,"featured_media":226871,"comment_status":"open","ping_status":"open","sticky":false,"template":"","format":"standard","meta":{"footnotes":""},"categories":[8,3],"tags":[],"class_list":["post-226870","post","type-post","status-publish","format-standard","has-post-thumbnail","hentry","category-pais","category-quintana-roo","entry","has-media"],"jetpack_featured_media_url":"http:\/\/vertienteglobal.com\/wp-content\/uploads\/2023\/07\/Mara-Lezama-paz1.jpg","_links":{"self":[{"href":"http:\/\/vertienteglobal.com\/index.php?rest_route=\/wp\/v2\/posts\/226870","targetHints":{"allow":["GET"]}}],"collection":[{"href":"http:\/\/vertienteglobal.com\/index.php?rest_route=\/wp\/v2\/posts"}],"about":[{"href":"http:\/\/vertienteglobal.com\/index.php?rest_route=\/wp\/v2\/types\/post"}],"author":[{"embeddable":true,"href":"http:\/\/vertienteglobal.com\/index.php?rest_route=\/wp\/v2\/users\/1"}],"replies":[{"embeddable":true,"href":"http:\/\/vertienteglobal.com\/index.php?rest_route=%2Fwp%2Fv2%2Fcomments&post=226870"}],"version-history":[{"count":0,"href":"http:\/\/vertienteglobal.com\/index.php?rest_route=\/wp\/v2\/posts\/226870\/revisions"}],"wp:featuredmedia":[{"embeddable":true,"href":"http:\/\/vertienteglobal.com\/index.php?rest_route=\/wp\/v2\/media\/226871"}],"wp:attachment":[{"href":"http:\/\/vertienteglobal.com\/index.php?rest_route=%2Fwp%2Fv2%2Fmedia&parent=226870"}],"wp:term":[{"taxonomy":"category","embeddable":true,"href":"http:\/\/vertienteglobal.com\/index.php?rest_route=%2Fwp%2Fv2%2Fcategories&post=226870"},{"taxonomy":"post_tag","embeddable":true,"href":"http:\/\/vertienteglobal.com\/index.php?rest_route=%2Fwp%2Fv2%2Ftags&post=226870"}],"curies":[{"name":"wp","href":"https:\/\/api.w.org\/{rel}","templated":true}]}}