{"id":226830,"date":"2023-07-29T22:51:00","date_gmt":"2023-07-30T03:51:00","guid":{"rendered":"http:\/\/vertienteglobal.com\/?p=226830"},"modified":"2023-07-30T14:40:14","modified_gmt":"2023-07-30T19:40:14","slug":"seguimos-apoyando-a-las-familias-de-progreso-con-despensas-a-familias-en-situacion-de-vulnerabilidad","status":"publish","type":"post","link":"http:\/\/vertienteglobal.com\/?p=226830","title":{"rendered":"Seguimos apoyando a las familias de Progreso con despensas a familias en situaci\u00f3n de vulnerabilidad"},"content":{"rendered":"\n<div class=\"twitterbutton\" style=\"float: right; padding-left: 5px;\"><a href=\"http:\/\/twitter.com\/share\" class=\"twitter-share-button\" data-count=\"horizontal\" data-text=\"Seguimos apoyando a las familias de Progreso con despensas a familias en situaci...\" data-via=\"https:\/\/twitter.com\/VertienteGloba1\" data-url=\"http:\/\/vertienteglobal.com\/?p=226830\" data-lang=\"es\" data-related=\"Informaci\u00f3n general:S\u00edguenos para que est\u00e9ss informado\"><\/a><\/div>\n<figure class=\"wp-block-image size-large\"><img loading=\"lazy\" decoding=\"async\" width=\"1024\" height=\"512\" src=\"http:\/\/vertienteglobal.com\/wp-content\/uploads\/2023\/07\/WhatsApp-Image-2023-07-29-at-12.13.29-PM-1050x525-1-1024x512.jpeg\" alt=\"\" class=\"wp-image-226831\" srcset=\"http:\/\/vertienteglobal.com\/wp-content\/uploads\/2023\/07\/WhatsApp-Image-2023-07-29-at-12.13.29-PM-1050x525-1-1024x512.jpeg 1024w, http:\/\/vertienteglobal.com\/wp-content\/uploads\/2023\/07\/WhatsApp-Image-2023-07-29-at-12.13.29-PM-1050x525-1-300x150.jpeg 300w, http:\/\/vertienteglobal.com\/wp-content\/uploads\/2023\/07\/WhatsApp-Image-2023-07-29-at-12.13.29-PM-1050x525-1-150x75.jpeg 150w, http:\/\/vertienteglobal.com\/wp-content\/uploads\/2023\/07\/WhatsApp-Image-2023-07-29-at-12.13.29-PM-1050x525-1-768x384.jpeg 768w, http:\/\/vertienteglobal.com\/wp-content\/uploads\/2023\/07\/WhatsApp-Image-2023-07-29-at-12.13.29-PM-1050x525-1.jpeg 1050w\" sizes=\"auto, (max-width: 1024px) 100vw, 1024px\" \/><\/figure>\n\n\n\n<p>(Redacci\u00f3n)<\/p>\n\n\n\n<p>Si deseas adquirir un apoyo municipal, es importante recordar que las inscripciones al nuevo per\u00edodo anual de entrega de despensas, est\u00e1n programadas para el mes de noviembre y podr\u00e1n inscribirse llevando una copia del INE, comprobante domiciliario, CURP y una carta de exposici\u00f3n de motivos a las oficinas del DIF municipal<\/p>\n\n\n\n<p>Progreso, Yucat\u00e1n a 29 de julio de 2023. El alcalde Juli\u00e1n Zacar\u00edas Curi, en compa\u00f1\u00eda de su esposa y presidenta honoraria del DIF municipal Alma Rosa Guti\u00e9rrez Novelo y personal del Ayuntamiento entregaron despensas a familias en situaci\u00f3n vulnerable.<\/p>\n\n\n\n<p>El programa Despensas Municipales dio inicio en el a\u00f1o 2019 como objetivo del alcalde Juli\u00e1n Zacar\u00edas y busca apoyar en especie a las familias en situaci\u00f3n vulnerable, personas de la tercera edad o con alguna discapacidad. Actualmente, se entrega una despensa mensual, durante un a\u00f1o a 75 familias del municipio de Progreso y sus comisarias. Estas despensas cuentan con productos alimenticios y de aseo personal.<\/p>\n\n\n\n<p>Si deseas adquirir un apoyo municipal, es importante recordar que las inscripciones al nuevo per\u00edodo anual de entrega de despensas, est\u00e1n programadas para el mes de noviembre y podr\u00e1n inscribirse llevando una copia del INE, comprobante domiciliario, CURP y una carta de exposici\u00f3n de motivos a las oficinas del DIF municipal.<\/p>\n\n\n\n<p>Este apoyo se suma a los que ya brinda el H. Ayuntamiento a trav\u00e9s del DIF municipal:<\/p>\n\n\n\n<ol class=\"wp-block-list\">\n<li>Espacios escolares y comunitarios de alimentaci\u00f3n, encuentro y desarrollo.<br>2.Desayunos escolares fr\u00edos y calientes.<br>3.Asistencia a personas con alg\u00fan tipo de discapacidad motora en el Estado de Yucat\u00e1n.<\/li>\n\n\n\n<li>CROPAFY.<\/li>\n\n\n\n<li>Programa de atenci\u00f3n alimentaria los primeros 1,000 d\u00edas.<\/li>\n<\/ol>\n\n\n\n<p>El Ayuntamiento de Progreso recalca su apoyo para las familias progrese\u00f1as. Si deseas m\u00e1s informaci\u00f3n, puedes comunicarte al (969)-103-68-57.<\/p>\n","protected":false},"excerpt":{"rendered":"<p>(Redacci\u00f3n) Si deseas adquirir un apoyo municipal, es importante recordar que las inscripciones al nuevo per\u00edodo anual de entrega de despensas, est\u00e1n programadas para el mes de noviembre y podr\u00e1n inscribirse llevando una copia del INE, comprobante domiciliario, CURP y una carta de exposici\u00f3n de motivos a las oficinas del DIF municipal Progreso, Yucat\u00e1n a [&hellip;]<\/p>\n","protected":false},"author":1,"featured_media":226831,"comment_status":"open","ping_status":"open","sticky":false,"template":"","format":"standard","meta":{"footnotes":""},"categories":[2],"tags":[],"class_list":["post-226830","post","type-post","status-publish","format-standard","has-post-thumbnail","hentry","category-yucatan","entry","has-media"],"jetpack_featured_media_url":"http:\/\/vertienteglobal.com\/wp-content\/uploads\/2023\/07\/WhatsApp-Image-2023-07-29-at-12.13.29-PM-1050x525-1.jpeg","_links":{"self":[{"href":"http:\/\/vertienteglobal.com\/index.php?rest_route=\/wp\/v2\/posts\/226830","targetHints":{"allow":["GET"]}}],"collection":[{"href":"http:\/\/vertienteglobal.com\/index.php?rest_route=\/wp\/v2\/posts"}],"about":[{"href":"http:\/\/vertienteglobal.com\/index.php?rest_route=\/wp\/v2\/types\/post"}],"author":[{"embeddable":true,"href":"http:\/\/vertienteglobal.com\/index.php?rest_route=\/wp\/v2\/users\/1"}],"replies":[{"embeddable":true,"href":"http:\/\/vertienteglobal.com\/index.php?rest_route=%2Fwp%2Fv2%2Fcomments&post=226830"}],"version-history":[{"count":0,"href":"http:\/\/vertienteglobal.com\/index.php?rest_route=\/wp\/v2\/posts\/226830\/revisions"}],"wp:featuredmedia":[{"embeddable":true,"href":"http:\/\/vertienteglobal.com\/index.php?rest_route=\/wp\/v2\/media\/226831"}],"wp:attachment":[{"href":"http:\/\/vertienteglobal.com\/index.php?rest_route=%2Fwp%2Fv2%2Fmedia&parent=226830"}],"wp:term":[{"taxonomy":"category","embeddable":true,"href":"http:\/\/vertienteglobal.com\/index.php?rest_route=%2Fwp%2Fv2%2Fcategories&post=226830"},{"taxonomy":"post_tag","embeddable":true,"href":"http:\/\/vertienteglobal.com\/index.php?rest_route=%2Fwp%2Fv2%2Ftags&post=226830"}],"curies":[{"name":"wp","href":"https:\/\/api.w.org\/{rel}","templated":true}]}}