{"id":226206,"date":"2023-07-21T16:52:00","date_gmt":"2023-07-21T21:52:00","guid":{"rendered":"http:\/\/vertienteglobal.com\/?p=226206"},"modified":"2023-07-22T14:13:09","modified_gmt":"2023-07-22T19:13:09","slug":"participa-quintana-roo-en-foro-nacional-consolidacion-del-sistema-nacional-de-servicios-de-atencion-para-las-mujeres","status":"publish","type":"post","link":"http:\/\/vertienteglobal.com\/?p=226206","title":{"rendered":"Participa Quintana Roo en Foro Nacional \u201cConsolidaci\u00f3n del Sistema Nacional de Servicios de Atenci\u00f3n para las Mujeres\u201d"},"content":{"rendered":"\n<div class=\"twitterbutton\" style=\"float: right; padding-left: 5px;\"><a href=\"http:\/\/twitter.com\/share\" class=\"twitter-share-button\" data-count=\"horizontal\" data-text=\"Participa Quintana Roo en Foro Nacional \u201cConsolidaci\u00f3n del Sistema Nacional d...\" data-via=\"https:\/\/twitter.com\/VertienteGloba1\" data-url=\"http:\/\/vertienteglobal.com\/?p=226206\" data-lang=\"es\" data-related=\"Informaci\u00f3n general:S\u00edguenos para que est\u00e9ss informado\"><\/a><\/div>\n<figure class=\"wp-block-image size-large\"><img loading=\"lazy\" decoding=\"async\" width=\"1024\" height=\"683\" src=\"http:\/\/vertienteglobal.com\/wp-content\/uploads\/2023\/07\/FB_IMG_1690052958484-1024x683.jpg\" alt=\"\" class=\"wp-image-226207\" srcset=\"http:\/\/vertienteglobal.com\/wp-content\/uploads\/2023\/07\/FB_IMG_1690052958484-1024x683.jpg 1024w, http:\/\/vertienteglobal.com\/wp-content\/uploads\/2023\/07\/FB_IMG_1690052958484-300x200.jpg 300w, http:\/\/vertienteglobal.com\/wp-content\/uploads\/2023\/07\/FB_IMG_1690052958484-150x100.jpg 150w, http:\/\/vertienteglobal.com\/wp-content\/uploads\/2023\/07\/FB_IMG_1690052958484-768x512.jpg 768w, http:\/\/vertienteglobal.com\/wp-content\/uploads\/2023\/07\/FB_IMG_1690052958484.jpg 1080w\" sizes=\"auto, (max-width: 1024px) 100vw, 1024px\" \/><\/figure>\n\n\n\n<p>(Redacci\u00f3n)<\/p>\n\n\n\n<p>Para fortalecer las l\u00edneas de coordinaci\u00f3n institucional de los servicios para atender la violencia contra las mujeres<\/p>\n\n\n\n<p>Ciudad de M\u00e9xico, 21 de julio 2023.- Con el objetivo de fortalecer las pol\u00edticas y programas para prevenir, atender, sancionar y erradicar la violencia de g\u00e9nero en nuestro pa\u00eds, el Instituto Quintanarroense de la Mujer (IQM), particip\u00f3 en el foro: \u201cSistema Nacional de Servicios de Atenci\u00f3n para las Mujeres en Situaci\u00f3n de Violencia\u201d, organizado por la Comisi\u00f3n Nacional para Prevenir y Erradicar la Violencia contra las Mujeres (Conavim).<\/p>\n\n\n\n<p>En Quintana Roo seguimos uniendo esfuerzos con el Gobierno de M\u00e9xico a trav\u00e9s del Nuevo Acuerdo por el Bienestar y Desarrollo, que promueve la gobernadora Mara Lezama Espinosa, para trabajar sin descanso en dise\u00f1ar y promover pol\u00edticas p\u00fablicas incluyentes para todas las mujeres quintanarroenses y tengan autonom\u00eda de decisi\u00f3n, pol\u00edtica y econ\u00f3mica.<\/p>\n\n\n\n<p>El foro cont\u00f3 con la participaci\u00f3n de las titulares de las Instancias de Mujeres en las Entidades Federativas de todo el pa\u00eds, diversas organizaciones de la sociedad civil, representantes del gobierno federal, acad\u00e9micas y especialistas en el tema. Durante la jornada se abordaron diferentes temas: Retos Institucionales en la atenci\u00f3n y tratamiento de mujeres en condici\u00f3n de adicci\u00f3n en M\u00e9xico, Sistemas de Cuidados, Construyendo Autonom\u00eda para las mujeres, Desaf\u00edos y avances de la implementaci\u00f3n del modelo de atenci\u00f3n, Interculturalidad desde la perspectiva de G\u00e9nero.<\/p>\n\n\n\n<p>Fue inaugurado por la presidenta de Inmujeres, Nadine Gasman Zylbermann; la titular de Conavim, Fabiola Alanis S\u00e1mano, y el Subsecretario de Gobernaci\u00f3n Alejandro Encinas, quienes reiteraron el compromiso de redoblar esfuerzos en la transformaci\u00f3n para consolidar las pol\u00edticas p\u00fablicas a favor del pa\u00eds y de las mujeres para que tengan justicia, libertad y paz.<\/p>\n\n\n\n<p>La titular del IQM, Mar\u00eda Hadad Castillo destac\u00f3 que es un esfuerzo conjunto para consolidar la Red de Apoyo para las mujeres que viven violencia, por ello a trav\u00e9s de este Foro que tiene la finalidad de mejorar la capacitaci\u00f3n y sensibilizaci\u00f3n de las y los profesionistas encargados de brindar atenci\u00f3n a mujeres v\u00edctimas de violencia, as\u00ed como garantizar el funcionamiento adecuado de los servicios.<\/p>\n\n\n\n<p>Durante el foro se mencion\u00f3 la importancia de fortalecer la coordinaci\u00f3n entre las diferentes instancias gubernamentales y las organizaciones de la sociedad civil.<\/p>\n\n\n\n<p>Se resalt\u00f3 que la lucha contra la violencia de g\u00e9nero es responsabilidad de todas y todos y que se requiere de un enfoque integral que incluya medidas de prevenci\u00f3n, atenci\u00f3n y justicia.<\/p>\n\n\n\n<p>Al finalizar el foro, se plante\u00f3 la necesidad de seguir trabajando de forma conjunta para consolidar el sistema nacional de servicios de atenci\u00f3n para mujeres, con el fin de garantizar que todas las mujeres en situaci\u00f3n de violencia tengan acceso a la ayuda y protecci\u00f3n necesarias.<\/p>\n\n\n\n<p>En resumen, el foro \u201cConsolidaci\u00f3n del Sistema Nacional de Servicios de Atenci\u00f3n para las Mujeres\u201d fue un espacio de reflexi\u00f3n y di\u00e1logo en el que se discutieron estrategias para fortalecer la atenci\u00f3n a mujeres v\u00edctimas de violencia de g\u00e9nero.<\/p>\n\n\n\n<p>Se destac\u00f3 la importancia de la coordinaci\u00f3n entre los diferentes actores involucrados y se plante\u00f3 la necesidad de continuar trabajando en conjunto para lograr una sociedad m\u00e1s justa e igualitaria.<\/p>\n\n\n\n<figure class=\"wp-block-image size-full\"><img loading=\"lazy\" decoding=\"async\" width=\"585\" height=\"295\" src=\"http:\/\/vertienteglobal.com\/wp-content\/uploads\/2023\/07\/FB_IMG_1690052961819.jpg\" alt=\"\" class=\"wp-image-226208\" srcset=\"http:\/\/vertienteglobal.com\/wp-content\/uploads\/2023\/07\/FB_IMG_1690052961819.jpg 585w, http:\/\/vertienteglobal.com\/wp-content\/uploads\/2023\/07\/FB_IMG_1690052961819-300x151.jpg 300w, http:\/\/vertienteglobal.com\/wp-content\/uploads\/2023\/07\/FB_IMG_1690052961819-150x76.jpg 150w\" sizes=\"auto, (max-width: 585px) 100vw, 585px\" \/><\/figure>\n\n\n\n<figure class=\"wp-block-image size-full\"><img loading=\"lazy\" decoding=\"async\" width=\"585\" height=\"390\" src=\"http:\/\/vertienteglobal.com\/wp-content\/uploads\/2023\/07\/FB_IMG_1690052965148.jpg\" alt=\"\" class=\"wp-image-226209\" srcset=\"http:\/\/vertienteglobal.com\/wp-content\/uploads\/2023\/07\/FB_IMG_1690052965148.jpg 585w, http:\/\/vertienteglobal.com\/wp-content\/uploads\/2023\/07\/FB_IMG_1690052965148-300x200.jpg 300w, http:\/\/vertienteglobal.com\/wp-content\/uploads\/2023\/07\/FB_IMG_1690052965148-150x100.jpg 150w\" sizes=\"auto, (max-width: 585px) 100vw, 585px\" \/><\/figure>\n","protected":false},"excerpt":{"rendered":"<p>(Redacci\u00f3n) Para fortalecer las l\u00edneas de coordinaci\u00f3n institucional de los servicios para atender la violencia contra las mujeres Ciudad de M\u00e9xico, 21 de julio 2023.- Con el objetivo de fortalecer las pol\u00edticas y programas para prevenir, atender, sancionar y erradicar la violencia de g\u00e9nero en nuestro pa\u00eds, el Instituto Quintanarroense de la Mujer (IQM), particip\u00f3 [&hellip;]<\/p>\n","protected":false},"author":1,"featured_media":226207,"comment_status":"open","ping_status":"open","sticky":false,"template":"","format":"standard","meta":{"footnotes":""},"categories":[8,3],"tags":[],"class_list":["post-226206","post","type-post","status-publish","format-standard","has-post-thumbnail","hentry","category-pais","category-quintana-roo","entry","has-media"],"jetpack_featured_media_url":"http:\/\/vertienteglobal.com\/wp-content\/uploads\/2023\/07\/FB_IMG_1690052958484.jpg","_links":{"self":[{"href":"http:\/\/vertienteglobal.com\/index.php?rest_route=\/wp\/v2\/posts\/226206","targetHints":{"allow":["GET"]}}],"collection":[{"href":"http:\/\/vertienteglobal.com\/index.php?rest_route=\/wp\/v2\/posts"}],"about":[{"href":"http:\/\/vertienteglobal.com\/index.php?rest_route=\/wp\/v2\/types\/post"}],"author":[{"embeddable":true,"href":"http:\/\/vertienteglobal.com\/index.php?rest_route=\/wp\/v2\/users\/1"}],"replies":[{"embeddable":true,"href":"http:\/\/vertienteglobal.com\/index.php?rest_route=%2Fwp%2Fv2%2Fcomments&post=226206"}],"version-history":[{"count":0,"href":"http:\/\/vertienteglobal.com\/index.php?rest_route=\/wp\/v2\/posts\/226206\/revisions"}],"wp:featuredmedia":[{"embeddable":true,"href":"http:\/\/vertienteglobal.com\/index.php?rest_route=\/wp\/v2\/media\/226207"}],"wp:attachment":[{"href":"http:\/\/vertienteglobal.com\/index.php?rest_route=%2Fwp%2Fv2%2Fmedia&parent=226206"}],"wp:term":[{"taxonomy":"category","embeddable":true,"href":"http:\/\/vertienteglobal.com\/index.php?rest_route=%2Fwp%2Fv2%2Fcategories&post=226206"},{"taxonomy":"post_tag","embeddable":true,"href":"http:\/\/vertienteglobal.com\/index.php?rest_route=%2Fwp%2Fv2%2Ftags&post=226206"}],"curies":[{"name":"wp","href":"https:\/\/api.w.org\/{rel}","templated":true}]}}