{"id":225975,"date":"2023-07-19T16:51:00","date_gmt":"2023-07-19T21:51:00","guid":{"rendered":"http:\/\/vertienteglobal.com\/?p=225975"},"modified":"2023-07-19T18:15:22","modified_gmt":"2023-07-19T23:15:22","slug":"seleccionan-a-ganadores-del-xvii-concurso-local-de-artesanias-manos-magicas-del-caribe-2023","status":"publish","type":"post","link":"http:\/\/vertienteglobal.com\/?p=225975","title":{"rendered":"Seleccionan a ganadores del XVII Concurso Local de Artesan\u00edas \u201cManos M\u00e1gicas del Caribe 2023\u201d"},"content":{"rendered":"\n<div class=\"twitterbutton\" style=\"float: right; padding-left: 5px;\"><a href=\"http:\/\/twitter.com\/share\" class=\"twitter-share-button\" data-count=\"horizontal\" data-text=\"Seleccionan a ganadores del XVII Concurso Local de Artesan\u00edas \u201cManos M\u00e1gicas...\" data-via=\"https:\/\/twitter.com\/VertienteGloba1\" data-url=\"http:\/\/vertienteglobal.com\/?p=225975\" data-lang=\"es\" data-related=\"Informaci\u00f3n general:S\u00edguenos para que est\u00e9ss informado\"><\/a><\/div>\n<figure class=\"wp-block-image size-full\"><img loading=\"lazy\" decoding=\"async\" width=\"1024\" height=\"768\" src=\"http:\/\/vertienteglobal.com\/wp-content\/uploads\/2023\/07\/SEDE-Manos-Magicas-01.jpg\" alt=\"\" class=\"wp-image-225976\" srcset=\"http:\/\/vertienteglobal.com\/wp-content\/uploads\/2023\/07\/SEDE-Manos-Magicas-01.jpg 1024w, http:\/\/vertienteglobal.com\/wp-content\/uploads\/2023\/07\/SEDE-Manos-Magicas-01-300x225.jpg 300w, http:\/\/vertienteglobal.com\/wp-content\/uploads\/2023\/07\/SEDE-Manos-Magicas-01-150x113.jpg 150w, http:\/\/vertienteglobal.com\/wp-content\/uploads\/2023\/07\/SEDE-Manos-Magicas-01-768x576.jpg 768w\" sizes=\"auto, (max-width: 1024px) 100vw, 1024px\" \/><\/figure>\n\n\n\n<p>(Redacci\u00f3n)<\/p>\n\n\n\n<p>\u2013 Se reconoce y distingue aquellas personas artesanas por preservaci\u00f3n e innovaci\u00f3n en sus productos<\/p>\n\n\n\n<p>Cozumel, Quintana Roo 19 de julio 2023.- Un total de 35 artesanas y artesanos de Cozumel ser\u00e1n premiados y reconocidos, luego de ser seleccionados ganadores del XVII Concurso Local de Artesan\u00edas \u201cManos M\u00e1gicas del Caribe 2023\u201d lo que permitir\u00e1 estimular, reconocer e impulsar la trayectoria, inform\u00f3 la secretaria de Desarrollo de Econ\u00f3mico, Karla Almanza L\u00f3pez.<\/p>\n\n\n\n<p>Explic\u00f3 que mediante el Nuevo Acuerdo por el Bienestar y Desarrollo de Quintana Roo que promueve la gobernadora Mara Lezama Espinosa, se busca reconocer y distinguir aquellas personas artesanas por preservaci\u00f3n e innovaci\u00f3n en sus productos hechas por sus propias manos y con la comercializaci\u00f3n tengan su autonom\u00eda econ\u00f3mica, prosperidad y se cierren las brechas de desigualdad, se\u00f1al\u00f3.<\/p>\n\n\n\n<p>Almanza L\u00f3pez dijo a trav\u00e9s del concurso \u201cManos M\u00e1gicas de Caribe 2023\u201d se beneficiar\u00e1n de manera directa a 13 personas artesanas con la entrega de premios y reconocimientos a 22. Este concurso cuenta con una bolsa de premiaci\u00f3n de 50 mil pesos. La premiaci\u00f3n se llevar\u00e1 a cabo el pr\u00f3ximo 28 de julio a las 18:00 horas en el parque \u201cBenito Ju\u00e1rez\u201d de la isla.<\/p>\n\n\n\n<p>Record\u00f3 que la fase de calificaci\u00f3n se realiz\u00f3 el pasado 14 de julio y se cont\u00f3 con la participaci\u00f3n de personal del Fondo Nacional para el Fomento de las Artesan\u00edas (Fonart) y el Ayuntamiento de Cozumel, quienes mediante la coordinaci\u00f3n se logr\u00f3 dicho evento.<\/p>\n\n\n\n<p>Finalmente, la titular de la Secretar\u00eda de Desarrollo Econ\u00f3mico (SEDE) dijo que mediante este concurso se estimula reconoce e impulsa la trayectoria de las personas artesanas del municipio de Cozumel, que se distinguen por la preservaci\u00f3n e innovaci\u00f3n de las artesan\u00edas en la isla, priorizando el rescate de t\u00e9cnicas artesanales prehisp\u00e1nicas, uso y aprovechamiento sostenible de materias primas, elementos culturales e iconogr\u00e1ficos y de representaci\u00f3n de flora y fauna.<\/p>\n\n\n\n<figure class=\"wp-block-image size-full\"><img loading=\"lazy\" decoding=\"async\" width=\"585\" height=\"439\" src=\"http:\/\/vertienteglobal.com\/wp-content\/uploads\/2023\/07\/SEDE-Manos-Magicas-02-585x439-1.jpg\" alt=\"\" class=\"wp-image-225977\" srcset=\"http:\/\/vertienteglobal.com\/wp-content\/uploads\/2023\/07\/SEDE-Manos-Magicas-02-585x439-1.jpg 585w, http:\/\/vertienteglobal.com\/wp-content\/uploads\/2023\/07\/SEDE-Manos-Magicas-02-585x439-1-300x225.jpg 300w, http:\/\/vertienteglobal.com\/wp-content\/uploads\/2023\/07\/SEDE-Manos-Magicas-02-585x439-1-150x113.jpg 150w\" sizes=\"auto, (max-width: 585px) 100vw, 585px\" \/><\/figure>\n\n\n\n<figure class=\"wp-block-image size-full\"><img loading=\"lazy\" decoding=\"async\" width=\"585\" height=\"439\" src=\"http:\/\/vertienteglobal.com\/wp-content\/uploads\/2023\/07\/SEDE-Manos-Magicas-03-585x439-1.jpg\" alt=\"\" class=\"wp-image-225978\" srcset=\"http:\/\/vertienteglobal.com\/wp-content\/uploads\/2023\/07\/SEDE-Manos-Magicas-03-585x439-1.jpg 585w, http:\/\/vertienteglobal.com\/wp-content\/uploads\/2023\/07\/SEDE-Manos-Magicas-03-585x439-1-300x225.jpg 300w, http:\/\/vertienteglobal.com\/wp-content\/uploads\/2023\/07\/SEDE-Manos-Magicas-03-585x439-1-150x113.jpg 150w\" sizes=\"auto, (max-width: 585px) 100vw, 585px\" \/><\/figure>\n","protected":false},"excerpt":{"rendered":"<p>(Redacci\u00f3n) \u2013 Se reconoce y distingue aquellas personas artesanas por preservaci\u00f3n e innovaci\u00f3n en sus productos Cozumel, Quintana Roo 19 de julio 2023.- Un total de 35 artesanas y artesanos de Cozumel ser\u00e1n premiados y reconocidos, luego de ser seleccionados ganadores del XVII Concurso Local de Artesan\u00edas \u201cManos M\u00e1gicas del Caribe 2023\u201d lo que permitir\u00e1 [&hellip;]<\/p>\n","protected":false},"author":1,"featured_media":225976,"comment_status":"open","ping_status":"open","sticky":false,"template":"","format":"standard","meta":{"footnotes":""},"categories":[3],"tags":[],"class_list":["post-225975","post","type-post","status-publish","format-standard","has-post-thumbnail","hentry","category-quintana-roo","entry","has-media"],"jetpack_featured_media_url":"http:\/\/vertienteglobal.com\/wp-content\/uploads\/2023\/07\/SEDE-Manos-Magicas-01.jpg","_links":{"self":[{"href":"http:\/\/vertienteglobal.com\/index.php?rest_route=\/wp\/v2\/posts\/225975","targetHints":{"allow":["GET"]}}],"collection":[{"href":"http:\/\/vertienteglobal.com\/index.php?rest_route=\/wp\/v2\/posts"}],"about":[{"href":"http:\/\/vertienteglobal.com\/index.php?rest_route=\/wp\/v2\/types\/post"}],"author":[{"embeddable":true,"href":"http:\/\/vertienteglobal.com\/index.php?rest_route=\/wp\/v2\/users\/1"}],"replies":[{"embeddable":true,"href":"http:\/\/vertienteglobal.com\/index.php?rest_route=%2Fwp%2Fv2%2Fcomments&post=225975"}],"version-history":[{"count":0,"href":"http:\/\/vertienteglobal.com\/index.php?rest_route=\/wp\/v2\/posts\/225975\/revisions"}],"wp:featuredmedia":[{"embeddable":true,"href":"http:\/\/vertienteglobal.com\/index.php?rest_route=\/wp\/v2\/media\/225976"}],"wp:attachment":[{"href":"http:\/\/vertienteglobal.com\/index.php?rest_route=%2Fwp%2Fv2%2Fmedia&parent=225975"}],"wp:term":[{"taxonomy":"category","embeddable":true,"href":"http:\/\/vertienteglobal.com\/index.php?rest_route=%2Fwp%2Fv2%2Fcategories&post=225975"},{"taxonomy":"post_tag","embeddable":true,"href":"http:\/\/vertienteglobal.com\/index.php?rest_route=%2Fwp%2Fv2%2Ftags&post=225975"}],"curies":[{"name":"wp","href":"https:\/\/api.w.org\/{rel}","templated":true}]}}