{"id":225964,"date":"2023-07-19T15:52:00","date_gmt":"2023-07-19T20:52:00","guid":{"rendered":"http:\/\/vertienteglobal.com\/?p=225964"},"modified":"2023-07-19T18:10:31","modified_gmt":"2023-07-19T23:10:31","slug":"tulum-se-prepara-para-el-rimer-festival-de-la-cerveza","status":"publish","type":"post","link":"http:\/\/vertienteglobal.com\/?p=225964","title":{"rendered":"Tulum, se prepara para \u00abEl rimer Festival de la Cerveza\u00bb"},"content":{"rendered":"\n<div class=\"twitterbutton\" style=\"float: right; padding-left: 5px;\"><a href=\"http:\/\/twitter.com\/share\" class=\"twitter-share-button\" data-count=\"horizontal\" data-text=\"Tulum, se prepara para \u00abEl rimer Festival de la Cerveza\u00bb\" data-via=\"https:\/\/twitter.com\/VertienteGloba1\" data-url=\"http:\/\/vertienteglobal.com\/?p=225964\" data-lang=\"es\" data-related=\"Informaci\u00f3n general:S\u00edguenos para que est\u00e9ss informado\"><\/a><\/div>\n<figure class=\"wp-block-image size-large\"><img loading=\"lazy\" decoding=\"async\" width=\"1024\" height=\"576\" src=\"http:\/\/vertienteglobal.com\/wp-content\/uploads\/2023\/07\/FB_IMG_1689804298866-1024x576.jpg\" alt=\"\" class=\"wp-image-225965\" srcset=\"http:\/\/vertienteglobal.com\/wp-content\/uploads\/2023\/07\/FB_IMG_1689804298866-1024x576.jpg 1024w, http:\/\/vertienteglobal.com\/wp-content\/uploads\/2023\/07\/FB_IMG_1689804298866-300x169.jpg 300w, http:\/\/vertienteglobal.com\/wp-content\/uploads\/2023\/07\/FB_IMG_1689804298866-150x84.jpg 150w, http:\/\/vertienteglobal.com\/wp-content\/uploads\/2023\/07\/FB_IMG_1689804298866-768x432.jpg 768w, http:\/\/vertienteglobal.com\/wp-content\/uploads\/2023\/07\/FB_IMG_1689804298866.jpg 1080w\" sizes=\"auto, (max-width: 1024px) 100vw, 1024px\" \/><\/figure>\n\n\n\n<p>(Redacci\u00f3n)<\/p>\n\n\n\n<p>El director de econom\u00eda, Bady G\u00f3mez Soberano, inform\u00f3 que las expectativas son amplias al programarse el evento dos d\u00edas para este evento, viernes 28 y s\u00e1bado 29 de julio en horario de 2 de la tarde a 10 de la noche<\/p>\n\n\n\n<p>Tulum, Quintana Roo 19 de julio 2023.- El municipio de Tulum ser\u00e1 sede del primer Festival de la Cerveza Artesanal 2023, un evento con altas expectativas y de primer nivel que pronostica derrama econ\u00f3mica para los sectores empresariales y sociales.<\/p>\n\n\n\n<p>Hasta el momento diez empresas cerveceras que se han registrado en el listado oficial de proveedores de bebidas.<\/p>\n\n\n\n<p>En conferencia de prensa, el director de econom\u00eda, Bady G\u00f3mez Soberano, inform\u00f3 que las expectativas son amplias al programarse el evento dos d\u00edas para este evento, viernes 28 y s\u00e1bado 29 de julio en horario de 2 de la tarde a 10 de la noche.<\/p>\n\n\n\n<p>El funcionario ponder\u00f3 que la instrucci\u00f3n del Presidente Municipal, Diego Casta\u00f1\u00f3n Trejo , ha sido acompa\u00f1ar e impulsar a los artesanos de origen maya. En este sentido destac\u00f3 que el evento sumar\u00e1 a los proveedores de la cerveza artesanal elaborada en Chanch\u00e9n 1.<\/p>\n\n\n\n<p>\u201cComo administraci\u00f3n, nos sumamos al trabajo preparativo de gastronom\u00eda y bebidas, para que lo disfruten las familias y por supuesto los turistas, que se incentive la econom\u00eda y se fortalezca el seno familiar\u201d, dijo.<\/p>\n\n\n\n<p>El evento est\u00e1 programado en la entrada de Aldea Zama, Avenida Coba en Tulum.<\/p>\n\n\n\n<p>De la iniciativa privada, se han registrado hasta ahora, m\u00e1s de 10 empresas cerveceras y se pronostica el agregado de m\u00e1s.<\/p>\n\n\n\n<p>A las y los empresarios hoteleros les agradeci\u00f3 su contribuci\u00f3n para darle realce a este primer evento de talla nacional.<\/p>\n\n\n\n<figure class=\"wp-block-image size-large\"><img loading=\"lazy\" decoding=\"async\" width=\"1024\" height=\"576\" src=\"http:\/\/vertienteglobal.com\/wp-content\/uploads\/2023\/07\/FB_IMG_1689804295474-1024x576.jpg\" alt=\"\" class=\"wp-image-225966\" srcset=\"http:\/\/vertienteglobal.com\/wp-content\/uploads\/2023\/07\/FB_IMG_1689804295474-1024x576.jpg 1024w, http:\/\/vertienteglobal.com\/wp-content\/uploads\/2023\/07\/FB_IMG_1689804295474-300x169.jpg 300w, http:\/\/vertienteglobal.com\/wp-content\/uploads\/2023\/07\/FB_IMG_1689804295474-150x84.jpg 150w, http:\/\/vertienteglobal.com\/wp-content\/uploads\/2023\/07\/FB_IMG_1689804295474-768x432.jpg 768w, http:\/\/vertienteglobal.com\/wp-content\/uploads\/2023\/07\/FB_IMG_1689804295474.jpg 1080w\" sizes=\"auto, (max-width: 1024px) 100vw, 1024px\" \/><\/figure>\n\n\n\n<figure class=\"wp-block-image size-large\"><img loading=\"lazy\" decoding=\"async\" width=\"1024\" height=\"731\" src=\"http:\/\/vertienteglobal.com\/wp-content\/uploads\/2023\/07\/FB_IMG_1689804303274-1024x731.jpg\" alt=\"\" class=\"wp-image-225967\" srcset=\"http:\/\/vertienteglobal.com\/wp-content\/uploads\/2023\/07\/FB_IMG_1689804303274-1024x731.jpg 1024w, http:\/\/vertienteglobal.com\/wp-content\/uploads\/2023\/07\/FB_IMG_1689804303274-300x214.jpg 300w, http:\/\/vertienteglobal.com\/wp-content\/uploads\/2023\/07\/FB_IMG_1689804303274-150x107.jpg 150w, http:\/\/vertienteglobal.com\/wp-content\/uploads\/2023\/07\/FB_IMG_1689804303274-768x548.jpg 768w, http:\/\/vertienteglobal.com\/wp-content\/uploads\/2023\/07\/FB_IMG_1689804303274.jpg 1080w\" sizes=\"auto, (max-width: 1024px) 100vw, 1024px\" \/><\/figure>\n\n\n\n<figure class=\"wp-block-image size-large\"><img loading=\"lazy\" decoding=\"async\" width=\"1024\" height=\"731\" src=\"http:\/\/vertienteglobal.com\/wp-content\/uploads\/2023\/07\/FB_IMG_1689804292029-1024x731.jpg\" alt=\"\" class=\"wp-image-225968\" srcset=\"http:\/\/vertienteglobal.com\/wp-content\/uploads\/2023\/07\/FB_IMG_1689804292029-1024x731.jpg 1024w, http:\/\/vertienteglobal.com\/wp-content\/uploads\/2023\/07\/FB_IMG_1689804292029-300x214.jpg 300w, http:\/\/vertienteglobal.com\/wp-content\/uploads\/2023\/07\/FB_IMG_1689804292029-150x107.jpg 150w, http:\/\/vertienteglobal.com\/wp-content\/uploads\/2023\/07\/FB_IMG_1689804292029-768x548.jpg 768w, http:\/\/vertienteglobal.com\/wp-content\/uploads\/2023\/07\/FB_IMG_1689804292029.jpg 1080w\" sizes=\"auto, (max-width: 1024px) 100vw, 1024px\" \/><\/figure>\n","protected":false},"excerpt":{"rendered":"<p>(Redacci\u00f3n) El director de econom\u00eda, Bady G\u00f3mez Soberano, inform\u00f3 que las expectativas son amplias al programarse el evento dos d\u00edas para este evento, viernes 28 y s\u00e1bado 29 de julio en horario de 2 de la tarde a 10 de la noche Tulum, Quintana Roo 19 de julio 2023.- El municipio de Tulum ser\u00e1 sede [&hellip;]<\/p>\n","protected":false},"author":1,"featured_media":225965,"comment_status":"open","ping_status":"open","sticky":false,"template":"","format":"standard","meta":{"footnotes":""},"categories":[3],"tags":[],"class_list":["post-225964","post","type-post","status-publish","format-standard","has-post-thumbnail","hentry","category-quintana-roo","entry","has-media"],"jetpack_featured_media_url":"http:\/\/vertienteglobal.com\/wp-content\/uploads\/2023\/07\/FB_IMG_1689804298866.jpg","_links":{"self":[{"href":"http:\/\/vertienteglobal.com\/index.php?rest_route=\/wp\/v2\/posts\/225964","targetHints":{"allow":["GET"]}}],"collection":[{"href":"http:\/\/vertienteglobal.com\/index.php?rest_route=\/wp\/v2\/posts"}],"about":[{"href":"http:\/\/vertienteglobal.com\/index.php?rest_route=\/wp\/v2\/types\/post"}],"author":[{"embeddable":true,"href":"http:\/\/vertienteglobal.com\/index.php?rest_route=\/wp\/v2\/users\/1"}],"replies":[{"embeddable":true,"href":"http:\/\/vertienteglobal.com\/index.php?rest_route=%2Fwp%2Fv2%2Fcomments&post=225964"}],"version-history":[{"count":0,"href":"http:\/\/vertienteglobal.com\/index.php?rest_route=\/wp\/v2\/posts\/225964\/revisions"}],"wp:featuredmedia":[{"embeddable":true,"href":"http:\/\/vertienteglobal.com\/index.php?rest_route=\/wp\/v2\/media\/225965"}],"wp:attachment":[{"href":"http:\/\/vertienteglobal.com\/index.php?rest_route=%2Fwp%2Fv2%2Fmedia&parent=225964"}],"wp:term":[{"taxonomy":"category","embeddable":true,"href":"http:\/\/vertienteglobal.com\/index.php?rest_route=%2Fwp%2Fv2%2Fcategories&post=225964"},{"taxonomy":"post_tag","embeddable":true,"href":"http:\/\/vertienteglobal.com\/index.php?rest_route=%2Fwp%2Fv2%2Ftags&post=225964"}],"curies":[{"name":"wp","href":"https:\/\/api.w.org\/{rel}","templated":true}]}}