{"id":225877,"date":"2023-07-18T21:24:00","date_gmt":"2023-07-19T02:24:00","guid":{"rendered":"http:\/\/vertienteglobal.com\/?p=225877"},"modified":"2023-07-19T12:34:00","modified_gmt":"2023-07-19T17:34:00","slug":"fonatur-inicia-pruebas-con-vagones","status":"publish","type":"post","link":"http:\/\/vertienteglobal.com\/?p=225877","title":{"rendered":"Fonatur inicia pruebas con vagones"},"content":{"rendered":"\n<div class=\"twitterbutton\" style=\"float: right; padding-left: 5px;\"><a href=\"http:\/\/twitter.com\/share\" class=\"twitter-share-button\" data-count=\"horizontal\" data-text=\"Fonatur inicia pruebas con vagones\" data-via=\"https:\/\/twitter.com\/VertienteGloba1\" data-url=\"http:\/\/vertienteglobal.com\/?p=225877\" data-lang=\"es\" data-related=\"Informaci\u00f3n general:S\u00edguenos para que est\u00e9ss informado\"><\/a><\/div>\n<figure class=\"wp-block-image size-full\"><img loading=\"lazy\" decoding=\"async\" width=\"660\" height=\"330\" src=\"http:\/\/vertienteglobal.com\/wp-content\/uploads\/2023\/07\/Tren-Maya.-Ya-fueron-ensamblados-los-vagones-y-se-iniciaron-pruebas-660x330-1.jpg\" alt=\"\" class=\"wp-image-225878\" srcset=\"http:\/\/vertienteglobal.com\/wp-content\/uploads\/2023\/07\/Tren-Maya.-Ya-fueron-ensamblados-los-vagones-y-se-iniciaron-pruebas-660x330-1.jpg 660w, http:\/\/vertienteglobal.com\/wp-content\/uploads\/2023\/07\/Tren-Maya.-Ya-fueron-ensamblados-los-vagones-y-se-iniciaron-pruebas-660x330-1-300x150.jpg 300w, http:\/\/vertienteglobal.com\/wp-content\/uploads\/2023\/07\/Tren-Maya.-Ya-fueron-ensamblados-los-vagones-y-se-iniciaron-pruebas-660x330-1-150x75.jpg 150w\" sizes=\"auto, (max-width: 660px) 100vw, 660px\" \/><\/figure>\n\n\n\n<p>(Redacci\u00f3n)<\/p>\n\n\n\n<p>Tras concluir el ensamble de los cuatro vagones del Tren Maya, los trabajadores de la megaobra iniciaron pruebas est\u00e1ticas, de control de puertas, calefaccio\u0301n, ventilacio\u0301n e iluminacio\u0301n<\/p>\n\n\n\n<p>Ciudad de M\u00e9xico 18 de julio 2023.- El Tren Maya concluy\u00f3 el ensamble de los cuatro vagones del primer tren e iniciaron las pruebas esta\u0301ticas al sistema neuma\u0301tico, control de puertas, calefaccio\u0301n, ventilacio\u0301n e iluminacio\u0301n, inform\u00f3 este lunes 17 de julio, el director general del Fondo Nacional de Fomento al Turismo (Fonatur), Javier May Rodr\u00edguez.<\/p>\n\n\n\n<p>El titular de Fonatur detall\u00f3 que el tramo 3 registra 152 kilo\u0301metros de vi\u0301a terminada, por lo que so\u0301lo faltan siete kilo\u0301metros para concluirla totalmente.<\/p>\n\n\n\n<p>Adem\u00e1s, destac\u00f3 que cuatro de las seis estaciones y paraderos del Tramo 3 cuentan con avances superiores a 70 por ciento, mientras contin\u00faan con la construccio\u0301n de pasos vehiculares, por lo que solo falta por terminar tres de 153 obras de drenaje transversal, pasos de fauna y pasos inferiores.<\/p>\n\n\n\n<p>El tramo 3 del Tren Maya consiste en 159 kilo\u0301metros de vi\u0301a de Calkini\u0301, Campeche, a Izamal, Yucat\u00e1n, pasando por 15 municipios de ambos estados; cuenta con dos estaciones, cuatro paraderos, asi\u0301 como una cochera y una base de mantenimiento en Teya, detall\u00f3 May Rodr\u00edguez durante la conferencia matutina del presidente Andr\u00e9s Manuel L\u00f3pez Obrador.<\/p>\n\n\n\n<p>\u201cCon la inauguracio\u0301n del Tren Maya, en diciembre de 2023 iniciara\u0301 una nueva etapa para el turismo en el pa\u00eds, moderno, sustentable, seguro, con integraci\u00f3n de las comunidades, y con pleno acceso a la grandeza del sureste mexicano\u201d, expuso.<\/p>\n\n\n\n<p>\u00bfCu\u00e1ndo ser\u00e1 inaugurado el Tren Maya?<br>Luego de que el primer tren con cuatro vagones llegara a las instalaciones de Canc\u00fan, el pasado 10 de julio, el presidente Andr\u00e9s Manuel L\u00f3pez Obrador inform\u00f3 la fecha en la que el Tren Maya har\u00e1 su primer recorrido.<\/p>\n\n\n\n<p>De acuerdo con el titular del Ejecutivo, el Tren Maya har\u00e1 un recorrido en el tren el pr\u00f3ximo 1 de septiembre, luego de presentar su informe de gobierno, con el fin de supervisar el funcionamiento de la megaobra.<\/p>\n\n\n\n<p>Sin embargo, la inauguraci\u00f3n tendr\u00e1 lugar hasta diciembre, aunque no dijo la fecha espec\u00edfica. (Fuente: El Financiero)<\/p>\n","protected":false},"excerpt":{"rendered":"<p>(Redacci\u00f3n) Tras concluir el ensamble de los cuatro vagones del Tren Maya, los trabajadores de la megaobra iniciaron pruebas est\u00e1ticas, de control de puertas, calefaccio\u0301n, ventilacio\u0301n e iluminacio\u0301n Ciudad de M\u00e9xico 18 de julio 2023.- El Tren Maya concluy\u00f3 el ensamble de los cuatro vagones del primer tren e iniciaron las pruebas esta\u0301ticas al sistema [&hellip;]<\/p>\n","protected":false},"author":1,"featured_media":225878,"comment_status":"open","ping_status":"open","sticky":false,"template":"","format":"standard","meta":{"footnotes":""},"categories":[4,6,8,3,2],"tags":[],"class_list":["post-225877","post","type-post","status-publish","format-standard","has-post-thumbnail","hentry","category-campeche","category-chiapas","category-pais","category-quintana-roo","category-yucatan","entry","has-media"],"jetpack_featured_media_url":"http:\/\/vertienteglobal.com\/wp-content\/uploads\/2023\/07\/Tren-Maya.-Ya-fueron-ensamblados-los-vagones-y-se-iniciaron-pruebas-660x330-1.jpg","_links":{"self":[{"href":"http:\/\/vertienteglobal.com\/index.php?rest_route=\/wp\/v2\/posts\/225877","targetHints":{"allow":["GET"]}}],"collection":[{"href":"http:\/\/vertienteglobal.com\/index.php?rest_route=\/wp\/v2\/posts"}],"about":[{"href":"http:\/\/vertienteglobal.com\/index.php?rest_route=\/wp\/v2\/types\/post"}],"author":[{"embeddable":true,"href":"http:\/\/vertienteglobal.com\/index.php?rest_route=\/wp\/v2\/users\/1"}],"replies":[{"embeddable":true,"href":"http:\/\/vertienteglobal.com\/index.php?rest_route=%2Fwp%2Fv2%2Fcomments&post=225877"}],"version-history":[{"count":0,"href":"http:\/\/vertienteglobal.com\/index.php?rest_route=\/wp\/v2\/posts\/225877\/revisions"}],"wp:featuredmedia":[{"embeddable":true,"href":"http:\/\/vertienteglobal.com\/index.php?rest_route=\/wp\/v2\/media\/225878"}],"wp:attachment":[{"href":"http:\/\/vertienteglobal.com\/index.php?rest_route=%2Fwp%2Fv2%2Fmedia&parent=225877"}],"wp:term":[{"taxonomy":"category","embeddable":true,"href":"http:\/\/vertienteglobal.com\/index.php?rest_route=%2Fwp%2Fv2%2Fcategories&post=225877"},{"taxonomy":"post_tag","embeddable":true,"href":"http:\/\/vertienteglobal.com\/index.php?rest_route=%2Fwp%2Fv2%2Ftags&post=225877"}],"curies":[{"name":"wp","href":"https:\/\/api.w.org\/{rel}","templated":true}]}}