{"id":225663,"date":"2023-07-12T16:02:00","date_gmt":"2023-07-12T21:02:00","guid":{"rendered":"http:\/\/vertienteglobal.com\/?p=225663"},"modified":"2023-07-12T16:05:26","modified_gmt":"2023-07-12T21:05:26","slug":"se-llegara-hasta-las-ultimas-consecuencias-y-se-castigara-a-el-o-los-responsables-de-la-muerte-de-una-nina-en-hospital-del-imss-de-playa-del-carmen-raciel-lopez-salazar","status":"publish","type":"post","link":"http:\/\/vertienteglobal.com\/?p=225663","title":{"rendered":"Se llegar\u00e1 hasta las \u00faltimas consecuencias y se castigar\u00e1 a el o los responsables de la muerte de una ni\u00f1a en hospital del IMSS de Playa del Carmen: Raciel L\u00f3pez Salazar"},"content":{"rendered":"\n<div class=\"twitterbutton\" style=\"float: right; padding-left: 5px;\"><a href=\"http:\/\/twitter.com\/share\" class=\"twitter-share-button\" data-count=\"horizontal\" data-text=\"Se llegar\u00e1 hasta las \u00faltimas consecuencias y se castigar\u00e1 a el o los responsa...\" data-via=\"https:\/\/twitter.com\/VertienteGloba1\" data-url=\"http:\/\/vertienteglobal.com\/?p=225663\" data-lang=\"es\" data-related=\"Informaci\u00f3n general:S\u00edguenos para que est\u00e9ss informado\"><\/a><\/div>\n<figure class=\"wp-block-image size-full\"><img loading=\"lazy\" decoding=\"async\" width=\"955\" height=\"690\" src=\"http:\/\/vertienteglobal.com\/wp-content\/uploads\/2023\/07\/FB_IMG_1689195669176.jpg\" alt=\"\" class=\"wp-image-225664\" srcset=\"http:\/\/vertienteglobal.com\/wp-content\/uploads\/2023\/07\/FB_IMG_1689195669176.jpg 955w, http:\/\/vertienteglobal.com\/wp-content\/uploads\/2023\/07\/FB_IMG_1689195669176-300x217.jpg 300w, http:\/\/vertienteglobal.com\/wp-content\/uploads\/2023\/07\/FB_IMG_1689195669176-150x108.jpg 150w, http:\/\/vertienteglobal.com\/wp-content\/uploads\/2023\/07\/FB_IMG_1689195669176-768x555.jpg 768w\" sizes=\"auto, (max-width: 955px) 100vw, 955px\" \/><\/figure>\n\n\n\n<p>(Redacci\u00f3n)<\/p>\n\n\n\n<p>Afirma el Fiscal Interino que para determinar las causas de este lamentable hecho, se investiga a los responsables de supervisar el funcionamiento de los elevadores del hospital y a la empresa subrogada que se encarga del mantenimiento de los elevadores<br>Recorre Raciel L\u00f3pez Salazar la zona de los hechos<\/p>\n\n\n\n<p>Playa del Carmen, Solidaridad, Quintana Roo 12 de julio 2023.- El Titular Interino de la Fiscal\u00eda General del Estado, Raciel L\u00f3pez Salazar, declar\u00f3 que en el caso del fallecimiento de una ni\u00f1a en el Hospital General de Zona No. 18 del Instituto Mexicano del Seguro Social (IMSS) de Playa del Carmen, se llegar\u00e1 hasta las \u00faltimas consecuencias y se castigar\u00e1 a el o los responsables de este lamentable hecho ocurrido la noche del 10 de julio del a\u00f1o en curso.<\/p>\n\n\n\n<p>En ese sentido, sostuvo que dentro del t\u00e9rmino constitucional se resolvi\u00f3 la situaci\u00f3n jur\u00eddica de V\u00edctor \u201cF\u201d, camillero que trasladaba a la ni\u00f1a dentro del nosocomio, a quien se dej\u00f3 en libertad por considerar que en los hechos que se investigan, hasta este momento no le resulta responsabilidad penal.<\/p>\n\n\n\n<p>El Fiscal Interino destac\u00f3 que se contin\u00faa con las investigaciones con respecto a los encargados de supervisar la conservaci\u00f3n y mantenimiento de los elevadores del hospital, as\u00ed como a la empresa concesionaria que fue contratada por el IMSS para el funcionamiento, en perfectas condiciones, de los elevadores.<\/p>\n\n\n\n<p>\u201cEstamos realizando las investigaciones correspondientes apegados en todo momento a los protocolos establecidos, respetando los derechos del personal que labora en este hospital del IMSS; llegaremos hasta las \u00faltimas consecuencias y se le aplicar\u00e1 la ley a el o los responsables de este tr\u00e1gico accidente\u201d, sostuvo el Fiscal Interino.<\/p>\n\n\n\n<p>Durante un corrido de supervisi\u00f3n en el lugar de los hechos, L\u00f3pez Salazar afirm\u00f3 que se contin\u00faa con la realizaci\u00f3n de entrevistas con el personal del nosocomio, recopilaci\u00f3n de testimonios, an\u00e1lisis de evidencias como material fotogr\u00e1fico, as\u00ed como videograbaciones, bit\u00e1coras y contratos, entre otros, a fin de esclarecer las causas que originaron este tr\u00e1gico evento.<\/p>\n\n\n\n<p>Cabe destacar que la ni\u00f1a ingres\u00f3 al hospital el 9 de julio del presente a\u00f1o, por padecimiento de dengue con s\u00edntomas de alarma.<\/p>\n\n\n\n<figure class=\"wp-block-image size-large\"><img loading=\"lazy\" decoding=\"async\" width=\"1024\" height=\"631\" src=\"http:\/\/vertienteglobal.com\/wp-content\/uploads\/2023\/07\/FB_IMG_1689195673635-1024x631.jpg\" alt=\"\" class=\"wp-image-225665\" srcset=\"http:\/\/vertienteglobal.com\/wp-content\/uploads\/2023\/07\/FB_IMG_1689195673635-1024x631.jpg 1024w, http:\/\/vertienteglobal.com\/wp-content\/uploads\/2023\/07\/FB_IMG_1689195673635-300x185.jpg 300w, http:\/\/vertienteglobal.com\/wp-content\/uploads\/2023\/07\/FB_IMG_1689195673635-150x92.jpg 150w, http:\/\/vertienteglobal.com\/wp-content\/uploads\/2023\/07\/FB_IMG_1689195673635-768x473.jpg 768w, http:\/\/vertienteglobal.com\/wp-content\/uploads\/2023\/07\/FB_IMG_1689195673635.jpg 1080w\" sizes=\"auto, (max-width: 1024px) 100vw, 1024px\" \/><\/figure>\n","protected":false},"excerpt":{"rendered":"<p>(Redacci\u00f3n) Afirma el Fiscal Interino que para determinar las causas de este lamentable hecho, se investiga a los responsables de supervisar el funcionamiento de los elevadores del hospital y a la empresa subrogada que se encarga del mantenimiento de los elevadoresRecorre Raciel L\u00f3pez Salazar la zona de los hechos Playa del Carmen, Solidaridad, Quintana Roo [&hellip;]<\/p>\n","protected":false},"author":1,"featured_media":225664,"comment_status":"open","ping_status":"open","sticky":false,"template":"","format":"standard","meta":{"footnotes":""},"categories":[3],"tags":[],"class_list":["post-225663","post","type-post","status-publish","format-standard","has-post-thumbnail","hentry","category-quintana-roo","entry","has-media"],"jetpack_featured_media_url":"http:\/\/vertienteglobal.com\/wp-content\/uploads\/2023\/07\/FB_IMG_1689195669176.jpg","_links":{"self":[{"href":"http:\/\/vertienteglobal.com\/index.php?rest_route=\/wp\/v2\/posts\/225663","targetHints":{"allow":["GET"]}}],"collection":[{"href":"http:\/\/vertienteglobal.com\/index.php?rest_route=\/wp\/v2\/posts"}],"about":[{"href":"http:\/\/vertienteglobal.com\/index.php?rest_route=\/wp\/v2\/types\/post"}],"author":[{"embeddable":true,"href":"http:\/\/vertienteglobal.com\/index.php?rest_route=\/wp\/v2\/users\/1"}],"replies":[{"embeddable":true,"href":"http:\/\/vertienteglobal.com\/index.php?rest_route=%2Fwp%2Fv2%2Fcomments&post=225663"}],"version-history":[{"count":0,"href":"http:\/\/vertienteglobal.com\/index.php?rest_route=\/wp\/v2\/posts\/225663\/revisions"}],"wp:featuredmedia":[{"embeddable":true,"href":"http:\/\/vertienteglobal.com\/index.php?rest_route=\/wp\/v2\/media\/225664"}],"wp:attachment":[{"href":"http:\/\/vertienteglobal.com\/index.php?rest_route=%2Fwp%2Fv2%2Fmedia&parent=225663"}],"wp:term":[{"taxonomy":"category","embeddable":true,"href":"http:\/\/vertienteglobal.com\/index.php?rest_route=%2Fwp%2Fv2%2Fcategories&post=225663"},{"taxonomy":"post_tag","embeddable":true,"href":"http:\/\/vertienteglobal.com\/index.php?rest_route=%2Fwp%2Fv2%2Ftags&post=225663"}],"curies":[{"name":"wp","href":"https:\/\/api.w.org\/{rel}","templated":true}]}}