{"id":225580,"date":"2023-07-11T17:24:00","date_gmt":"2023-07-11T22:24:00","guid":{"rendered":"http:\/\/vertienteglobal.com\/?p=225580"},"modified":"2023-07-12T09:19:17","modified_gmt":"2023-07-12T14:19:17","slug":"tribunal-electoral-valida-las-campana-de-las-corcholatas-de-morena","status":"publish","type":"post","link":"http:\/\/vertienteglobal.com\/?p=225580","title":{"rendered":"Tribunal Electoral valida las campa\u00f1a de las &#8216;corcholatas&#8217; de Morena"},"content":{"rendered":"\n<div class=\"twitterbutton\" style=\"float: right; padding-left: 5px;\"><a href=\"http:\/\/twitter.com\/share\" class=\"twitter-share-button\" data-count=\"horizontal\" data-text=\"Tribunal Electoral valida las campa\u00f1a de las &#8216;corcholatas&#8217; de Moren...\" data-via=\"https:\/\/twitter.com\/VertienteGloba1\" data-url=\"http:\/\/vertienteglobal.com\/?p=225580\" data-lang=\"es\" data-related=\"Informaci\u00f3n general:S\u00edguenos para que est\u00e9ss informado\"><\/a><\/div>\n<figure class=\"wp-block-image size-full\"><img loading=\"lazy\" decoding=\"async\" width=\"1024\" height=\"683\" src=\"http:\/\/vertienteglobal.com\/wp-content\/uploads\/2023\/07\/210598.jpg\" alt=\"\" class=\"wp-image-225581\" srcset=\"http:\/\/vertienteglobal.com\/wp-content\/uploads\/2023\/07\/210598.jpg 1024w, http:\/\/vertienteglobal.com\/wp-content\/uploads\/2023\/07\/210598-300x200.jpg 300w, http:\/\/vertienteglobal.com\/wp-content\/uploads\/2023\/07\/210598-150x100.jpg 150w, http:\/\/vertienteglobal.com\/wp-content\/uploads\/2023\/07\/210598-768x512.jpg 768w\" sizes=\"auto, (max-width: 1024px) 100vw, 1024px\" \/><\/figure>\n\n\n\n<p>(Redacci\u00f3n)<\/p>\n\n\n\n<p>Dieron su respaldo a este texto, los magistrados Felipe Fuentes, Jos\u00e9 Luis Vargas e Indalfer Infante, y en contra Janine Ot\u00e1lora Malassis, Felipe de la Mata Piza\u00f1a y el presidente del TEPJF, Reyes Rodr\u00edguez Mondrag\u00f3n<\/p>\n\n\n\n<p>Ciudad de M\u00e9xico 11 de julio 2023.-Sin ninguna restricci\u00f3n ni violaci\u00f3n a la ley, el Tribunal Electoral del Poder Judicial de la Federaci\u00f3n (TEPJF) confirm\u00f3 que las giras que realizan las &#8216;corcholatas&#8217; presidenciables de Morena, PT y PVEM en el pa\u00eds son legales.<\/p>\n\n\n\n<p>Por mayor\u00eda de cuatro votos, los magistrados dieron luz verde al acuerdo de la Comisi\u00f3n de Quejas y Denuncias del Instituto Nacional Electoral (INE) con el que rechaz\u00f3 suspender el proceso interno de la autollamada Cuarta Transformaci\u00f3n para elegir a su candidata o candidato a la Presidencia de la Rep\u00fablica.<\/p>\n\n\n\n<p>Con base en el proyecto de M\u00f3nica Soto Fregoso, ella argument\u00f3 que, de manera preliminar, no se advierte un riesgo que justifique la suspensi\u00f3n del mecanismo, dado que no se trata de uno para elegir a una precandidatura o candidatura, sino de una determinaci\u00f3n de autoorganizaci\u00f3n partidista.<\/p>\n\n\n\n<p>Dieron su respaldo a este texto, los magistrados Felipe Fuentes, Jos\u00e9 Luis Vargas e Indalfer Infante, y en contra Janine Ot\u00e1lora Malassis, Felipe de la Mata Piza\u00f1a y el presidente del TEPJF, Reyes Rodr\u00edguez Mondrag\u00f3n.<\/p>\n\n\n\n<p>Tras esto, las llamadas asambleas informativas, de Ad\u00e1n Augusto L\u00f3pez Hern\u00e1ndez, Claudia Sheinbaum Pardo, Marcelo Ebrard Casaubon, Ricardo Monreal \u00c1vila, Gerardo Fern\u00e1ndez Noro\u00f1a y Manuel Velazco Coello, seguir\u00e1n sin nada de impedimento.<\/p>\n\n\n\n<p>Asimismo, la Sala Superior del TEPJF confirm\u00f3 la resoluci\u00f3n del INE con la que orden\u00f3 a los aspirantes de Morena no solicitar el voto a favor o en contra de alguna persona, no presentar propuestas o plataformas electorales, ni utilizar los tiempos del partido en radio y televisi\u00f3n.<\/p>\n\n\n\n<p>Por \u00faltimo, se reitera que las &#8216;corcholatas&#8217; deber\u00e1n proporcionar un calendario de actividades y llevar un control de los recursos que utilicen para que, en su momento, los informen como gasto ordinario.(Fuente:MVS\/Xeva)<\/p>\n","protected":false},"excerpt":{"rendered":"<p>(Redacci\u00f3n) Dieron su respaldo a este texto, los magistrados Felipe Fuentes, Jos\u00e9 Luis Vargas e Indalfer Infante, y en contra Janine Ot\u00e1lora Malassis, Felipe de la Mata Piza\u00f1a y el presidente del TEPJF, Reyes Rodr\u00edguez Mondrag\u00f3n Ciudad de M\u00e9xico 11 de julio 2023.-Sin ninguna restricci\u00f3n ni violaci\u00f3n a la ley, el Tribunal Electoral del Poder [&hellip;]<\/p>\n","protected":false},"author":1,"featured_media":225581,"comment_status":"open","ping_status":"open","sticky":false,"template":"","format":"standard","meta":{"footnotes":""},"categories":[8],"tags":[],"class_list":["post-225580","post","type-post","status-publish","format-standard","has-post-thumbnail","hentry","category-pais","entry","has-media"],"jetpack_featured_media_url":"http:\/\/vertienteglobal.com\/wp-content\/uploads\/2023\/07\/210598.jpg","_links":{"self":[{"href":"http:\/\/vertienteglobal.com\/index.php?rest_route=\/wp\/v2\/posts\/225580","targetHints":{"allow":["GET"]}}],"collection":[{"href":"http:\/\/vertienteglobal.com\/index.php?rest_route=\/wp\/v2\/posts"}],"about":[{"href":"http:\/\/vertienteglobal.com\/index.php?rest_route=\/wp\/v2\/types\/post"}],"author":[{"embeddable":true,"href":"http:\/\/vertienteglobal.com\/index.php?rest_route=\/wp\/v2\/users\/1"}],"replies":[{"embeddable":true,"href":"http:\/\/vertienteglobal.com\/index.php?rest_route=%2Fwp%2Fv2%2Fcomments&post=225580"}],"version-history":[{"count":0,"href":"http:\/\/vertienteglobal.com\/index.php?rest_route=\/wp\/v2\/posts\/225580\/revisions"}],"wp:featuredmedia":[{"embeddable":true,"href":"http:\/\/vertienteglobal.com\/index.php?rest_route=\/wp\/v2\/media\/225581"}],"wp:attachment":[{"href":"http:\/\/vertienteglobal.com\/index.php?rest_route=%2Fwp%2Fv2%2Fmedia&parent=225580"}],"wp:term":[{"taxonomy":"category","embeddable":true,"href":"http:\/\/vertienteglobal.com\/index.php?rest_route=%2Fwp%2Fv2%2Fcategories&post=225580"},{"taxonomy":"post_tag","embeddable":true,"href":"http:\/\/vertienteglobal.com\/index.php?rest_route=%2Fwp%2Fv2%2Ftags&post=225580"}],"curies":[{"name":"wp","href":"https:\/\/api.w.org\/{rel}","templated":true}]}}