{"id":225567,"date":"2023-07-11T23:55:00","date_gmt":"2023-07-12T04:55:00","guid":{"rendered":"http:\/\/vertienteglobal.com\/?p=225567"},"modified":"2023-07-12T09:02:23","modified_gmt":"2023-07-12T14:02:23","slug":"ya-puedes-limitar-tus-publicaciones-en-instagram-a-close-friends","status":"publish","type":"post","link":"http:\/\/vertienteglobal.com\/?p=225567","title":{"rendered":"Ya puedes limitar tus publicaciones en Instagram a \u2018Close Friends\u2019"},"content":{"rendered":"\n<div class=\"twitterbutton\" style=\"float: right; padding-left: 5px;\"><a href=\"http:\/\/twitter.com\/share\" class=\"twitter-share-button\" data-count=\"horizontal\" data-text=\"Ya puedes limitar tus publicaciones en Instagram a \u2018Close Friends\u2019\" data-via=\"https:\/\/twitter.com\/VertienteGloba1\" data-url=\"http:\/\/vertienteglobal.com\/?p=225567\" data-lang=\"es\" data-related=\"Informaci\u00f3n general:S\u00edguenos para que est\u00e9ss informado\"><\/a><\/div>\n<figure class=\"wp-block-image size-full\"><img loading=\"lazy\" decoding=\"async\" width=\"1024\" height=\"683\" src=\"http:\/\/vertienteglobal.com\/wp-content\/uploads\/2023\/07\/210550.jpg\" alt=\"\" class=\"wp-image-225568\" srcset=\"http:\/\/vertienteglobal.com\/wp-content\/uploads\/2023\/07\/210550.jpg 1024w, http:\/\/vertienteglobal.com\/wp-content\/uploads\/2023\/07\/210550-300x200.jpg 300w, http:\/\/vertienteglobal.com\/wp-content\/uploads\/2023\/07\/210550-150x100.jpg 150w, http:\/\/vertienteglobal.com\/wp-content\/uploads\/2023\/07\/210550-768x512.jpg 768w\" sizes=\"auto, (max-width: 1024px) 100vw, 1024px\" \/><\/figure>\n\n\n\n<p>(Redacci\u00f3n)<\/p>\n\n\n\n<p>Ahora ser\u00e1 posible que usuarios publiquen sus fotos, videos o carruseles \u00fanicamente para las personas que integran su lista de \u2018close friends\u2019<\/p>\n\n\n\n<p>Ciudad de M\u00e9xico 12 de julio 2023.-La plataforma de Instagram lanz\u00f3 una nueva actualizaci\u00f3n para dar m\u00e1s privacidad a las publicaciones de sus usuarios.<\/p>\n\n\n\n<p>Y es que de acuerdo a Alessandro Paluzzi, ingeniero inverso y desarrollador m\u00f3vil, ahora ser\u00e1 posible que usuarios publiquen sus fotos, videos o carruseles \u00fanicamente para las personas que integran su lista de \u2018close friends\u2019<\/p>\n\n\n\n<p>\u00bfC\u00f3mo limitar tus publicaciones a \u00abClose Friends\u00bb?<\/p>\n\n\n\n<p>Abre tu cuenta de Instagram.<\/p>\n\n\n\n<p>Dir\u00edgete al icono que tiene el s\u00edmbolo \u00ab+\u00bb en la parte inferior.<\/p>\n\n\n\n<p>Se abrir\u00e1 una nueva pesta\u00f1a en donde deber\u00e1s elegir las fotograf\u00edas o videos que quieres subir a tu cuenta.<\/p>\n\n\n\n<p>Una vez que hayas elegido tu contenido a subir, da clic en Siguiente.<\/p>\n\n\n\n<p>Se abrir\u00e1 una nueva pesta\u00f1a para editar tu contenido, dale los arreglos que desees.<\/p>\n\n\n\n<p>Una vez que hayas terminado vuelve a presionar en Siguiente.<\/p>\n\n\n\n<p>Llena los campos que te salen en la nueva pesta\u00f1a como la descripci\u00f3n, etiquetar a personas, agregar ubicaci\u00f3n o agregar m\u00fasica.<\/p>\n\n\n\n<p>Abajo de agregar ubicaci\u00f3n aparecer\u00e1 una nueva opci\u00f3n la cual dice P\u00fablico. Si solo quieres que t\u00fa publicaci\u00f3n la vean tus \u00abClose Friends\u00bb dale clic ah\u00ed y elige Mejores amigos.<\/p>\n\n\n\n<p>Finalmente da clic en Compartir. Tu publicaron tendr\u00e1 un signo verde con una estrellita en la parte superior, eso quiere decir que la publicaci\u00f3n solo se comparti\u00f3 con tu lista de mejores amigos.<br>(Fuente: El UniversalXeva)<\/p>\n","protected":false},"excerpt":{"rendered":"<p>(Redacci\u00f3n) Ahora ser\u00e1 posible que usuarios publiquen sus fotos, videos o carruseles \u00fanicamente para las personas que integran su lista de \u2018close friends\u2019 Ciudad de M\u00e9xico 12 de julio 2023.-La plataforma de Instagram lanz\u00f3 una nueva actualizaci\u00f3n para dar m\u00e1s privacidad a las publicaciones de sus usuarios. Y es que de acuerdo a Alessandro Paluzzi, [&hellip;]<\/p>\n","protected":false},"author":1,"featured_media":225568,"comment_status":"open","ping_status":"open","sticky":false,"template":"","format":"standard","meta":{"footnotes":""},"categories":[8],"tags":[],"class_list":["post-225567","post","type-post","status-publish","format-standard","has-post-thumbnail","hentry","category-pais","entry","has-media"],"jetpack_featured_media_url":"http:\/\/vertienteglobal.com\/wp-content\/uploads\/2023\/07\/210550.jpg","_links":{"self":[{"href":"http:\/\/vertienteglobal.com\/index.php?rest_route=\/wp\/v2\/posts\/225567","targetHints":{"allow":["GET"]}}],"collection":[{"href":"http:\/\/vertienteglobal.com\/index.php?rest_route=\/wp\/v2\/posts"}],"about":[{"href":"http:\/\/vertienteglobal.com\/index.php?rest_route=\/wp\/v2\/types\/post"}],"author":[{"embeddable":true,"href":"http:\/\/vertienteglobal.com\/index.php?rest_route=\/wp\/v2\/users\/1"}],"replies":[{"embeddable":true,"href":"http:\/\/vertienteglobal.com\/index.php?rest_route=%2Fwp%2Fv2%2Fcomments&post=225567"}],"version-history":[{"count":0,"href":"http:\/\/vertienteglobal.com\/index.php?rest_route=\/wp\/v2\/posts\/225567\/revisions"}],"wp:featuredmedia":[{"embeddable":true,"href":"http:\/\/vertienteglobal.com\/index.php?rest_route=\/wp\/v2\/media\/225568"}],"wp:attachment":[{"href":"http:\/\/vertienteglobal.com\/index.php?rest_route=%2Fwp%2Fv2%2Fmedia&parent=225567"}],"wp:term":[{"taxonomy":"category","embeddable":true,"href":"http:\/\/vertienteglobal.com\/index.php?rest_route=%2Fwp%2Fv2%2Fcategories&post=225567"},{"taxonomy":"post_tag","embeddable":true,"href":"http:\/\/vertienteglobal.com\/index.php?rest_route=%2Fwp%2Fv2%2Ftags&post=225567"}],"curies":[{"name":"wp","href":"https:\/\/api.w.org\/{rel}","templated":true}]}}