{"id":225564,"date":"2023-07-01T23:51:00","date_gmt":"2023-07-02T04:51:00","guid":{"rendered":"http:\/\/vertienteglobal.com\/?p=225564"},"modified":"2023-07-12T08:57:24","modified_gmt":"2023-07-12T13:57:24","slug":"google-elimina-tus-fotos-y-tienes-como-limite-esta-fecha","status":"publish","type":"post","link":"http:\/\/vertienteglobal.com\/?p=225564","title":{"rendered":"Google elimina tus fotos y tienes como l\u00edmite esta fecha"},"content":{"rendered":"\n<div class=\"twitterbutton\" style=\"float: right; padding-left: 5px;\"><a href=\"http:\/\/twitter.com\/share\" class=\"twitter-share-button\" data-count=\"horizontal\" data-text=\"Google elimina tus fotos y tienes como l\u00edmite esta fecha\" data-via=\"https:\/\/twitter.com\/VertienteGloba1\" data-url=\"http:\/\/vertienteglobal.com\/?p=225564\" data-lang=\"es\" data-related=\"Informaci\u00f3n general:S\u00edguenos para que est\u00e9ss informado\"><\/a><\/div>\n<figure class=\"wp-block-image size-full\"><img loading=\"lazy\" decoding=\"async\" width=\"1024\" height=\"683\" src=\"http:\/\/vertienteglobal.com\/wp-content\/uploads\/2023\/07\/210538.jpg\" alt=\"\" class=\"wp-image-225565\" srcset=\"http:\/\/vertienteglobal.com\/wp-content\/uploads\/2023\/07\/210538.jpg 1024w, http:\/\/vertienteglobal.com\/wp-content\/uploads\/2023\/07\/210538-300x200.jpg 300w, http:\/\/vertienteglobal.com\/wp-content\/uploads\/2023\/07\/210538-150x100.jpg 150w, http:\/\/vertienteglobal.com\/wp-content\/uploads\/2023\/07\/210538-768x512.jpg 768w\" sizes=\"auto, (max-width: 1024px) 100vw, 1024px\" \/><\/figure>\n\n\n\n<p>(Redacci\u00f3n)<\/p>\n\n\n\n<p>Si no tienes im\u00e1genes no es necesario que realices algo, pero si tienes algunas im\u00e1genes guardadas, deber\u00e1s realizar los siguientes pasos para no perderlas<\/p>\n\n\n\n<p>Ciudad de M\u00e9xico 10 de julio 2023.-Desde el 19 de julio, Google eliminar\u00e1 el Archivo de \u00c1lbumes de forma permanente, esto porque consideran que ya no es una herramienta muy relevante para el usuario, pues solo serv\u00eda para tener almacenado material compartido a trav\u00e9s de otros servicios de Google y la eliminaci\u00f3n de dicha herramienta significar\u00e1 perder todos los archivos compartidos para siempre.<\/p>\n\n\n\n<p>En caso de que no recuerdes si cuentas con archivos en el \u00e1lbum, puedes\u00a0<a href=\"https:\/\/get.google.com\/albumarchive\/106243403292588338341\">dar click aqu\u00ed\u00a0<\/a>y verificarlo.<\/p>\n\n\n\n<p>Si no tienes im\u00e1genes no es necesario que realices algo, pero si tienes algunas im\u00e1genes guardadas, deber\u00e1s realizar los siguientes pasos para no perderlas:<\/p>\n\n\n\n<p>Ingresa a la p\u00e1gina Takeout.<\/p>\n\n\n\n<p>Da click en la opci\u00f3n \u201cArchivo de \u00c1lbumes\u201d y acepta la opci\u00f3n \u201csiguiente paso\u201d:<\/p>\n\n\n\n<p>Elige \u201cenviar enlace de descarga por correo electr\u00f3nico\u201d y selecciona \u201cexportar una vez\u201d.<\/p>\n\n\n\n<p>Espera unos momentos y mediante tu correo electr\u00f3nico recibir\u00e1s el material que seleccionaste<br>Y listo, tu respaldo est\u00e1 completado y no perder\u00e1s ninguna de tus fotos.<\/p>\n\n\n\n<p>Te compartimos otras nubes donde poder guardar tus fotos:<\/p>\n\n\n\n<p>Google Fotos: Podr\u00e1s almacenar, compartir y editar fotos, v\u00eddeos y documentos. Tendr\u00e1s 15 gb de almacenamiento gratis y podr\u00e1s adquirir m\u00e1s espacio pagando una cuota mensual.<\/p>\n\n\n\n<p>Mega: Esta aplicaci\u00f3n de almacenamiento te permitir\u00e1 tener hasta 20gb de almacenamiento para tus archivos; podr\u00e1s llevar un control mediante la creaci\u00f3n de carpetas.<\/p>\n\n\n\n<p>iCloud: Esta nube es exclusiva para usuarios de la marca Apple. Ofrece diferentes opciones de almacenamiento con un costo que se puede adaptar a tu presupuesto y necesidades.(Fuente:ElInformador\/Xeva)<\/p>\n","protected":false},"excerpt":{"rendered":"<p>(Redacci\u00f3n) Si no tienes im\u00e1genes no es necesario que realices algo, pero si tienes algunas im\u00e1genes guardadas, deber\u00e1s realizar los siguientes pasos para no perderlas Ciudad de M\u00e9xico 10 de julio 2023.-Desde el 19 de julio, Google eliminar\u00e1 el Archivo de \u00c1lbumes de forma permanente, esto porque consideran que ya no es una herramienta muy [&hellip;]<\/p>\n","protected":false},"author":1,"featured_media":225565,"comment_status":"open","ping_status":"open","sticky":false,"template":"","format":"standard","meta":{"footnotes":""},"categories":[8],"tags":[],"class_list":["post-225564","post","type-post","status-publish","format-standard","has-post-thumbnail","hentry","category-pais","entry","has-media"],"jetpack_featured_media_url":"http:\/\/vertienteglobal.com\/wp-content\/uploads\/2023\/07\/210538.jpg","_links":{"self":[{"href":"http:\/\/vertienteglobal.com\/index.php?rest_route=\/wp\/v2\/posts\/225564","targetHints":{"allow":["GET"]}}],"collection":[{"href":"http:\/\/vertienteglobal.com\/index.php?rest_route=\/wp\/v2\/posts"}],"about":[{"href":"http:\/\/vertienteglobal.com\/index.php?rest_route=\/wp\/v2\/types\/post"}],"author":[{"embeddable":true,"href":"http:\/\/vertienteglobal.com\/index.php?rest_route=\/wp\/v2\/users\/1"}],"replies":[{"embeddable":true,"href":"http:\/\/vertienteglobal.com\/index.php?rest_route=%2Fwp%2Fv2%2Fcomments&post=225564"}],"version-history":[{"count":0,"href":"http:\/\/vertienteglobal.com\/index.php?rest_route=\/wp\/v2\/posts\/225564\/revisions"}],"wp:featuredmedia":[{"embeddable":true,"href":"http:\/\/vertienteglobal.com\/index.php?rest_route=\/wp\/v2\/media\/225565"}],"wp:attachment":[{"href":"http:\/\/vertienteglobal.com\/index.php?rest_route=%2Fwp%2Fv2%2Fmedia&parent=225564"}],"wp:term":[{"taxonomy":"category","embeddable":true,"href":"http:\/\/vertienteglobal.com\/index.php?rest_route=%2Fwp%2Fv2%2Fcategories&post=225564"},{"taxonomy":"post_tag","embeddable":true,"href":"http:\/\/vertienteglobal.com\/index.php?rest_route=%2Fwp%2Fv2%2Ftags&post=225564"}],"curies":[{"name":"wp","href":"https:\/\/api.w.org\/{rel}","templated":true}]}}