{"id":225546,"date":"2023-07-10T21:24:00","date_gmt":"2023-07-11T02:24:00","guid":{"rendered":"http:\/\/vertienteglobal.com\/?p=225546"},"modified":"2023-07-10T21:28:36","modified_gmt":"2023-07-11T02:28:36","slug":"concluye-traslado-de-primer-tren-maya-a-cancun","status":"publish","type":"post","link":"http:\/\/vertienteglobal.com\/?p=225546","title":{"rendered":"Concluye traslado de primer Tren Maya a Canc\u00fan"},"content":{"rendered":"\n<div class=\"twitterbutton\" style=\"float: right; padding-left: 5px;\"><a href=\"http:\/\/twitter.com\/share\" class=\"twitter-share-button\" data-count=\"horizontal\" data-text=\"Concluye traslado de primer Tren Maya a Canc\u00fan\" data-via=\"https:\/\/twitter.com\/VertienteGloba1\" data-url=\"http:\/\/vertienteglobal.com\/?p=225546\" data-lang=\"es\" data-related=\"Informaci\u00f3n general:S\u00edguenos para que est\u00e9ss informado\"><\/a><\/div>\n<figure class=\"wp-block-image size-full\"><img loading=\"lazy\" decoding=\"async\" width=\"692\" height=\"360\" src=\"http:\/\/vertienteglobal.com\/wp-content\/uploads\/2023\/07\/FB_IMG_1689042293218.jpg\" alt=\"\" class=\"wp-image-225547\" srcset=\"http:\/\/vertienteglobal.com\/wp-content\/uploads\/2023\/07\/FB_IMG_1689042293218.jpg 692w, http:\/\/vertienteglobal.com\/wp-content\/uploads\/2023\/07\/FB_IMG_1689042293218-300x156.jpg 300w, http:\/\/vertienteglobal.com\/wp-content\/uploads\/2023\/07\/FB_IMG_1689042293218-150x78.jpg 150w\" sizes=\"auto, (max-width: 692px) 100vw, 692px\" \/><\/figure>\n\n\n\n<p>(Redacci\u00f3n)<\/p>\n\n\n\n<p>El primer vag\u00f3n arrib\u00f3 a la cochera de Canc\u00fan el s\u00e1bado 8, los otros tres, el domingo; el traslado implic\u00f3 siete d\u00edas por casi 2 mil km de 10 estados<\/p>\n\n\n\n<p>Es un tren est\u00e1ndar para 230 pasajeros; agradece a empresa e instituciones, as\u00ed como a automovilistas, por hacer posible el traslado sin accidente alguno<\/p>\n\n\n\n<p>Informa Alstom que el siguiente paso consiste en pruebas est\u00e1ticas y din\u00e1micas para validar funcionamiento y seguridad del tren<\/p>\n\n\n\n<p>Ciudad de M\u00e9xico 10 de julio 2023.- Con el primer tren de cuatro vagones ya en el taller cochera de Canc\u00fan, \u201cseguimos cumpliendo los compromisos. Ya hay Tren Maya y la transformaci\u00f3n del sureste est\u00e1 en marcha\u201d, asever\u00f3 el director general del Fondo Nacional de Fomento al Turismo (Fonatur), Javier May Rodr\u00edguez.<\/p>\n\n\n\n<p>El tambi\u00e9n responsable de la obra del Tren Maya inform\u00f3, en la conferencia de prensa del presidente Andr\u00e9s Manuel L\u00f3pez Obrador, que concluy\u00f3 el traslado del primer tren de Ciudad Sahag\u00fan, Hidalgo, a Canc\u00fan, Quintana Roo.<\/p>\n\n\n\n<p>Afirm\u00f3 que como el propio Ejecutivo federal lo constat\u00f3, \u201cel primer vag\u00f3n arrib\u00f3 al taller y cochera de Canc\u00fan la ma\u00f1ana del s\u00e1bado 8 de julio. Los otros tres vagones llegaron el domingo. Se trata del primer tren tipo est\u00e1ndar, con capacidad para 230 pasajeros\u201d.<\/p>\n\n\n\n<p>Explic\u00f3 que, luego de su acoplamiento, iniciar\u00e1n las pruebas est\u00e1ticas y despu\u00e9s las din\u00e1micas, con rodamiento sobre la v\u00eda, entre Canc\u00fan y M\u00e9rida.<\/p>\n\n\n\n<p>\u201cEl traslado de este primer tren implic\u00f3 siete d\u00edas de viaje a lo largo de casi dos mil kil\u00f3metros, pasando por diez estados: Hidalgo, Tlaxcala, Puebla, Oaxaca, Veracruz, Tabasco, Chiapas, Campeche, Yucat\u00e1n y Quintana Roo.\u201d<br>Detall\u00f3 que, inicialmente hubo algunos contratiempos, sobre todo por lluvia, pero se retom\u00f3 el ritmo y se complet\u00f3 el trayecto conforme a lo estimado.<\/p>\n\n\n\n<p>May Rodr\u00edguez expres\u00f3 su agradecimiento al personal de Alstom; a la Secretar\u00eda de Infraestructura, Comunicaciones y Transportes (SICT); Caminos y Puentes Federales (Capufe), Guardia Nacional \u201cy dem\u00e1s instituciones que hicieron posible el traslado del primer tren con todos los cuidados necesarios, sin que se registrara accidente alguno\u201d.<\/p>\n\n\n\n<p>Reconoci\u00f3 y agradeci\u00f3 tambi\u00e9n \u201ca la poblaci\u00f3n, a los automovilistas, que al ver el convoy de d\u00eda o de noche, tomaron las precauciones necesarias y contribuyeron al paso seguro de los vagones\u201d.<\/p>\n\n\n\n<p>La directora de Alstom M\u00e9xico, Maite Ramos G\u00f3mez, inform\u00f3 que el siguiente paso es la validaci\u00f3n y puesta en marcha del tren con 42 pruebas est\u00e1ticas y 24 pruebas din\u00e1micas.<\/p>\n\n\n\n<p>Explic\u00f3 que las verificaciones est\u00e1ticas abarcan: sistema neum\u00e1tico, de control de puertas, de calefacci\u00f3n, ventilaci\u00f3n, iluminaci\u00f3n e informaci\u00f3n al pasajero, mientras que las din\u00e1micas comprenden: ensayo de frenado, sistema de control del tren, calidad del confort durante la marcha y ensayos ac\u00fasticos en v\u00eda recta, curvas y pendientes, en todas las condiciones que pudiera afrontar el tren en su operaci\u00f3n.<\/p>\n\n\n\n<figure class=\"wp-block-image size-large\"><img loading=\"lazy\" decoding=\"async\" width=\"1024\" height=\"576\" src=\"http:\/\/vertienteglobal.com\/wp-content\/uploads\/2023\/07\/FB_IMG_1689042296620-1024x576.jpg\" alt=\"\" class=\"wp-image-225548\" srcset=\"http:\/\/vertienteglobal.com\/wp-content\/uploads\/2023\/07\/FB_IMG_1689042296620-1024x576.jpg 1024w, http:\/\/vertienteglobal.com\/wp-content\/uploads\/2023\/07\/FB_IMG_1689042296620-300x169.jpg 300w, http:\/\/vertienteglobal.com\/wp-content\/uploads\/2023\/07\/FB_IMG_1689042296620-150x84.jpg 150w, http:\/\/vertienteglobal.com\/wp-content\/uploads\/2023\/07\/FB_IMG_1689042296620-768x432.jpg 768w, http:\/\/vertienteglobal.com\/wp-content\/uploads\/2023\/07\/FB_IMG_1689042296620.jpg 1080w\" sizes=\"auto, (max-width: 1024px) 100vw, 1024px\" \/><\/figure>\n\n\n\n<figure class=\"wp-block-image size-large\"><img loading=\"lazy\" decoding=\"async\" width=\"1024\" height=\"576\" src=\"http:\/\/vertienteglobal.com\/wp-content\/uploads\/2023\/07\/FB_IMG_1689042299805-1024x576.jpg\" alt=\"\" class=\"wp-image-225549\" srcset=\"http:\/\/vertienteglobal.com\/wp-content\/uploads\/2023\/07\/FB_IMG_1689042299805-1024x576.jpg 1024w, http:\/\/vertienteglobal.com\/wp-content\/uploads\/2023\/07\/FB_IMG_1689042299805-300x169.jpg 300w, http:\/\/vertienteglobal.com\/wp-content\/uploads\/2023\/07\/FB_IMG_1689042299805-150x84.jpg 150w, http:\/\/vertienteglobal.com\/wp-content\/uploads\/2023\/07\/FB_IMG_1689042299805-768x432.jpg 768w, http:\/\/vertienteglobal.com\/wp-content\/uploads\/2023\/07\/FB_IMG_1689042299805.jpg 1080w\" sizes=\"auto, (max-width: 1024px) 100vw, 1024px\" \/><\/figure>\n","protected":false},"excerpt":{"rendered":"<p>(Redacci\u00f3n) El primer vag\u00f3n arrib\u00f3 a la cochera de Canc\u00fan el s\u00e1bado 8, los otros tres, el domingo; el traslado implic\u00f3 siete d\u00edas por casi 2 mil km de 10 estados Es un tren est\u00e1ndar para 230 pasajeros; agradece a empresa e instituciones, as\u00ed como a automovilistas, por hacer posible el traslado sin accidente alguno [&hellip;]<\/p>\n","protected":false},"author":1,"featured_media":225547,"comment_status":"open","ping_status":"open","sticky":false,"template":"","format":"standard","meta":{"footnotes":""},"categories":[8,3],"tags":[],"class_list":["post-225546","post","type-post","status-publish","format-standard","has-post-thumbnail","hentry","category-pais","category-quintana-roo","entry","has-media"],"jetpack_featured_media_url":"http:\/\/vertienteglobal.com\/wp-content\/uploads\/2023\/07\/FB_IMG_1689042293218.jpg","_links":{"self":[{"href":"http:\/\/vertienteglobal.com\/index.php?rest_route=\/wp\/v2\/posts\/225546","targetHints":{"allow":["GET"]}}],"collection":[{"href":"http:\/\/vertienteglobal.com\/index.php?rest_route=\/wp\/v2\/posts"}],"about":[{"href":"http:\/\/vertienteglobal.com\/index.php?rest_route=\/wp\/v2\/types\/post"}],"author":[{"embeddable":true,"href":"http:\/\/vertienteglobal.com\/index.php?rest_route=\/wp\/v2\/users\/1"}],"replies":[{"embeddable":true,"href":"http:\/\/vertienteglobal.com\/index.php?rest_route=%2Fwp%2Fv2%2Fcomments&post=225546"}],"version-history":[{"count":0,"href":"http:\/\/vertienteglobal.com\/index.php?rest_route=\/wp\/v2\/posts\/225546\/revisions"}],"wp:featuredmedia":[{"embeddable":true,"href":"http:\/\/vertienteglobal.com\/index.php?rest_route=\/wp\/v2\/media\/225547"}],"wp:attachment":[{"href":"http:\/\/vertienteglobal.com\/index.php?rest_route=%2Fwp%2Fv2%2Fmedia&parent=225546"}],"wp:term":[{"taxonomy":"category","embeddable":true,"href":"http:\/\/vertienteglobal.com\/index.php?rest_route=%2Fwp%2Fv2%2Fcategories&post=225546"},{"taxonomy":"post_tag","embeddable":true,"href":"http:\/\/vertienteglobal.com\/index.php?rest_route=%2Fwp%2Fv2%2Ftags&post=225546"}],"curies":[{"name":"wp","href":"https:\/\/api.w.org\/{rel}","templated":true}]}}