{"id":225532,"date":"2023-07-10T17:21:00","date_gmt":"2023-07-10T22:21:00","guid":{"rendered":"http:\/\/vertienteglobal.com\/?p=225532"},"modified":"2023-07-10T21:22:50","modified_gmt":"2023-07-11T02:22:50","slug":"la-fundacion-de-parques-y-museos-de-cozumel-fortalece-la-restauracion-y-siembra-de-corales-en-punta-sur","status":"publish","type":"post","link":"http:\/\/vertienteglobal.com\/?p=225532","title":{"rendered":"La Fundaci\u00f3n de Parques y Museos de Cozumel fortalece la restauraci\u00f3n y siembra de corales en Punta Sur"},"content":{"rendered":"\n<div class=\"twitterbutton\" style=\"float: right; padding-left: 5px;\"><a href=\"http:\/\/twitter.com\/share\" class=\"twitter-share-button\" data-count=\"horizontal\" data-text=\"La Fundaci\u00f3n de Parques y Museos de Cozumel fortalece la restauraci\u00f3n y siembr...\" data-via=\"https:\/\/twitter.com\/VertienteGloba1\" data-url=\"http:\/\/vertienteglobal.com\/?p=225532\" data-lang=\"es\" data-related=\"Informaci\u00f3n general:S\u00edguenos para que est\u00e9ss informado\"><\/a><\/div>\n<figure class=\"wp-block-image size-large\"><img loading=\"lazy\" decoding=\"async\" width=\"1024\" height=\"896\" src=\"http:\/\/vertienteglobal.com\/wp-content\/uploads\/2023\/07\/FB_IMG_1689042081567-1024x896.jpg\" alt=\"\" class=\"wp-image-225533\" srcset=\"http:\/\/vertienteglobal.com\/wp-content\/uploads\/2023\/07\/FB_IMG_1689042081567-1024x896.jpg 1024w, http:\/\/vertienteglobal.com\/wp-content\/uploads\/2023\/07\/FB_IMG_1689042081567-300x263.jpg 300w, http:\/\/vertienteglobal.com\/wp-content\/uploads\/2023\/07\/FB_IMG_1689042081567-150x131.jpg 150w, http:\/\/vertienteglobal.com\/wp-content\/uploads\/2023\/07\/FB_IMG_1689042081567-768x672.jpg 768w, http:\/\/vertienteglobal.com\/wp-content\/uploads\/2023\/07\/FB_IMG_1689042081567.jpg 1080w\" sizes=\"auto, (max-width: 1024px) 100vw, 1024px\" \/><\/figure>\n\n\n\n<p>(Redacci\u00f3n)<\/p>\n\n\n\n<p>Actualmente el proyecto cuenta con m\u00e1s de mil 850 fragmentos de corales, de los cuales mil 500 se encuentran en la l\u00ednea de costa de Chankanaab y 350 en Punta Sur<\/p>\n\n\n\n<p>Cozumel, Quintana Roo 10 de julio 2023.-Para fortalecer la cultura del cuidado del medio ambiente entre ni\u00f1as, ni\u00f1os y j\u00f3venes, la Fundaci\u00f3n de Parques y Museos de Cozumel (FPMC) en coordinaci\u00f3n con la asociaci\u00f3n Oceanus, A.C, llevan a cabo el programa de restauraci\u00f3n y siembra de corales en la zona arrecifal de Punta Sur.<\/p>\n\n\n\n<p>La gobernadora Mara Lezama Espinosa, promueve a trav\u00e9s del Nuevo Acuerdo por el Bienestar y Desarrollo de Quintana Roo, la participaci\u00f3n ciudadana en acciones de conservaci\u00f3n ambiental, sobre todo de las infancias y juventudes cozumele\u00f1as, que tienen la oportunidad de sumarse a los programas de protecci\u00f3n de los diversos ecosistemas.<\/p>\n\n\n\n<p>El director de Conservaci\u00f3n y Educaci\u00f3n Ambiental (CEA), Rafael Chac\u00f3n D\u00edaz, detall\u00f3 que actualmente el proyecto cuenta con m\u00e1s de mil 850 fragmentos de corales, de los cuales mil 500 se encuentran en la l\u00ednea de costa de Chankanaab y 350 en Punta Sur, donde se utiliz\u00f3 el m\u00e9todo de restauraci\u00f3n con material gen\u00e9tico.<\/p>\n\n\n\n<p>Las ni\u00f1as y ni\u00f1os hicieron snorkel en el \u00e1rea y manifestaron su asombro ante la belleza del arrecife, con lo que aprenden a trav\u00e9s de la experiencia y la informaci\u00f3n que reciben se convierte en algo significativo que perdura en el tiempo, originando un cambio positivo hacia el medio ambiente, que multiplican el entorno en el que se desenvuelven.<\/p>\n\n\n\n<p>El fin de semana pasado, integrantes de la agrupaci\u00f3n \u201cJ\u00f3venes por la Conservaci\u00f3n\u201d tuvieron la oportunidad de visitar el arrecife de Punta Sur, donde en el mes de marzo se sembraron por primera vez 350 gametos de coral en esa zona.<\/p>\n\n\n\n<p>Con las gestiones del director general de la FPMC, Jos\u00e9 Luis Chac\u00f3n M\u00e9ndez, se logr\u00f3 el apoyo del empresario Alejandro Castro, para contar con un catamar\u00e1n en el que los 30 integrantes del grupo, que tienen de siete a 13 a\u00f1os de edad, pudieran realizar la actividad hasta el arrecife, donde s\u00f3lo se puede llegar v\u00eda mar\u00edtima.<\/p>\n","protected":false},"excerpt":{"rendered":"<p>(Redacci\u00f3n) Actualmente el proyecto cuenta con m\u00e1s de mil 850 fragmentos de corales, de los cuales mil 500 se encuentran en la l\u00ednea de costa de Chankanaab y 350 en Punta Sur Cozumel, Quintana Roo 10 de julio 2023.-Para fortalecer la cultura del cuidado del medio ambiente entre ni\u00f1as, ni\u00f1os y j\u00f3venes, la Fundaci\u00f3n de [&hellip;]<\/p>\n","protected":false},"author":1,"featured_media":225533,"comment_status":"open","ping_status":"open","sticky":false,"template":"","format":"standard","meta":{"footnotes":""},"categories":[3],"tags":[],"class_list":["post-225532","post","type-post","status-publish","format-standard","has-post-thumbnail","hentry","category-quintana-roo","entry","has-media"],"jetpack_featured_media_url":"http:\/\/vertienteglobal.com\/wp-content\/uploads\/2023\/07\/FB_IMG_1689042081567.jpg","_links":{"self":[{"href":"http:\/\/vertienteglobal.com\/index.php?rest_route=\/wp\/v2\/posts\/225532","targetHints":{"allow":["GET"]}}],"collection":[{"href":"http:\/\/vertienteglobal.com\/index.php?rest_route=\/wp\/v2\/posts"}],"about":[{"href":"http:\/\/vertienteglobal.com\/index.php?rest_route=\/wp\/v2\/types\/post"}],"author":[{"embeddable":true,"href":"http:\/\/vertienteglobal.com\/index.php?rest_route=\/wp\/v2\/users\/1"}],"replies":[{"embeddable":true,"href":"http:\/\/vertienteglobal.com\/index.php?rest_route=%2Fwp%2Fv2%2Fcomments&post=225532"}],"version-history":[{"count":0,"href":"http:\/\/vertienteglobal.com\/index.php?rest_route=\/wp\/v2\/posts\/225532\/revisions"}],"wp:featuredmedia":[{"embeddable":true,"href":"http:\/\/vertienteglobal.com\/index.php?rest_route=\/wp\/v2\/media\/225533"}],"wp:attachment":[{"href":"http:\/\/vertienteglobal.com\/index.php?rest_route=%2Fwp%2Fv2%2Fmedia&parent=225532"}],"wp:term":[{"taxonomy":"category","embeddable":true,"href":"http:\/\/vertienteglobal.com\/index.php?rest_route=%2Fwp%2Fv2%2Fcategories&post=225532"},{"taxonomy":"post_tag","embeddable":true,"href":"http:\/\/vertienteglobal.com\/index.php?rest_route=%2Fwp%2Fv2%2Ftags&post=225532"}],"curies":[{"name":"wp","href":"https:\/\/api.w.org\/{rel}","templated":true}]}}